{"id":448640,"date":"2021-07-22T11:52:17","date_gmt":"2021-07-22T14:52:17","guid":{"rendered":"https:\/\/www.cnbb.org.br\/?p=448640"},"modified":"2021-07-22T11:52:48","modified_gmt":"2021-07-22T14:52:48","slug":"sobre-santana-e-sao-joaquim","status":"publish","type":"post","link":"https:\/\/www.cnbb.org.br\/sobre-santana-e-sao-joaquim\/","title":{"rendered":"Sobre Sant\u2019Ana e S\u00e3o Joaquim"},"content":{"rendered":"<p style=\"text-align: right;\"><strong>Dom Jaime Vieira Rocha<\/strong><br \/>\n<strong>Arcebispo de Natal (RN)<\/strong><\/p>\n<p>&nbsp;<\/p>\n<p style=\"text-align: justify;\">\u00a0\u00a0\u00a0\u00a0\u00a0\u00a0\u00a0\u00a0\u00a0\u00a0\u00a0 Neste m\u00eas de julho, comemoramos Sant\u2019Ana e S\u00e3o Joaquim, pais de Nossa Senhora, av\u00f3s de Jesus. \u00c9 um m\u00eas especial para lembrarmos os nossos av\u00f3s e nossos idosos. Neste ano, com uma men\u00e7\u00e3o honrosa, pois Papa Francisco instituiu o \u201cDia Mundial dos Av\u00f3s e dos Idosos\u201d, a ser celebrado no \u00faltimo domingo de julho.<\/p>\n<p style=\"text-align: justify;\">\u00a0\u00a0\u00a0\u00a0\u00a0\u00a0\u00a0\u00a0\u00a0\u00a0\u00a0 Embora n\u00e3o tenhamos not\u00edcias sobre os pais da M\u00e3e de Jesus nos escritos do Novo Testamento, sabemos de seus nomes por meio dos livros denominados \u201cap\u00f3crifos\u201d (livros considerados \u201cn\u00e3o-can\u00f4nicos\u201d, isto \u00e9, n\u00e3o fazem parte da lista dos livros inspirados), como o livro \u201cProto-evangelho de Tiago\u201d, do s\u00e9culo II. Este livro conta a hist\u00f3ria de Ana e Joaquim. Ana, sendo est\u00e9ril, concebe Maria, e a leva, aos tr\u00eas anos, ao Templo para ser dedicada ao servi\u00e7o divino. De fato, n\u00f3s comemoramos no dia 21 de novembro a festa desta \u201capresenta\u00e7\u00e3o\u201d de Maria ao Templo, feita por Sant\u2019Ana, da\u00ed o nome de nossa Padroeira, Nossa Senhora da Apresenta\u00e7\u00e3o. O culto aos pais de Nossa Senhora \u00e9 muito antigo, especialmente entre os gregos, a partir do s\u00e9culo VI, tendo um desenvolvimento nos s\u00e9culos XV-XVI. Sant\u2019Ana \u00e9 muito cultuada na regi\u00e3o do Serid\u00f3, no nosso Estado. A honra que lhe \u00e9 devida por ser a m\u00e3e da Virgem Maria, assim inclu\u00edda na Hist\u00f3ria da Salva\u00e7\u00e3o, faz-nos venerar esta mulher de f\u00e9, piedosa israelita que, com seu esposo, Joaquim, fazem parte do povo eleito, o povo de Israel, dentro do qual nasce o Filho de Deus que se fez homem.<\/p>\n<p style=\"text-align: justify;\">\u00a0\u00a0\u00a0\u00a0\u00a0\u00a0\u00a0\u00a0\u00a0\u00a0\u00a0 Por serem os av\u00f3s de Jesus, e isso tem um forte cunho antropol\u00f3gico e teol\u00f3gico, pois d\u00e1 consist\u00eancia ao fato fundamental do Cristianismo, a Encarna\u00e7\u00e3o do Verbo, tamb\u00e9m lembramos os av\u00f3s e idosos. E, na sensibilidade pastoral de Papa Francisco, tal recorda\u00e7\u00e3o deve inspirar-nos a que nunca deixemos de olhar, cuidar, integrar e aprender com os nossos idosos. Al\u00e9m de que, recordando a realidade dos av\u00f3s, hoje n\u00e3o mais visto como estritamente reservada aos idosos, h\u00e1 muitos av\u00f3s \u201cjovens\u201d, no sentido de se tornam av\u00f3s mais cedo, por\u00e9m, com a mesma singeleza de quem deposita aos filhos de seus filhos, aquela ternura que nos encanta e afaga.<\/p>\n<p style=\"text-align: justify;\">\u00a0\u00a0\u00a0\u00a0\u00a0\u00a0\u00a0\u00a0\u00a0\u00a0\u00a0 Com o lema: \u201cEu estou contigo todos os dias\u201d, o Papa Francisco enviou mensagem para o Dia Mundial dos Av\u00f3s e dos Idosos\u201d, cuja primeira celebra\u00e7\u00e3o ocorrer\u00e1 no dia 25 de julho, lembrando que o Senhor envia sempre \u201canjos\u201d para acompanhar, ajudar e fortalecer: \u201cOra, mesmo quando tudo parece escuro, como nestes meses de pandemia, o Senhor continua a enviar\u00a0<em>anjos<\/em>\u00a0para consolar a nossa solid\u00e3o repetindo-nos: \u2018Eu estou contigo todos os dias\u2019. Di-lo a ti, di-lo a mim, a todos. Est\u00e1 aqui o sentido deste Dia Mundial que eu quis celebrado pela primeira vez precisamente neste ano, depois dum longo isolamento e com uma retomada ainda lenta da vida social: oxal\u00e1 cada av\u00f4, cada idoso<strong>,<\/strong>\u00a0cada av\u00f3, cada idosa \u2013 especialmente quem dentre v\u00f3s est\u00e1 mais sozinho \u2013 receba a visita de um\u00a0<em>anjo<\/em>! Este anjo, algumas vezes, ter\u00e1 o rosto dos nossos netos; outras vezes, dos familiares, dos amigos de longa data ou conhecidos precisamente neste momento dif\u00edcil\u201d.<\/p>\n<p style=\"text-align: justify;\">\u00a0\u00a0\u00a0\u00a0\u00a0\u00a0\u00a0\u00a0\u00a0\u00a0\u00a0 Celebremos os pais de Nossa Senhora. Cuidemos e honremos nossos av\u00f3s e nossos idosos!<\/p>\n<p>&nbsp;<\/p>\n<p>&nbsp;<\/p>\n<p>&nbsp;<\/p>\n<p>&nbsp;<\/p>\n","protected":false},"excerpt":{"rendered":"<p>Dom Jaime Vieira Rocha Arcebispo de Natal (RN) &nbsp; \u00a0\u00a0\u00a0\u00a0\u00a0\u00a0\u00a0\u00a0\u00a0\u00a0\u00a0 Neste m\u00eas de julho, comemoramos Sant\u2019Ana e S\u00e3o Joaquim, pais de Nossa Senhora, av\u00f3s de Jesus. \u00c9 um m\u00eas especial para lembrarmos os nossos av\u00f3s e nossos idosos. Neste ano, com uma men\u00e7\u00e3o honrosa, pois Papa Francisco instituiu o \u201cDia Mundial dos Av\u00f3s e dos &hellip;<\/p>\n<p class=\"read-more\"> <a class=\"\" href=\"https:\/\/www.cnbb.org.br\/sobre-santana-e-sao-joaquim\/\"> <span class=\"screen-reader-text\">Sobre Sant\u2019Ana e S\u00e3o Joaquim<\/span> Leia mais &raquo;<\/a><\/p>\n","protected":false},"author":19,"featured_media":0,"comment_status":"open","ping_status":"open","sticky":false,"template":"","format":"standard","meta":{"site-sidebar-layout":"default","site-content-layout":"default","ast-global-header-display":"","ast-banner-title-visibility":"","ast-main-header-display":"","ast-hfb-above-header-display":"","ast-hfb-below-header-display":"","ast-hfb-mobile-header-display":"","site-post-title":"","ast-breadcrumbs-content":"","ast-featured-img":"","footer-sml-layout":"","theme-transparent-header-meta":"default","adv-header-id-meta":"","stick-header-meta":"","header-above-stick-meta":"","header-main-stick-meta":"","header-below-stick-meta":""},"categories":[758,1837],"tags":[],"acf":[],"_links":{"self":[{"href":"https:\/\/www.cnbb.org.br\/cnbb-app\/wp\/v2\/posts\/448640"}],"collection":[{"href":"https:\/\/www.cnbb.org.br\/cnbb-app\/wp\/v2\/posts"}],"about":[{"href":"https:\/\/www.cnbb.org.br\/cnbb-app\/wp\/v2\/types\/post"}],"author":[{"embeddable":true,"href":"https:\/\/www.cnbb.org.br\/cnbb-app\/wp\/v2\/users\/19"}],"replies":[{"embeddable":true,"href":"https:\/\/www.cnbb.org.br\/cnbb-app\/wp\/v2\/comments?post=448640"}],"version-history":[{"count":0,"href":"https:\/\/www.cnbb.org.br\/cnbb-app\/wp\/v2\/posts\/448640\/revisions"}],"wp:attachment":[{"href":"https:\/\/www.cnbb.org.br\/cnbb-app\/wp\/v2\/media?parent=448640"}],"wp:term":[{"taxonomy":"category","embeddable":true,"href":"https:\/\/www.cnbb.org.br\/cnbb-app\/wp\/v2\/categories?post=448640"},{"taxonomy":"post_tag","embeddable":true,"href":"https:\/\/www.cnbb.org.br\/cnbb-app\/wp\/v2\/tags?post=448640"}],"curies":[{"name":"wp","href":"https:\/\/api.w.org\/{rel}","templated":true}]}}