{"id":449460,"date":"2021-07-22T15:06:21","date_gmt":"2021-07-22T18:06:21","guid":{"rendered":"https:\/\/www.cnbb.org.br\/?p=449460"},"modified":"2021-07-22T15:10:28","modified_gmt":"2021-07-22T18:10:28","slug":"mutirao-2021-participantes-falam-sobre-suas-expectativas-para-o-maior-evento-de-comunicacao-eclesial-do-pais","status":"publish","type":"post","link":"https:\/\/www.cnbb.org.br\/mutirao-2021-participantes-falam-sobre-suas-expectativas-para-o-maior-evento-de-comunicacao-eclesial-do-pais\/","title":{"rendered":"Mutir\u00e3o 2021: participantes falam sobre suas expectativas para o maior evento de comunica\u00e7\u00e3o eclesial do pa\u00eds"},"content":{"rendered":"<p style=\"text-align: justify;\">Nos pr\u00f3ximos dias 23 e 24 de julho acontece o Mutir\u00e3o de Comunica\u00e7\u00e3o, maior evento de comunica\u00e7\u00e3o eclesial do pa\u00eds. Em sua 12\u00aa edi\u00e7\u00e3o, de forma totalmente online, o evento conta com mais de 5 mil inscritos, em 6 confer\u00eancias, apresenta\u00e7\u00f5es culturais, reflex\u00f5es e di\u00e1logos. A tem\u00e1tica principal ser\u00e1 <strong>\u201cPor uma comunica\u00e7\u00e3o integral: o humano nos novos ecossistemas\u201d.<\/strong><\/p>\n<p style=\"text-align: justify;\">O portal da CNBB conversou com alguns inscritos no evento para saber sobre suas expectativas. Everton Barbosa, assessor de comunica\u00e7\u00e3o da Arquidiocese de Maring\u00e1 (PR) e apresentador do programa Bispos do Brasil, pela TV Evangelizar, participou do \u00faltimo Mutir\u00e3o em Goi\u00e2nia (GO), ainda presencial. Ele contou que a expectativa para este \u00e9 diferente:<\/p>\n<blockquote>\n<p style=\"text-align: justify;\">&#8220;Surge uma alegria em nosso cora\u00e7\u00e3o ao poder ver o rosto de tantos amigos comunicadores deste Brasil. Por outro lado, tamb\u00e9m h\u00e1 um sentimento ainda n\u00e3o trabalhado, que \u00e9 dif\u00edcil descrever. Um misto de tristeza pela perda de tantos amigos comunicadores, por causa da Covid-19, mas de esperan\u00e7a por uma comunica\u00e7\u00e3o renovada, a partir da verdadeira solidariedade. Ser\u00e1 um momento marcante, de profunda reflex\u00e3o por uma comunica\u00e7\u00e3o humanizada. O Muticom nos d\u00e1 esperan\u00e7a&#8221;, disse.<\/p>\n<\/blockquote>\n<p style=\"text-align: justify;\">Padre Lu\u00eds Modino, jornalista no regional Norte 1 da CNBB, disse que \u00e9 a primeira vez que ir\u00e1 participar do Mutir\u00e3o. Para ele, o evento \u00e9 muito importante na comunica\u00e7\u00e3o da Igreja. &#8220;Comunicar \u00e9 algo que a Igreja n\u00e3o pode deixar de lado, pois na medida em que comunicamos anunciamos a not\u00edcia, e n\u00f3s como disc\u00edpulos de Jesus Cristo, somos chamados a anunciar a boa not\u00edcia do Evangelho&#8221;, disse.<\/p>\n<blockquote>\n<p style=\"text-align: justify;\">&#8220;Quando a gente faz uma boa comunica\u00e7\u00e3o, estamos fazendo uma boa evangeliza\u00e7\u00e3o. Tamb\u00e9m tomar consci\u00eancia de que comunicamos em nome da Igreja e por isso caminhar com a CNBB e com a Comiss\u00e3o para a Comunica\u00e7\u00e3o \u00e9 uma atitude que nos ajuda a viver essa comunh\u00e3o e a estabelecer redes e comunidades que fazem com que aquilo que acontece nos diferentes lugares do Brasil seja espalhado e possa ajudar a construir uma Igreja onde todos sejamos protagonistas, e possa ser vivida a sinodalidade e comunh\u00e3o que devem estar presentes em nossa caminhada&#8221;, finalizou.<\/p>\n<\/blockquote>\n<p style=\"text-align: justify;\">Apesar de j\u00e1 ter participado de outros eventos regionais e nacionais de comunica\u00e7\u00e3o, esta ser\u00e1 a primeira experi\u00eancia da Thalia Gon\u00e7alves, jornalista na arquidiocese de Mariana (MG), no Mutir\u00e3o de Comunica\u00e7\u00e3o:<\/p>\n<blockquote>\n<p style=\"text-align: justify;\">&#8220;Por isso, estou ansiosa para o evento. Acredito que ser\u00e1 uma experi\u00eancia enriquecedora de discutirmos, \u00e0 luz do Evangelho, sobre pr\u00e1ticas a fim de construirmos uma comunica\u00e7\u00e3o que seja integral, acolhedora, emp\u00e1tica e respons\u00e1vel&#8221;, disse.<\/p>\n<\/blockquote>\n<h4><strong>Transmiss\u00f5es nas Redes Sociais<\/strong><\/h4>\n<p style=\"text-align: justify;\">O evento ser\u00e1 transmitido nas redes sociais da CNBB (@cnbbnacional)\u00a0 e do Mutir\u00e3o de Comunica\u00e7\u00e3o.<\/p>\n<p style=\"text-align: justify;\">23\/07 &#8211; Ora\u00e7\u00e3o e Solenidade de Abertura, 17h<br \/>\n24\/07 &#8211; An\u00fancio dos finalistas dos Pr\u00eamios de Comunica\u00e7\u00e3o da CNBB e entrevista sobre a conclus\u00e3o com dom Joaquim Giovani Mol, \u00e0s 17h30<\/p>\n<div id='gallery-1' class='gallery galleryid-449460 gallery-columns-2 gallery-size-thumbnail'><figure class='gallery-item'>\n\t\t\t<div class='gallery-icon landscape'>\n\t\t\t\t<a href='https:\/\/www.cnbb.org.br\/wp-content\/uploads\/2021\/07\/WhatsApp-Image-2021-07-22-at-11.46.49.jpeg' title=\"\" data-rl_title=\"\" class=\"rl-gallery-link\" data-rl_caption=\"\" data-rel=\"lightbox-gallery-1\"><img width=\"150\" height=\"150\" src=\"https:\/\/www.cnbb.org.br\/wp-content\/uploads\/2021\/07\/WhatsApp-Image-2021-07-22-at-11.46.49-150x150.jpeg\" class=\"attachment-thumbnail size-thumbnail\" alt=\"\" decoding=\"async\" loading=\"lazy\" srcset=\"https:\/\/www.cnbb.org.br\/wp-content\/uploads\/2021\/07\/WhatsApp-Image-2021-07-22-at-11.46.49-150x150.jpeg 150w, https:\/\/www.cnbb.org.br\/wp-content\/uploads\/2021\/07\/WhatsApp-Image-2021-07-22-at-11.46.49-300x300.jpeg 300w, https:\/\/www.cnbb.org.br\/wp-content\/uploads\/2021\/07\/WhatsApp-Image-2021-07-22-at-11.46.49-1024x1024.jpeg 1024w, https:\/\/www.cnbb.org.br\/wp-content\/uploads\/2021\/07\/WhatsApp-Image-2021-07-22-at-11.46.49-768x767.jpeg 768w, https:\/\/www.cnbb.org.br\/wp-content\/uploads\/2021\/07\/WhatsApp-Image-2021-07-22-at-11.46.49-800x800.jpeg 800w, https:\/\/www.cnbb.org.br\/wp-content\/uploads\/2021\/07\/WhatsApp-Image-2021-07-22-at-11.46.49-500x500.jpeg 500w, https:\/\/www.cnbb.org.br\/wp-content\/uploads\/2021\/07\/WhatsApp-Image-2021-07-22-at-11.46.49.jpeg 1081w\" sizes=\"(max-width: 150px) 100vw, 150px\" \/><\/a>\n\t\t\t<\/div><\/figure><figure class='gallery-item'>\n\t\t\t<div class='gallery-icon landscape'>\n\t\t\t\t<a href='https:\/\/www.cnbb.org.br\/wp-content\/uploads\/2021\/07\/WhatsApp-Image-2021-07-22-at-11.46.48.jpeg' title=\"\" data-rl_title=\"\" class=\"rl-gallery-link\" data-rl_caption=\"\" data-rel=\"lightbox-gallery-1\"><img width=\"150\" height=\"150\" src=\"https:\/\/www.cnbb.org.br\/wp-content\/uploads\/2021\/07\/WhatsApp-Image-2021-07-22-at-11.46.48-150x150.jpeg\" class=\"attachment-thumbnail size-thumbnail\" alt=\"\" decoding=\"async\" loading=\"lazy\" srcset=\"https:\/\/www.cnbb.org.br\/wp-content\/uploads\/2021\/07\/WhatsApp-Image-2021-07-22-at-11.46.48-150x150.jpeg 150w, https:\/\/www.cnbb.org.br\/wp-content\/uploads\/2021\/07\/WhatsApp-Image-2021-07-22-at-11.46.48-300x300.jpeg 300w, https:\/\/www.cnbb.org.br\/wp-content\/uploads\/2021\/07\/WhatsApp-Image-2021-07-22-at-11.46.48-1024x1024.jpeg 1024w, https:\/\/www.cnbb.org.br\/wp-content\/uploads\/2021\/07\/WhatsApp-Image-2021-07-22-at-11.46.48-768x767.jpeg 768w, https:\/\/www.cnbb.org.br\/wp-content\/uploads\/2021\/07\/WhatsApp-Image-2021-07-22-at-11.46.48-800x800.jpeg 800w, https:\/\/www.cnbb.org.br\/wp-content\/uploads\/2021\/07\/WhatsApp-Image-2021-07-22-at-11.46.48-500x500.jpeg 500w, https:\/\/www.cnbb.org.br\/wp-content\/uploads\/2021\/07\/WhatsApp-Image-2021-07-22-at-11.46.48.jpeg 1081w\" sizes=\"(max-width: 150px) 100vw, 150px\" \/><\/a>\n\t\t\t<\/div><\/figure>\n\t\t<\/div>\n\n<blockquote><p>&#8220;Finalmente chegou nosso t\u00e3o esperado Mutir\u00e3o de Comunica\u00e7\u00e3o 2021. Mais de 5600 comunicadores de todo o Brasil se inscreveram. \u00c9 um n\u00famero recorde. Pe\u00e7o a ora\u00e7\u00e3o de todos para o sucesso do evento&#8221;, exortou a assessora de Comunica\u00e7\u00e3o da CNBB, Manuela Castro.<\/p><\/blockquote>\n<p>&nbsp;<\/p>\n","protected":false},"excerpt":{"rendered":"<p>Nos pr\u00f3ximos dias 23 e 24 de julho acontece o Mutir\u00e3o de Comunica\u00e7\u00e3o, maior evento de comunica\u00e7\u00e3o eclesial do pa\u00eds. Em sua 12\u00aa edi\u00e7\u00e3o, de forma totalmente online, o evento conta com mais de 5 mil inscritos, em 6 confer\u00eancias, apresenta\u00e7\u00f5es culturais, reflex\u00f5es e di\u00e1logos. Confira alguns depoimentos dos que se inscreveram para o evento. <\/p>\n","protected":false},"author":83,"featured_media":449728,"comment_status":"open","ping_status":"open","sticky":false,"template":"","format":"standard","meta":{"site-sidebar-layout":"default","site-content-layout":"default","ast-global-header-display":"","ast-banner-title-visibility":"","ast-main-header-display":"","ast-hfb-above-header-display":"","ast-hfb-below-header-display":"","ast-hfb-mobile-header-display":"","site-post-title":"","ast-breadcrumbs-content":"","ast-featured-img":"","footer-sml-layout":"","theme-transparent-header-meta":"default","adv-header-id-meta":"","stick-header-meta":"","header-above-stick-meta":"","header-main-stick-meta":"","header-below-stick-meta":""},"categories":[878,50],"tags":[2287,3126,3806],"acf":[],"_links":{"self":[{"href":"https:\/\/www.cnbb.org.br\/cnbb-app\/wp\/v2\/posts\/449460"}],"collection":[{"href":"https:\/\/www.cnbb.org.br\/cnbb-app\/wp\/v2\/posts"}],"about":[{"href":"https:\/\/www.cnbb.org.br\/cnbb-app\/wp\/v2\/types\/post"}],"author":[{"embeddable":true,"href":"https:\/\/www.cnbb.org.br\/cnbb-app\/wp\/v2\/users\/83"}],"replies":[{"embeddable":true,"href":"https:\/\/www.cnbb.org.br\/cnbb-app\/wp\/v2\/comments?post=449460"}],"version-history":[{"count":0,"href":"https:\/\/www.cnbb.org.br\/cnbb-app\/wp\/v2\/posts\/449460\/revisions"}],"wp:featuredmedia":[{"embeddable":true,"href":"https:\/\/www.cnbb.org.br\/cnbb-app\/wp\/v2\/media\/449728"}],"wp:attachment":[{"href":"https:\/\/www.cnbb.org.br\/cnbb-app\/wp\/v2\/media?parent=449460"}],"wp:term":[{"taxonomy":"category","embeddable":true,"href":"https:\/\/www.cnbb.org.br\/cnbb-app\/wp\/v2\/categories?post=449460"},{"taxonomy":"post_tag","embeddable":true,"href":"https:\/\/www.cnbb.org.br\/cnbb-app\/wp\/v2\/tags?post=449460"}],"curies":[{"name":"wp","href":"https:\/\/api.w.org\/{rel}","templated":true}]}}