{"id":515306,"date":"2021-07-29T12:13:30","date_gmt":"2021-07-29T15:13:30","guid":{"rendered":"https:\/\/www.cnbb.org.br\/?p=515306"},"modified":"2021-07-29T12:13:30","modified_gmt":"2021-07-29T15:13:30","slug":"setor-de-musica-liturgica-da-cnbb-disponibiliza-traducoes-do-gregoriano-ao-portugues-da-ladainha-de-sao-jose","status":"publish","type":"post","link":"https:\/\/www.cnbb.org.br\/setor-de-musica-liturgica-da-cnbb-disponibiliza-traducoes-do-gregoriano-ao-portugues-da-ladainha-de-sao-jose\/","title":{"rendered":"Setor de M\u00fasica Lit\u00fargica da CNBB disponibiliza tradu\u00e7\u00f5es do gregoriano ao portugu\u00eas da Ladainha de S\u00e3o Jos\u00e9"},"content":{"rendered":"<p style=\"text-align: justify;\">A Congrega\u00e7\u00e3o para o Culto Divino e Disciplina dos Sacramentos do Vaticano enviou carta \u00e0 Confer\u00eancia Nacional dos Bispos do Brasil (CNBB) com o pedido de tradu\u00e7\u00e3o da Ladainha de S\u00e3o Jos\u00e9 \u00e0 l\u00edngua portuguesa e sua posterior publica\u00e7\u00e3o.<\/p>\n<p style=\"text-align: justify;\">O tarefa foi delegada ao Setor de M\u00fasica Lit\u00fargica, pertencente a Comiss\u00e3o para a Liturgia da CNBB, sob a coordena\u00e7\u00e3o do irm\u00e3o jesu\u00edta Fernando Vieira. O resultado final, de acordo com o religioso, j\u00e1 foi aprovado tamb\u00e9m pela Comiss\u00e3o de Textos Lit\u00fargicos (Cetel) da entidade.<\/p>\n<blockquote><p>&#8220;A gente disponibiliza este trabalho como um servi\u00e7o \u00e0 Igreja no Brasil na inten\u00e7\u00e3o de melhor celebrarmos o ano dedicado \u00e0 S\u00e3o Jos\u00e9, patrono da da Igreja Universal. N\u00e3o apenas traduzimos o original, como tamb\u00e9m estamos oferecendo duas vers\u00f5es mais modernos inspiradas no canto gregoriano&#8221;, disse.<\/p><\/blockquote>\n<p style=\"text-align: justify;\">Colaboraram nesta tradu\u00e7\u00e3o o doutor em m\u00fasica sacra com especializa\u00e7\u00e3o em canto gregoriano, o professor Clayton J\u00fanior Dias e tamb\u00e9m o frei Wanderson Luiz Freitas e o frei Telles Ramon do Nascimento. Al\u00e9m das partituras traduzidas e das vers\u00f5es mais modernas, nos downloads abaixo, \u00e9 ofertado o aparato cr\u00edtico ao canto gregoriano e tamb\u00e9m dois arquivos em \u00e1udio com as m\u00fasicas.<\/p>\n<p style=\"text-align: justify;\">A inten\u00e7\u00e3o da \u00a0Congrega\u00e7\u00e3o para o Culto Divino e Disciplina dos Sacramentos do Vaticano \u00e9 \u201caumentar o amor por este grande Santo, motivar a implorar sua intercess\u00e3o e imitar suas virtudes e seu \u00edmpeto\u201d. Por \u00a0ocasi\u00e3o do cent\u00e9simo quinquag\u00e9simo anivers\u00e1rio da declara\u00e7\u00e3o de S\u00e3o Jos\u00e9 como patrono da Igreja universal, o Santo Padre Francisco tornou conhecida a Carta Apost\u00f3lica Patris Corde.<\/p>\n<p style=\"text-align: justify;\">Sob esta luz, a pareceu apropriado atualizar a Ladainha em homenagem a S\u00e3o Jos\u00e9, aprovada em 1909 pela S\u00e9 Apost\u00f3lica (cf. AAS 1 [1909] 290-292), integrando sete invoca\u00e7\u00f5es extra\u00eddas das interven\u00e7\u00f5es dos Papas que refletiram sobre aspetos da figura do Patrono da Igreja universal. As novas invoca\u00e7\u00f5es foram apresentadas ao Santo Padre Francisco que aprovou sua integra\u00e7\u00e3o \u00e0 Ladainha de S\u00e3o Jos\u00e9.<\/p>\n<p><strong>Segue, abaixo, os arquivos para download:<\/strong><\/p>\n<p>1 &#8211; <a href=\"https:\/\/www.cnbb.org.br\/wp-content\/uploads\/2021\/07\/1-Litania-em-honra-a-Sao-Jose-Frei-Telles-partitura.pdf\">Litania em honra a S\u00e3o Jos\u00e9 &#8211; Frei Telles<\/a><\/p>\n<p>2 &#8211; <a href=\"https:\/\/cnbbne3-my.sharepoint.com\/personal\/imprensa_cnbb_org_br\/_layouts\/15\/onedrive.aspx?id=%2Fpersonal%2Fimprensa%5Fcnbb%5Forg%5Fbr%2FDocuments%2FTodos%20os%20arquivos%20%2D%20Imprensa%2FAnexos%2FCNBB%5FLitania%20em%20honra%20a%20Sao%20Jose%20%2D%20Frei%20Wanderson%20%2D%20audio%2Emp3&amp;parent=%2Fpersonal%2Fimprensa%5Fcnbb%5Forg%5Fbr%2FDocuments%2FTodos%20os%20arquivos%20%2D%20Imprensa%2FAnexos&amp;originalPath=aHR0cHM6Ly9jbmJibmUzLW15LnNoYXJlcG9pbnQuY29tLzp1Oi9nL3BlcnNvbmFsL2ltcHJlbnNhX2NuYmJfb3JnX2JyL0VRV2RISWZMZXA5R2xNREt4SG1SdUpnQmZ3NzItaDAxcGh1VHhWeC1KYXJFS1E%5FcnRpbWU9ejJRT0xxTlMyVWc\" target=\"_blank\" rel=\"noopener\">Litania em honra a S\u00e3o Jos\u00e9 &#8211; Frei Wanderson &#8211; \u00e1udio mp3<\/a><\/p>\n<p>3 &#8211; <a href=\"https:\/\/www.cnbb.org.br\/wp-content\/uploads\/2021\/07\/3-Litania-em-honra-a-Sao-Jose-Frei-Wanderson-partitura.pdf\">Litania em honra a S\u00e3o Jos\u00e9 &#8211; Frei Wanderson &#8211; partitura<\/a><\/p>\n<p>4 &#8211;<a href=\"https:\/\/www.cnbb.org.br\/wp-content\/uploads\/2021\/07\/4-Litania-em-honra-a-Sao-Jose-Gregoriano-aparatro-critico.pdf\"> Aparato cr\u00edtico \u00e0 Litania em honra a S\u00e3o Jos\u00e9 &#8211; Gregoriano<\/a><\/p>\n<p>5 &#8211; <a href=\"https:\/\/www.cnbb.org.br\/wp-content\/uploads\/2021\/07\/5-Litania-em-honra-a-Sao-Jose-gregoriano-audio.mp3\">Litania em honra a S\u00e3o Jose &#8211; Gregoriano &#8211; \u00e1udio mp3<\/a><\/p>\n<p><a href=\"https:\/\/www.cnbb.org.br\/wp-content\/uploads\/2021\/07\/6-Litania-em-honra-a-Sao-Jose-gregoriano-canto-e-orgao.pdf\">6 &#8211; Litania em honra a S\u00e3o Jos\u00e9 &#8211; Gregoriano &#8211; Canto e \u00d3rg\u00e3o<\/a><\/p>\n<p>7 &#8211; <a href=\"https:\/\/www.cnbb.org.br\/wp-content\/uploads\/2021\/07\/7-Litania-em-honra-a-Sao-Jose-gregoriano-notacao-quadrada.pdf\">Litania em honra a S\u00e3o Jos\u00e9 &#8211; Gregoriano &#8211; Nota\u00e7\u00e3o quadrada<\/a><\/p>\n<p>8 &#8211; <a href=\"https:\/\/www.cnbb.org.br\/wp-content\/uploads\/2021\/07\/8-Litania-em-honra-a-Sao-Jose-texto-traducao.docx\">Litania em honra a S\u00e3o Jos\u00e9 &#8211; Tradu\u00e7\u00e3o do texto\u00a0<\/a><br \/>\n9 &#8211; <a href=\"https:\/\/www.cnbb.org.br\/wp-content\/uploads\/2021\/07\/9-LITANIAE-S.-IOSEPH-ALLEGATO-texto-original.pdf\">Litaniae S. Ioseph Allegato &#8211; Texto original<\/a><\/p>\n<p>&nbsp;<\/p>\n","protected":false},"excerpt":{"rendered":"<p>A Congrega\u00e7\u00e3o para o Culto Divino e Disciplina dos Sacramentos do Vaticano enviou carta \u00e0 Confer\u00eancia Nacional dos Bispos do Brasil (CNBB) com o pedido de tradu\u00e7\u00e3o da Ladainha de S\u00e3o Jos\u00e9 \u00e0 l\u00edngua portuguesa e sua posterior publica\u00e7\u00e3o. O tarefa foi delegada ao Setor de M\u00fasica Lit\u00fargica, pertencente a Comiss\u00e3o para a Liturgia da &hellip;<\/p>\n<p class=\"read-more\"> <a class=\"\" href=\"https:\/\/www.cnbb.org.br\/setor-de-musica-liturgica-da-cnbb-disponibiliza-traducoes-do-gregoriano-ao-portugues-da-ladainha-de-sao-jose\/\"> <span class=\"screen-reader-text\">Setor de M\u00fasica Lit\u00fargica da CNBB disponibiliza tradu\u00e7\u00f5es do gregoriano ao portugu\u00eas da Ladainha de S\u00e3o Jos\u00e9<\/span> Leia mais &raquo;<\/a><\/p>\n","protected":false},"author":83,"featured_media":516486,"comment_status":"open","ping_status":"open","sticky":false,"template":"","format":"standard","meta":{"site-sidebar-layout":"default","site-content-layout":"default","ast-global-header-display":"","ast-banner-title-visibility":"","ast-main-header-display":"","ast-hfb-above-header-display":"","ast-hfb-below-header-display":"","ast-hfb-mobile-header-display":"","site-post-title":"","ast-breadcrumbs-content":"","ast-featured-img":"","footer-sml-layout":"","theme-transparent-header-meta":"default","adv-header-id-meta":"","stick-header-meta":"","header-above-stick-meta":"","header-main-stick-meta":"","header-below-stick-meta":""},"categories":[1841,859],"tags":[3821,3822],"acf":[],"_links":{"self":[{"href":"https:\/\/www.cnbb.org.br\/cnbb-app\/wp\/v2\/posts\/515306"}],"collection":[{"href":"https:\/\/www.cnbb.org.br\/cnbb-app\/wp\/v2\/posts"}],"about":[{"href":"https:\/\/www.cnbb.org.br\/cnbb-app\/wp\/v2\/types\/post"}],"author":[{"embeddable":true,"href":"https:\/\/www.cnbb.org.br\/cnbb-app\/wp\/v2\/users\/83"}],"replies":[{"embeddable":true,"href":"https:\/\/www.cnbb.org.br\/cnbb-app\/wp\/v2\/comments?post=515306"}],"version-history":[{"count":0,"href":"https:\/\/www.cnbb.org.br\/cnbb-app\/wp\/v2\/posts\/515306\/revisions"}],"wp:featuredmedia":[{"embeddable":true,"href":"https:\/\/www.cnbb.org.br\/cnbb-app\/wp\/v2\/media\/516486"}],"wp:attachment":[{"href":"https:\/\/www.cnbb.org.br\/cnbb-app\/wp\/v2\/media?parent=515306"}],"wp:term":[{"taxonomy":"category","embeddable":true,"href":"https:\/\/www.cnbb.org.br\/cnbb-app\/wp\/v2\/categories?post=515306"},{"taxonomy":"post_tag","embeddable":true,"href":"https:\/\/www.cnbb.org.br\/cnbb-app\/wp\/v2\/tags?post=515306"}],"curies":[{"name":"wp","href":"https:\/\/api.w.org\/{rel}","templated":true}]}}