{"id":553910,"date":"2021-08-02T11:05:24","date_gmt":"2021-08-02T14:05:24","guid":{"rendered":"https:\/\/www.cnbb.org.br\/?p=553910"},"modified":"2021-08-02T11:06:17","modified_gmt":"2021-08-02T14:06:17","slug":"mes-vocacional-2021-primeira-semana-de-agosto-e-dedicada-aos-ministerios-ordenados","status":"publish","type":"post","link":"https:\/\/www.cnbb.org.br\/mes-vocacional-2021-primeira-semana-de-agosto-e-dedicada-aos-ministerios-ordenados\/","title":{"rendered":"M\u00eas Vocacional 2021: primeira semana de agosto \u00e9 dedicada aos minist\u00e9rios ordenados"},"content":{"rendered":"<p style=\"text-align: justify;\">Com o tema: <strong><em>\u201cCristo nos salva e nos envia\u201d<\/em><\/strong> e o lema \u00e9 <em><strong>\u201cQuem escuta a minha palavra possui a vida eterna\u201d<\/strong><\/em> (cf. Jo 5,24), a Igreja no Brasil celebra durante o m\u00eas de agosto, o M\u00eas Vocacional que \u00e9 um tempo dedicado \u00e0 ora\u00e7\u00e3o, reflex\u00e3o e a\u00e7\u00e3o nas comunidades com foco nas voca\u00e7\u00f5es. O tema deste ano vem da Exorta\u00e7\u00e3o Apost\u00f3lica P\u00f3s-Sinodal, <em>Christus Vivit<\/em> (Cristo vive), do Papa Francisco.<\/p>\n<p style=\"text-align: justify;\"><img decoding=\"async\" loading=\"lazy\" class=\" wp-image-554041 alignleft\" src=\"https:\/\/www.cnbb.org.br\/wp-content\/uploads\/2021\/08\/mes-vocacional-2021.jpg\" alt=\"\" width=\"297\" height=\"273\" srcset=\"https:\/\/www.cnbb.org.br\/wp-content\/uploads\/2021\/08\/mes-vocacional-2021.jpg 690w, https:\/\/www.cnbb.org.br\/wp-content\/uploads\/2021\/08\/mes-vocacional-2021-300x276-1.jpg 300w, https:\/\/www.cnbb.org.br\/wp-content\/uploads\/2021\/08\/mes-vocacional-2021-500x459-1.jpg 500w\" sizes=\"(max-width: 297px) 100vw, 297px\" \/>Cada domingo do m\u00eas \u00e9 dedicado \u00e0 celebra\u00e7\u00e3o de uma voca\u00e7\u00e3o espec\u00edfica &#8211; sacerd\u00f3cio e os minist\u00e9rios ordenados; fam\u00edlia; vida consagrada, e a voca\u00e7\u00e3o dos crist\u00e3os leigos e leigas \u2013 aqueles que dedicam suas vidas para os servi\u00e7os pastorais e mission\u00e1rios.<\/p>\n<p style=\"text-align: justify;\">A primeira semana de agosto \u00e9 dedicada aos minist\u00e9rios ordenados &#8211; as voca\u00e7\u00f5es dos di\u00e1conos, presb\u00edteros e bispos que tem a miss\u00e3o de servir a comunidade, a exemplo de Jesus Bom Pastor.<\/p>\n<p style=\"text-align: justify;\">Para celebrar essas voca\u00e7\u00f5es que testemunham o servi\u00e7o do pr\u00f3prio Senhor <em>\u201cque n\u00e3o veio para ser servido mas para servir e dar a sua vida em resgate de muitos\u201d<\/em> (Mt 20,28),\u00a0 a Pascom Brasil, vinculada a Comiss\u00e3o Episcopal Pastoral para a Comunica\u00e7\u00e3o da Confer\u00eancia Nacional dos Bispos do Brasil (CNBB), bateu um papo o padre Zezinho, que no m\u00eas de junho completou 80 anos.<\/p>\n<p style=\"text-align: justify;\">S\u00e3o mais de 50 anos de sacerd\u00f3cio, mais de 3000 composi\u00e7\u00f5es, 140 livros, al\u00e9m de artigos e entrevistas. Padre Zezinho conversou com o coordenador geral da Pascom Brasil, Marcus Tullius, e falou sobre desafios do minist\u00e9rio ordenado em nosso tempo.<\/p>\n<blockquote><p><img decoding=\"async\" loading=\"lazy\" class=\" wp-image-554015 alignright\" style=\"font-size: 16px; font-style: normal; text-align: justify;\" src=\"https:\/\/www.cnbb.org.br\/wp-content\/uploads\/2021\/08\/Padre-Zezinho.jpg\" alt=\"\" width=\"317\" height=\"194\" srcset=\"https:\/\/www.cnbb.org.br\/wp-content\/uploads\/2021\/08\/Padre-Zezinho.jpg 661w, https:\/\/www.cnbb.org.br\/wp-content\/uploads\/2021\/08\/Padre-Zezinho-300x184-1.jpg 300w, https:\/\/www.cnbb.org.br\/wp-content\/uploads\/2021\/08\/Padre-Zezinho-500x306-1.jpg 500w\" sizes=\"(max-width: 317px) 100vw, 317px\" \/>\u201cEu sou fruto de uma Igreja que mudava e continua mudando. Eu sou padre de uma Igreja em mudan\u00e7a. Ela n\u00e3o volta atr\u00e1s, tem muito que mudar ainda\u201d, diz padre Zezinho.<\/p><\/blockquote>\n<p style=\"text-align: justify;\">O M\u00eas Vocacional foi institu\u00eddo em 1981 durante a 19\u00aa Assembleia Geral da Confer\u00eancia Nacional dos Bispos do Brasil (CNBB). O objetivo era conscientizar as comunidades da responsabilidade no processo vocacional.<\/p>\n<p style=\"text-align: justify;\"><strong>Veja a entrevista completa:<\/strong><\/p>\n<div class=\"ast-oembed-container\" style=\"height: 100%;\">\n<div style=\"max-width: 1333px;\">\n<div style=\"left: 0; width: 100%; height: 0; position: relative; padding-bottom: 56.25%;\"><iframe title=\"M\u00eas vocacional: entrevista com Pe. Zezinho, scj\" src=\"https:\/\/www.youtube.com\/embed\/71Aon03x_LE?rel=0\" style=\"top: 0; left: 0; width: 100%; height: 100%; position: absolute; border: 0;\" allowfullscreen scrolling=\"no\" allow=\"accelerometer; clipboard-write; encrypted-media; gyroscope; picture-in-picture;\"><\/iframe><\/div>\n<\/div>\n<\/div>\n<h3 style=\"text-align: justify;\"><strong>Hora Vocacional<\/strong><\/h3>\n<p style=\"text-align: justify;\">O subs\u00eddio que animar\u00e1 o M\u00eas Vocacional de 2021 foi constru\u00eddo a v\u00e1rias m\u00e3os, envolvendo os organismos que comp\u00f5em a Comiss\u00e3o Episcopal Pastoral para os Minist\u00e9rios Ordenados e a Vida Consagrada da Confer\u00eancia Nacional dos Bispos do Brasil (CNBB), bem como outras Comiss\u00f5es da CNBB.\u00a0 Oferecendo uma riqueza de celebra\u00e7\u00f5es, o subs\u00eddio leva o nome de <strong>\u201cHora Vocacional\u201d<\/strong>, ou seja, momento orante de escuta da Palavra de Deus, leitura, medita\u00e7\u00e3o e contempla\u00e7\u00e3o rumo \u00e0 pr\u00e1xis vocacional.<\/p>\n<p style=\"text-align: justify;\">S\u00e3o seis roteiros de Leituras Orantes e cinco Rodas de Conversa, com temas relacionados \u00e0s voca\u00e7\u00f5es espec\u00edficas \u2013 crist\u00e3os leigos e leigas, fam\u00edlia, catequistas, miss\u00e3o, vida consagrada, minist\u00e9rio ordenado, anima\u00e7\u00e3o vocacional da juventude. Al\u00e9m disso, o subs\u00eddio oferece uma proposta de Ter\u00e7o Vocacional e uma Vig\u00edlia Vocacional. No fim, uma reflex\u00e3o a partir da mensagem do papa Francisco para o Dia Mundial de Ora\u00e7\u00e3o pelas Voca\u00e7\u00f5es de 2021, cujo tema foi \u201cS\u00e3o Jos\u00e9: o sonho da voca\u00e7\u00e3o\u201d.<\/p>\n<p>O Hora Vocacional est\u00e1 a venda no site da Editora da CNBB, a Edi\u00e7\u00f5es CNBB, em\u00a0<a href=\"https:\/\/www.edicoescnbb.com.br\/produto\/hora-vocacional-cristo-nos-salva-e-nos-envia-digital-71633\" target=\"_blank\" rel=\"noopener\">vers\u00e3o digital<\/a>\u00a0e\u00a0<a href=\"https:\/\/www.edicoescnbb.com.br\/produto\/hora-vocacional-cristo-nos-salva-e-nos-envia-71632\" target=\"_blank\" rel=\"noopener\">impressa<\/a>.<\/p>\n<div class=\"iframely-embed\">\n<div class=\"iframely-responsive\" style=\"padding-bottom: 52.8678%; padding-top: 120px;\"><a href=\"https:\/\/www.cnbb.org.br\/comissao-para-os-ministerios-ordenados-e-a-vida-consagrada-apresenta-cartaz-do-mes-vocacional-2021\/\" data-iframely-url=\"\/\/cdn.iframe.ly\/8K6lN7c?maxheight=750\"><\/a><\/div>\n<\/div>\n<p><script async src=\"\/\/cdn.iframe.ly\/embed.js\" charset=\"utf-8\"><\/script><\/p>\n<pre><em>Com informa\u00e7\u00f5es da Pascom Brasil<\/em><\/pre>\n","protected":false},"excerpt":{"rendered":"<p>Para celebrar as voca\u00e7\u00f5es dos di\u00e1conos, presb\u00edteros e bispos que testemunham o servi\u00e7o do pr\u00f3prio Senhor \u201cque n\u00e3o veio para ser servido mas para servir e dar a sua vida em resgate de muitos\u201d (Mt 20,28)\u201d, a Pascom Brasil bateu um papo o padre Zezinho sobre desafios do minist\u00e9rio ordenado em nosso tempo<\/p>\n","protected":false},"author":83,"featured_media":554015,"comment_status":"open","ping_status":"open","sticky":false,"template":"","format":"standard","meta":{"site-sidebar-layout":"default","site-content-layout":"default","ast-global-header-display":"","ast-banner-title-visibility":"","ast-main-header-display":"","ast-hfb-above-header-display":"","ast-hfb-below-header-display":"","ast-hfb-mobile-header-display":"","site-post-title":"","ast-breadcrumbs-content":"","ast-featured-img":"","footer-sml-layout":"","theme-transparent-header-meta":"default","adv-header-id-meta":"","stick-header-meta":"","header-above-stick-meta":"","header-main-stick-meta":"","header-below-stick-meta":""},"categories":[50,807],"tags":[3429,3428,2096],"acf":[],"_links":{"self":[{"href":"https:\/\/www.cnbb.org.br\/cnbb-app\/wp\/v2\/posts\/553910"}],"collection":[{"href":"https:\/\/www.cnbb.org.br\/cnbb-app\/wp\/v2\/posts"}],"about":[{"href":"https:\/\/www.cnbb.org.br\/cnbb-app\/wp\/v2\/types\/post"}],"author":[{"embeddable":true,"href":"https:\/\/www.cnbb.org.br\/cnbb-app\/wp\/v2\/users\/83"}],"replies":[{"embeddable":true,"href":"https:\/\/www.cnbb.org.br\/cnbb-app\/wp\/v2\/comments?post=553910"}],"version-history":[{"count":0,"href":"https:\/\/www.cnbb.org.br\/cnbb-app\/wp\/v2\/posts\/553910\/revisions"}],"wp:featuredmedia":[{"embeddable":true,"href":"https:\/\/www.cnbb.org.br\/cnbb-app\/wp\/v2\/media\/554015"}],"wp:attachment":[{"href":"https:\/\/www.cnbb.org.br\/cnbb-app\/wp\/v2\/media?parent=553910"}],"wp:term":[{"taxonomy":"category","embeddable":true,"href":"https:\/\/www.cnbb.org.br\/cnbb-app\/wp\/v2\/categories?post=553910"},{"taxonomy":"post_tag","embeddable":true,"href":"https:\/\/www.cnbb.org.br\/cnbb-app\/wp\/v2\/tags?post=553910"}],"curies":[{"name":"wp","href":"https:\/\/api.w.org\/{rel}","templated":true}]}}