{"id":582592,"date":"2021-08-05T11:41:20","date_gmt":"2021-08-05T14:41:20","guid":{"rendered":"https:\/\/www.cnbb.org.br\/?p=582592"},"modified":"2021-08-05T11:42:15","modified_gmt":"2021-08-05T14:42:15","slug":"dia-do-padre-5","status":"publish","type":"post","link":"https:\/\/www.cnbb.org.br\/dia-do-padre-5\/","title":{"rendered":"Dia do padre"},"content":{"rendered":"<p style=\"text-align: right;\"><strong>Dom Eurico dos Santos Veloso<br \/>\n<\/strong><strong>Arcebispo Em\u00e9rito de Juiz de Fora (MG)<\/strong><\/p>\n<p style=\"text-align: justify;\"><strong>\u00a0<\/strong><\/p>\n<p style=\"text-align: justify;\"><em>\u201cSe entend\u00eassemos na terra o que \u00e9 um padre, morrer\u00edamos n\u00e3o de susto, mas de amor.\u201d (S\u00e3o Jo\u00e3o Maria Vianney)<\/em><em>\u00a0\u00a0\u00a0 <\/em><\/p>\n<p style=\"text-align: justify;\"><em>\u00a0\u00a0\u00a0\u00a0\u00a0\u00a0\u00a0\u00a0 <\/em>Ao iniciarmos o M\u00eas Vocacional, dedicamos esta primeira semana as Voca\u00e7\u00f5es do Minist\u00e9rio Ordenado: di\u00e1conos, padres e bispos, em que hoje, especialmente, celebramos o Dia do Padre, juntamente com a Mem\u00f3ria Lit\u00fargica de S\u00e3o Jo\u00e3o Maria Vianney, dulc\u00edssimo p\u00e1roco e patrono dos sacerdotes.<\/p>\n<p style=\"text-align: justify;\">\u00a0\u00a0\u00a0\u00a0\u00a0\u00a0\u00a0\u00a0 Celebrar o Sacerd\u00f3cio \u00e9 dignificar esta miss\u00e3o daqueles que Deus chamou a vivenciar a humildade, a simplicidade, a caridade e a dedica\u00e7\u00e3o em apascentar e conduzir o Povo de Deus para o encontro com o Alt\u00edssimo. Ora, <em>\u201co Conc\u00edlio Vaticano II afirma que o Sacerd\u00f3cio ministerial n\u00e3o \u00e9 um super poder que torna o presb\u00edtero um super-crist\u00e3o, superior aos outros, mas \u00e9 chamado a viver o seu minist\u00e9rio com as mesmas virtudes do seu patrono. Sim, o sacerd\u00f3cio a que o padre \u00e9 configurado parte do Sacerd\u00f3cio comum a todos os batizados. De fato, o Batismo \u00e9 o in\u00edcio dessa configura\u00e7\u00e3o, pois por ele todos os batizados s\u00e3o feitos participes do Sacerd\u00f3cio de Cristo. \u2018O sacerd\u00f3cio comum dos fi\u00e9is e o sacerd\u00f3cio ministerial ou hier\u00e1rquico, embora se diferenciem essencialmente e n\u00e3o apenas em grau, ordenam-se mutuamente um ao outro; pois um e outro participam, a seu modo, do \u00fanico sacerd\u00f3cio de Cristo. Com efeito, o sacerdote ministerial, pelo seu poder sagrado, forma e conduz o povo sacerdotal, realiza o sacrif\u00edcio eucar\u00edstico fazendo as vezes de Cristo e oferece-o a Deus em nome de todo o povo; os fi\u00e9is, por sua parte, concorrem para a obla\u00e7\u00e3o da Eucaristia em virtude do seu sacerd\u00f3cio real, que eles exercem na recep\u00e7\u00e3o dos sacramentos, na ora\u00e7\u00e3o e a\u00e7\u00e3o de gra\u00e7as, no testemunho da santidade de vida, na abnega\u00e7\u00e3o e na caridade operosa\u2019 (CONC\u00cdLIO VATICANO II. Constitui\u00e7\u00e3o dogm\u00e1tica sobre a Igreja, Lumen gentium, n. 10)\u201d (Dom Jaime Vieira Rocha &#8211; Arcebispo de Natal (RN) <\/em><a href=\"https:\/\/www.cnbb.org.br\/o-dia-do-padre-2\/\"><em>https:\/\/www.cnbb.org.br\/o-dia-do-padre-2\/<\/em><\/a><em> &#8211; acesso em 04 de ago de 2021).<\/em><\/p>\n<p style=\"text-align: justify;\"><em>\u00a0\u00a0\u00a0\u00a0\u00a0\u00a0\u00a0\u00a0 <\/em>Ora, o Sacerdote n\u00e3o se deve estar atrelado em achar que a sua miss\u00e3o est\u00e1 inserida a burocracia, mas sim estar sempre aberto as surpresas que Deus coloca em sua vida, afinal <em>\u201cser sacerdote \u00e9 arriscar a vida pelo Senhor\u201d (Pp. Francisco). <\/em>Al\u00e9m disto, Papa Francisco exorta: <em>\u201cDeus olha para os sacerdotes com a ternura de Pai e n\u00e3o deixa os seus passos vacilarem. Aos seus olhos voc\u00eas s\u00e3o importantes e Ele sabe que est\u00e3o \u00e0 altura da miss\u00e3o \u00e0 qual os chamou.\u201d<\/em><\/p>\n<p style=\"text-align: justify;\"><em>\u00a0\u00a0\u00a0\u00a0\u00a0\u00a0\u00a0\u00a0 <\/em>Portanto, celebrar o Dia do Padre \u00e9 levantar louvores a Deus em agradecimento pela Sua presen\u00e7a na pessoa do padre, pois <em>\u201cser sacerdote significa arriscar a vida pelo Senhor e pelos irm\u00e3os, carregando na pr\u00f3pria carne as alegrias e ang\u00fastias do povo, dedicando tempo e escuta para curar as feridas dos outros, oferecendo a todos a ternura do Pai\u201d (Pp. Francisco &#8211; <\/em><a href=\"https:\/\/noticias.cancaonova.com\/papa\/no-twitter-papa-francisco-envia-mensagem-pelo-dia-padre\/\" target=\"_blank\" rel=\"noopener\"><em>https:\/\/noticias.cancaonova.com\/papa\/no-twitter-papa-francisco-envia-mensagem-pelo-dia-padre\/<\/em><\/a><em> ; acesso em 04 de ago de 2021).<\/em><\/p>\n<p style=\"text-align: justify;\"><em>S\u00e3o Jo\u00e3o Maria Vianney, rogai por n\u00f3s!<\/em><\/p>\n<p style=\"text-align: justify;\"><em>Sauda\u00e7\u00f5es em Cristo!<\/em><\/p>\n<p><em>\u00a0<\/em><\/p>\n<p>&nbsp;<\/p>\n","protected":false},"excerpt":{"rendered":"<p>Dom Eurico dos Santos Veloso Arcebispo Em\u00e9rito de Juiz de Fora (MG) \u00a0 \u201cSe entend\u00eassemos na terra o que \u00e9 um padre, morrer\u00edamos n\u00e3o de susto, mas de amor.\u201d (S\u00e3o Jo\u00e3o Maria Vianney)\u00a0\u00a0\u00a0 \u00a0\u00a0\u00a0\u00a0\u00a0\u00a0\u00a0\u00a0 Ao iniciarmos o M\u00eas Vocacional, dedicamos esta primeira semana as Voca\u00e7\u00f5es do Minist\u00e9rio Ordenado: di\u00e1conos, padres e bispos, em que hoje, &hellip;<\/p>\n<p class=\"read-more\"> <a class=\"\" href=\"https:\/\/www.cnbb.org.br\/dia-do-padre-5\/\"> <span class=\"screen-reader-text\">Dia do padre<\/span> Leia mais &raquo;<\/a><\/p>\n","protected":false},"author":73,"featured_media":0,"comment_status":"open","ping_status":"open","sticky":false,"template":"","format":"standard","meta":{"site-sidebar-layout":"default","site-content-layout":"default","ast-global-header-display":"","ast-banner-title-visibility":"","ast-main-header-display":"","ast-hfb-above-header-display":"","ast-hfb-below-header-display":"","ast-hfb-mobile-header-display":"","site-post-title":"","ast-breadcrumbs-content":"","ast-featured-img":"","footer-sml-layout":"","theme-transparent-header-meta":"default","adv-header-id-meta":"","stick-header-meta":"","header-above-stick-meta":"","header-main-stick-meta":"","header-below-stick-meta":""},"categories":[758,1837],"tags":[],"acf":[],"_links":{"self":[{"href":"https:\/\/www.cnbb.org.br\/cnbb-app\/wp\/v2\/posts\/582592"}],"collection":[{"href":"https:\/\/www.cnbb.org.br\/cnbb-app\/wp\/v2\/posts"}],"about":[{"href":"https:\/\/www.cnbb.org.br\/cnbb-app\/wp\/v2\/types\/post"}],"author":[{"embeddable":true,"href":"https:\/\/www.cnbb.org.br\/cnbb-app\/wp\/v2\/users\/73"}],"replies":[{"embeddable":true,"href":"https:\/\/www.cnbb.org.br\/cnbb-app\/wp\/v2\/comments?post=582592"}],"version-history":[{"count":0,"href":"https:\/\/www.cnbb.org.br\/cnbb-app\/wp\/v2\/posts\/582592\/revisions"}],"wp:attachment":[{"href":"https:\/\/www.cnbb.org.br\/cnbb-app\/wp\/v2\/media?parent=582592"}],"wp:term":[{"taxonomy":"category","embeddable":true,"href":"https:\/\/www.cnbb.org.br\/cnbb-app\/wp\/v2\/categories?post=582592"},{"taxonomy":"post_tag","embeddable":true,"href":"https:\/\/www.cnbb.org.br\/cnbb-app\/wp\/v2\/tags?post=582592"}],"curies":[{"name":"wp","href":"https:\/\/api.w.org\/{rel}","templated":true}]}}