{"id":618952,"date":"2021-08-09T11:20:35","date_gmt":"2021-08-09T14:20:35","guid":{"rendered":"https:\/\/www.cnbb.org.br\/?p=618952"},"modified":"2021-08-09T11:21:23","modified_gmt":"2021-08-09T14:21:23","slug":"apresentacao-meditacao-e-vivencia-da-palavra-de-deus-do-19o-domingo","status":"publish","type":"post","link":"https:\/\/www.cnbb.org.br\/apresentacao-meditacao-e-vivencia-da-palavra-de-deus-do-19o-domingo\/","title":{"rendered":"Apresenta\u00e7\u00e3o, medita\u00e7\u00e3o e viv\u00eancia da palavra de Deus do 19\u00ba domingo"},"content":{"rendered":"<p style=\"text-align: right;\"><strong>Dom Carmo Jo\u00e3o Rhoden<br \/>\n<\/strong><strong>Bispo Em\u00e9rito de Taubat\u00e9 (SP)<\/strong><\/p>\n<p>&nbsp;<\/p>\n<p style=\"text-align: justify;\">At\u00e9 os grandes profetas sentem o peso da voca\u00e7\u00e3o-miss\u00e3o (1\u00baReis 19,4-8). Experimentam des\u00e2nimo, \u00e0s vezes, at\u00e9 a vontade de morrer. Algo semelhante nos pode acontecer. Precisamos, ent\u00e3o, reagir: retomar o verdadeiro sentido da vida e da miss\u00e3o. Continuar sendo fi\u00e9is, ao nosso ideal, at\u00e9 o fim, como o profeta Elias. O caminho ser\u00e1 longo? N\u00e3o o sabemos. Uma coisa, por\u00e9m, sabemos: deve ser fielmente trilhado.<\/p>\n<p style=\"text-align: justify;\">Paulo est\u00e1 apresentando aos Ef\u00e9sios (Ef4,30-52) e, hoje, a n\u00f3s como sermos fi\u00e9is a Cristo, para vivermos a espiritualidade e a moral do evangelho, ou seja, o discipulado de Jesus Cristo. Como? Sendo sens\u00edveis \u00e0 presen\u00e7a e a\u00e7\u00e3o do Esp\u00edrito Santo em n\u00f3s. Somos seus templos. Logo, n\u00e3o podemos nem devemos viver rotineiramente. Pelo batismo-crisma, nos tornamos criaturas renovadas. N\u00e3o devemos entristecer o Esp\u00edrito Santo em n\u00f3s presente, nem os outros, que s\u00e3o nossos irm\u00e3os e irm\u00e3s. Formamos o povo de Deus, ou seja, a Igreja de Cristo.<\/p>\n<p style=\"text-align: justify;\">O Evangelho nos apresenta a continuidade do riqu\u00edssimo cap\u00edtulo sexto de Jo\u00e3o (Jo6,41-51). Conv\u00e9m l\u00ea-lo e aprofund\u00e1-lo em fam\u00edlia: pois \u00e9 uma preciosidade. Deve ser mais bem conhecido, amado e vivido. N\u00e3o basta n\u00e3o murmurar contra Cristo e os outros, nossos irm\u00e3os e irm\u00e3s, como fizeram outrora. \u00c9 preciso ter f\u00e9 esclarecida, esperan\u00e7a vivificante e amor \u00e0 toda prova. Jesus \u00e9 solu\u00e7\u00e3o, n\u00e3o problema. Ele veio ao nosso encontro. \u00c9 preciso deixar-nos instruir pelo Pai. Ele nos atrai para o discipulado de seu filho, Jesus Cristo. Deus \u00e9 Pai: nosso Pai. Ele quer sua fam\u00edlia mais unida, n\u00e3o s\u00f3 reunida. Mais d\u00f3cil e amorosa. Mais respons\u00e1vel e formadora de novos crist\u00e3os, n\u00e3o s\u00f3 de novos batizados.<\/p>\n<p style=\"text-align: justify;\">Jesus se apresenta como o grande profeta, que devemos ouvir e seguir. Ele \u00e9 o p\u00e3o que sacia nossa fome: sua palavra transforma, nos alegra e nos torna seu povo. Temos consci\u00eancia de tudo isso? N\u00e3o estamos, \u00e0s vezes, murmurando como o povo de outrora? N\u00e3o entriste\u00e7ais o Esp\u00edrito Santo em v\u00f3s presente, afirma S\u00e3o Paulo, e eu o repito. A vida crist\u00e3 \u00e9 rela\u00e7\u00e3o de amor, de fraternidade, de justi\u00e7a e paz. \u00c9 renova\u00e7\u00e3o.<\/p>\n<p style=\"text-align: justify;\">Tamb\u00e9m, hoje, celebramos o domingo dos pais. Felizes as fam\u00edlias onde os pais assumem sua bela miss\u00e3o. Gerar vidas n\u00e3o \u00e9 dif\u00edcil. N\u00f3s o constatamos todos os dias. Mas formar pessoas, cidad\u00e3os respons\u00e1veis, gente bem inserida na comunidade, isso requer amor, ideal, presen\u00e7a e voca\u00e7\u00e3o. Ser pai \u00e9 voca\u00e7\u00e3o e miss\u00e3o. \u00c9 gra\u00e7a e participa\u00e7\u00e3o. Lembro, por isso, a fam\u00edlia de Nazar\u00e9: Jesus, Maria e Jos\u00e9.<\/p>\n<p style=\"text-align: justify;\">Aos que vivem sua paternidade responsavelmente, parabenizo; a ningu\u00e9m condeno, mas por todos rezo. Lembro, ainda, que tamb\u00e9m eu sou filho: octogen\u00e1rio, mas que se orgulha de seu pai. N\u00e3o sei o que eu seria sem a presen\u00e7a amorosa dele, que hoje est\u00e1 junto do Pai Celeste.<\/p>\n<p style=\"text-align: justify;\">Um lembrete amoroso: esposas e filhos, n\u00e3o ficaria bem um almo\u00e7o bem caloroso e familiar nesse dia especialmente dedicado aos pais? Parab\u00e9ns aos pais.<\/p>\n<p style=\"text-align: justify;\">\n<p>&nbsp;<\/p>\n","protected":false},"excerpt":{"rendered":"<p>Dom Carmo Jo\u00e3o Rhoden Bispo Em\u00e9rito de Taubat\u00e9 (SP) &nbsp; At\u00e9 os grandes profetas sentem o peso da voca\u00e7\u00e3o-miss\u00e3o (1\u00baReis 19,4-8). Experimentam des\u00e2nimo, \u00e0s vezes, at\u00e9 a vontade de morrer. Algo semelhante nos pode acontecer. Precisamos, ent\u00e3o, reagir: retomar o verdadeiro sentido da vida e da miss\u00e3o. Continuar sendo fi\u00e9is, ao nosso ideal, at\u00e9 o &hellip;<\/p>\n<p class=\"read-more\"> <a class=\"\" href=\"https:\/\/www.cnbb.org.br\/apresentacao-meditacao-e-vivencia-da-palavra-de-deus-do-19o-domingo\/\"> <span class=\"screen-reader-text\">Apresenta\u00e7\u00e3o, medita\u00e7\u00e3o e viv\u00eancia da palavra de Deus do 19\u00ba domingo<\/span> Leia mais &raquo;<\/a><\/p>\n","protected":false},"author":132,"featured_media":0,"comment_status":"open","ping_status":"open","sticky":false,"template":"","format":"standard","meta":{"site-sidebar-layout":"default","site-content-layout":"default","ast-global-header-display":"","ast-banner-title-visibility":"","ast-main-header-display":"","ast-hfb-above-header-display":"","ast-hfb-below-header-display":"","ast-hfb-mobile-header-display":"","site-post-title":"","ast-breadcrumbs-content":"","ast-featured-img":"","footer-sml-layout":"","theme-transparent-header-meta":"default","adv-header-id-meta":"","stick-header-meta":"","header-above-stick-meta":"","header-main-stick-meta":"","header-below-stick-meta":""},"categories":[758],"tags":[],"acf":[],"_links":{"self":[{"href":"https:\/\/www.cnbb.org.br\/cnbb-app\/wp\/v2\/posts\/618952"}],"collection":[{"href":"https:\/\/www.cnbb.org.br\/cnbb-app\/wp\/v2\/posts"}],"about":[{"href":"https:\/\/www.cnbb.org.br\/cnbb-app\/wp\/v2\/types\/post"}],"author":[{"embeddable":true,"href":"https:\/\/www.cnbb.org.br\/cnbb-app\/wp\/v2\/users\/132"}],"replies":[{"embeddable":true,"href":"https:\/\/www.cnbb.org.br\/cnbb-app\/wp\/v2\/comments?post=618952"}],"version-history":[{"count":0,"href":"https:\/\/www.cnbb.org.br\/cnbb-app\/wp\/v2\/posts\/618952\/revisions"}],"wp:attachment":[{"href":"https:\/\/www.cnbb.org.br\/cnbb-app\/wp\/v2\/media?parent=618952"}],"wp:term":[{"taxonomy":"category","embeddable":true,"href":"https:\/\/www.cnbb.org.br\/cnbb-app\/wp\/v2\/categories?post=618952"},{"taxonomy":"post_tag","embeddable":true,"href":"https:\/\/www.cnbb.org.br\/cnbb-app\/wp\/v2\/tags?post=618952"}],"curies":[{"name":"wp","href":"https:\/\/api.w.org\/{rel}","templated":true}]}}