{"id":630252,"date":"2021-08-13T09:00:49","date_gmt":"2021-08-13T12:00:49","guid":{"rendered":"https:\/\/www.cnbb.org.br\/?p=630252"},"modified":"2021-08-13T09:07:08","modified_gmt":"2021-08-13T12:07:08","slug":"pastoral-da-aids-da-inicio-a-campanha-amar-e-servir-com-missa-em-honra-a-santa-dulce-dos-pobres-padroeira-da-pastoral","status":"publish","type":"post","link":"https:\/\/www.cnbb.org.br\/pastoral-da-aids-da-inicio-a-campanha-amar-e-servir-com-missa-em-honra-a-santa-dulce-dos-pobres-padroeira-da-pastoral\/","title":{"rendered":"Pastoral da Aids d\u00e1 in\u00edcio a campanha \u2018Amar e Servir\u2019 com missa em honra a Santa Dulce dos Pobres \u2013 padroeira da pastoral, nesta sexta-feira (13)"},"content":{"rendered":"<p style=\"text-align: justify;\"><strong>00\u2018Amar &amp; Servir\u2019<\/strong> \u00e9 o tema da campanha Acolhida e Solidariedade 2021 da Pastoral da Aids da Confer\u00eancia Nacional dos Bispos do Brasil (CNBB). A campanha traz ainda como lema \u201cQuando cada um faz um pouco, o pouco de muitos se soma\u201d, palavras da padroeira da pastoral, Santa Dulce dos Pobres.<\/p>\n<p style=\"text-align: justify;\">A abertura da campanha ser\u00e1 na pr\u00f3xima sexta-feira, 13 de agosto \u2013 dia da festa em honra a Santa Dulce dos Pobres, com uma missa, \u00e0s 19h, presidida pelo o bispo de Nova Friburgo (RJ) e referencial da Pastoral da Aids, dom Luiz Ricci, com transmiss\u00e3o pelas redes sociais da pastoral.<\/p>\n<blockquote>\n<p style=\"text-align: justify;\">\u201cNeste dia, ao celebrarmos nossa Padroeira, agradecemos pelo servir de nossos agentes que, no pouco ou no muito, transformam as palavras em gestos concretos de amor ao pr\u00f3ximo, e ao mesmo tempo, queremos mobilizar toda a popula\u00e7\u00e3o a ser caridosa para promover a solidariedade e fazer acontecer o milagre da gra\u00e7a e da partilha\u201d, destaca a coordena\u00e7\u00e3o nacional da pastoral.<\/p>\n<\/blockquote>\n<p><img decoding=\"async\" loading=\"lazy\" class=\" wp-image-630284 alignleft\" style=\"text-align: justify;\" src=\"https:\/\/www.cnbb.org.br\/wp-content\/uploads\/2021\/08\/WhatsApp-Image-2021-08-09-at-16.44.48-1024x1024.jpeg\" alt=\"\" width=\"347\" height=\"347\" srcset=\"https:\/\/www.cnbb.org.br\/wp-content\/uploads\/2021\/08\/WhatsApp-Image-2021-08-09-at-16.44.48-1024x1024.jpeg 1024w, https:\/\/www.cnbb.org.br\/wp-content\/uploads\/2021\/08\/WhatsApp-Image-2021-08-09-at-16.44.48-300x300.jpeg 300w, https:\/\/www.cnbb.org.br\/wp-content\/uploads\/2021\/08\/WhatsApp-Image-2021-08-09-at-16.44.48-150x150.jpeg 150w, https:\/\/www.cnbb.org.br\/wp-content\/uploads\/2021\/08\/WhatsApp-Image-2021-08-09-at-16.44.48-768x768.jpeg 768w, https:\/\/www.cnbb.org.br\/wp-content\/uploads\/2021\/08\/WhatsApp-Image-2021-08-09-at-16.44.48-800x800.jpeg 800w, https:\/\/www.cnbb.org.br\/wp-content\/uploads\/2021\/08\/WhatsApp-Image-2021-08-09-at-16.44.48-500x500.jpeg 500w, https:\/\/www.cnbb.org.br\/wp-content\/uploads\/2021\/08\/WhatsApp-Image-2021-08-09-at-16.44.48.jpeg 1080w\" sizes=\"(max-width: 347px) 100vw, 347px\" \/><\/p>\n<p style=\"text-align: justify;\">A celebra\u00e7\u00e3o ser\u00e1 em a\u00e7\u00e3o de gra\u00e7as por todos os agentes da pastoral que fazem no dia a dia acontecer \u00e0 acolhida e a solidariedade a exemplo de Santa Dulce dos Pobres \u2013 eleita padroeira da pastoral na assembleia em 2019.<\/p>\n<p style=\"text-align: justify;\"><em>\u201cOs agentes da pastoral elegeram Santa Dulce dos Pobres Padroeira da Pastoral da Aids, se inspirando em seu exemplo de vida e servi\u00e7o, convergindo com a Dimens\u00e3o Acolhida e Solidariedade da Pastoral da Aids, que tem como objetivo: Acompanhar as pessoas e fam\u00edlias que vivem e convivem com HIV e aids, manifestando a presen\u00e7a misericordiosa de Deus, promovendo o acesso aos direitos e cumprimento das pr\u00f3prias responsabilidades, em vista da melhoria da qualidade de vida\u201d<\/em>, informa a coordena\u00e7\u00e3o nacional.<\/p>\n<p style=\"text-align: justify;\">A campanha seguir\u00e1 nos dias 14 e 15 de agosto com celebra\u00e7\u00f5es e a\u00e7\u00f5es de gesto concreto de acolhida e solidariedade, de acordo com a realidade e necessidade de cada diocese onde a pastoral atua.<\/p>\n<p style=\"text-align: justify;\">De acordo com a coordena\u00e7\u00e3o nacional, a Pastoral da Aids \u00e9 um servi\u00e7o da Igreja Cat\u00f3lica do Brasil, organizado para ajudar nos desafios que a epidemia da Aids apresenta para a sociedade, governo e igrejas. Sabe-se que a epidemia exige uma a\u00e7\u00e3o global e conjunta para seu efetivo enfrentamento.<\/p>\n<p style=\"text-align: justify;\">A pastoral, segundo a coordena\u00e7\u00e3o nacional, respeitando a autonomia e as especificidades de cada grupo que atua para o controle da epidemia, animada pela f\u00e9 em Jesus Cristo, como Igreja, pretende contribuir no seu enfrentamento para diminuir o n\u00famero de infec\u00e7\u00f5es pelo HIV, garantir o acolhimento, acompanhamento e solidariedade as pessoas que vivem e convivem com HIV\/Aids e combater o estigma e o preconceito.<\/p>\n<p style=\"text-align: justify;\"><strong>Conhe\u00e7a mais da Pastoral da Aids:<\/strong><\/p>\n<p><a href=\"https:\/\/www.facebook.com\/pastoraldaaidsnacional\/\" target=\"_blank\" rel=\"noopener\"><strong>Acesse aqui o Facebook<\/strong><\/a><\/p>\n<p><a href=\"https:\/\/www.youtube.com\/channel\/UC63WNrqmHH7vGwendzR81LA\" target=\"_blank\" rel=\"noopener\"><strong>Acesse aqui o Youtube<\/strong><\/a><\/p>\n","protected":false},"excerpt":{"rendered":"<p>A celebra\u00e7\u00e3o em a\u00e7\u00e3o de gra\u00e7as por todos os agentes da pastoral que fazem no dia a dia acontecer \u00e0 acolhida e a solidariedade a exemplo de Santa Dulce dos Pobres ser\u00e1 \u00e0s 19h, presidida pelo o bispo de Nova Friburgo (RJ) e referencial da Pastoral da Aids, dom Luiz Ricci, com transmiss\u00e3o pelas redes sociais da pastoral<\/p>\n","protected":false},"author":83,"featured_media":630283,"comment_status":"open","ping_status":"open","sticky":false,"template":"","format":"standard","meta":{"site-sidebar-layout":"default","site-content-layout":"default","ast-global-header-display":"","ast-banner-title-visibility":"","ast-main-header-display":"","ast-hfb-above-header-display":"","ast-hfb-below-header-display":"","ast-hfb-mobile-header-display":"","site-post-title":"","ast-breadcrumbs-content":"","ast-featured-img":"","footer-sml-layout":"","theme-transparent-header-meta":"default","adv-header-id-meta":"","stick-header-meta":"","header-above-stick-meta":"","header-main-stick-meta":"","header-below-stick-meta":""},"categories":[805,50],"tags":[3855,3181],"acf":[],"_links":{"self":[{"href":"https:\/\/www.cnbb.org.br\/cnbb-app\/wp\/v2\/posts\/630252"}],"collection":[{"href":"https:\/\/www.cnbb.org.br\/cnbb-app\/wp\/v2\/posts"}],"about":[{"href":"https:\/\/www.cnbb.org.br\/cnbb-app\/wp\/v2\/types\/post"}],"author":[{"embeddable":true,"href":"https:\/\/www.cnbb.org.br\/cnbb-app\/wp\/v2\/users\/83"}],"replies":[{"embeddable":true,"href":"https:\/\/www.cnbb.org.br\/cnbb-app\/wp\/v2\/comments?post=630252"}],"version-history":[{"count":0,"href":"https:\/\/www.cnbb.org.br\/cnbb-app\/wp\/v2\/posts\/630252\/revisions"}],"wp:featuredmedia":[{"embeddable":true,"href":"https:\/\/www.cnbb.org.br\/cnbb-app\/wp\/v2\/media\/630283"}],"wp:attachment":[{"href":"https:\/\/www.cnbb.org.br\/cnbb-app\/wp\/v2\/media?parent=630252"}],"wp:term":[{"taxonomy":"category","embeddable":true,"href":"https:\/\/www.cnbb.org.br\/cnbb-app\/wp\/v2\/categories?post=630252"},{"taxonomy":"post_tag","embeddable":true,"href":"https:\/\/www.cnbb.org.br\/cnbb-app\/wp\/v2\/tags?post=630252"}],"curies":[{"name":"wp","href":"https:\/\/api.w.org\/{rel}","templated":true}]}}