{"id":6621,"date":"2019-11-06T00:00:00","date_gmt":"2019-11-06T03:00:00","guid":{"rendered":"https:\/\/www.cnbb.org.br\/bispos-que-compoem-a-comissao-para-doutrina-da-fe-aprovam-lista-dos-novos-peritos-que-vao-assessorar-a-comissao\/"},"modified":"2020-03-01T16:19:12","modified_gmt":"2020-03-01T19:19:12","slug":"bispos-que-compoem-a-comissao-para-doutrina-da-fe-aprovam-lista-dos-novos-peritos-que-vao-assessorar-a-comissao","status":"publish","type":"post","link":"https:\/\/www.cnbb.org.br\/bispos-que-compoem-a-comissao-para-doutrina-da-fe-aprovam-lista-dos-novos-peritos-que-vao-assessorar-a-comissao\/","title":{"rendered":"Comiss\u00e3o para Doutrina da F\u00e9 aprova lista dos novos peritos que v\u00e3o assessorar o trabalho"},"content":{"rendered":"<p style=\"text-align: justify\">Terminou nesta ter\u00e7a-feira, 5 de novembro, a primeira reuni\u00e3o ordin\u00e1ria com a nova composi\u00e7\u00e3o da Comiss\u00e3o Episcopal Pastoral Para Doutrina da F\u00e9 da Confer\u00eancia Nacional dos Bispos do Brasil (CNBB), em Bras\u00edlia (DF).<\/p>\n<figure id=\"attachment_228408\" aria-describedby=\"caption-attachment-228408\" style=\"width: 192px\" class=\"wp-caption alignright\"><a href=\"http:\/\/www.cnbb.org.br\/o-papel-da-comissao-episcopal-pastoral-para-doutrina-da-fe-e-os-desafios-que-hoje-sao-colocado-aos-bispos\/cipoolini-1\/\" rel=\"attachment wp-att-228408\"><img decoding=\"async\" loading=\"lazy\" class=\"wp-image-228408 \" src=\"https:\/\/www.cnbb.org.br\/wp-content\/uploads\/2020\/03\/cipoolini-1-e1572964706521-272x300.jpeg\" alt=\"\" width=\"192\" height=\"212\" \/><\/a><figcaption id=\"caption-attachment-228408\" class=\"wp-caption-text\"><em>Dom Pedro Carlos Cipollini. Foto: Daniel Flores\/CNBB<\/em><\/figcaption><\/figure>\n<p style=\"text-align: justify\">De acordo com o bispo da diocese de Santo Andr\u00e9 (SP) e presidente da comiss\u00e3o, dom Pedro Carlos Cipollini, essa primeira reuni\u00e3o foi para planejar os pr\u00f3ximos quatro anos. <em>\u201cTratamos deste planejamento, falamos sobre a compet\u00eancia da comiss\u00e3o, conhecermos os novos bispos que integraram a comiss\u00e3o e falamos da nossa tarefa\u201d, destacou.<\/em><\/p>\n<p style=\"text-align: justify\">Segundo dom Cipollini, tamb\u00e9m foram escolhidos os nomes que v\u00e3o compor o grupo interdisciplinar de peritos &#8211; especialistas nos assuntos correspondentes ao trabalho da comiss\u00e3o e que frequentemente s\u00e3o consultados e d\u00e3o pareceres teol\u00f3gicos acerca de textos, publica\u00e7\u00f5es, manifesta\u00e7\u00f5es, entre outras atividades da comiss\u00e3o.<\/p>\n<figure id=\"attachment_197261\" aria-describedby=\"caption-attachment-197261\" style=\"width: 213px\" class=\"wp-caption alignleft\"><a href=\"http:\/\/www.cnbb.org.br\/comunicacao-e-igreja-6o-encontro-nacional-da-pascom-em-aparecida-sp\/leomar\/\" rel=\"attachment wp-att-197261\"><img decoding=\"async\" loading=\"lazy\" class=\"wp-image-197261\" src=\"https:\/\/www.cnbb.org.br\/wp-content\/uploads\/2020\/03\/leomar-e1572964573995-281x300.jpg\" alt=\"\" width=\"213\" height=\"227\" \/><\/a><figcaption id=\"caption-attachment-197261\" class=\"wp-caption-text\"><em>Dom Leomar Ant\u00f4nio Brustolin. Foto: Matheus Oliveira\/CNBB<\/em><\/figcaption><\/figure>\n<p style=\"text-align: justify\">J\u00e1 o bispo auxiliar de Porto Alegre (RS) e um dos integrantes da Comiss\u00e3o, dom Leomar Ant\u00f4nio Brustolin, destacou que diante dos desafios e dos contextos sociais \u00e9 preciso promover a integridade da f\u00e9. Pilar central da Comiss\u00e3o.<\/p>\n<p style=\"text-align: justify\"><em>\u201cA comiss\u00e3o vai trabalhar muito na quest\u00e3o de ouvir os peritos, ver como \u00e9 que est\u00e1 a realidade, especialmente, no ambiente acad\u00eamico e pastoral em rela\u00e7\u00e3o aos desafios da f\u00e9. Mas, tamb\u00e9m queremos como bispo ajudar, colaborar apresentando subs\u00eddios e at\u00e9 reflex\u00f5es na assembleia sobre quest\u00f5es que est\u00e3o desafiando os contextos.<\/em><\/p>\n<p style=\"text-align: justify\">Dom Leomar d\u00e1 um exemplo que a identidade da f\u00e9 cat\u00f3lica no mundo plural ou a quest\u00e3o do senso de perten\u00e7a eclesial num tempo de tantas ofertas, at\u00e9 mesmo, da fragmenta\u00e7\u00e3o da experi\u00eancia religiosa. Ent\u00e3o, desafios n\u00e3o faltam, claro que os projetos s\u00e3o muitos, mas que a comiss\u00e3o, bispos e peritos trabalhando pretende ajudar e colaborar, especialmente, sendo um servi\u00e7o ao episcopado brasileiro\u201d.<\/p>\n<figure id=\"attachment_206997\" aria-describedby=\"caption-attachment-206997\" style=\"width: 216px\" class=\"wp-caption alignleft\"><a href=\"http:\/\/www.cnbb.org.br\/dom-beto-demonstra-apreensao-com-risco-de-contaminacao-do-sao-francisco\/dom-carlos-alberto-breis-pereira2\/\" rel=\"attachment wp-att-206997\"><img decoding=\"async\" loading=\"lazy\" class=\"wp-image-206997 \" src=\"https:\/\/www.cnbb.org.br\/wp-content\/uploads\/2020\/03\/Dom-Carlos-Alberto-Breis-Pereira2-e1572964777976-261x300.jpg\" alt=\"\" width=\"216\" height=\"248\" \/><\/a><figcaption id=\"caption-attachment-206997\" class=\"wp-caption-text\"><em>Dom Carlos Alberto Breis Pereira . Foto: Arquivo<\/em><\/figcaption><\/figure>\n<p style=\"text-align: justify\">Um dos novatos da turma \u00e9 o bispo de Juazeiro (BA), dom Carlos Alberto Breis Pereira &#8211; frade franciscano, diz que mais que colaborar pretende aprender com o grupo de outros quatro bispos dessa comiss\u00e3o.<\/p>\n<p style=\"text-align: justify\"><em>\u201c\u00c9 um servi\u00e7o a verdade, \u00e9 um servi\u00e7o muito preciso no \u00e2mbito da confer\u00eancia episcopal, justamente nesse \u00e2mbito da integridade da f\u00e9, nesses tempos de p\u00f3s-verdade, relativiza\u00e7\u00e3o e tantos que se fazem mestres e doutores, sobretudo, nos campos das redes sociais\u201d, ressaltou.<\/em><\/p>\n<figure id=\"attachment_228444\" aria-describedby=\"caption-attachment-228444\" style=\"width: 328px\" class=\"wp-caption alignright\"><a href=\"http:\/\/www.cnbb.org.br\/bispos-que-compoem-a-comissao-para-doutrina-da-fe-aprovam-lista-dos-novos-peritos-que-vao-assessorar-a-comissao\/whatsapp-image-2019-11-05-at-07-04-01-1\/\" rel=\"attachment wp-att-228444\"><img decoding=\"async\" loading=\"lazy\" class=\"wp-image-228444 \" src=\"https:\/\/www.cnbb.org.br\/wp-content\/uploads\/2020\/03\/WhatsApp-Image-2019-11-05-at-07.04.01-1-e1572964894486-300x113.jpeg\" alt=\"\" width=\"328\" height=\"124\" \/><\/a><figcaption id=\"caption-attachment-228444\" class=\"wp-caption-text\"><em>Bispos da Comiss\u00e3o para Doutrina da F\u00e9.<\/em><\/figcaption><\/figure>\n<p style=\"text-align: justify\">Durante a reuni\u00e3o, os bispos tamb\u00e9m discutiram e aprovaram nove projetos que ser\u00e3o desenvolvidos pela comiss\u00e3o neste pr\u00f3ximo quadri\u00eanio (2019-2023).<\/p>\n<p style=\"text-align: justify\">A comiss\u00e3o \u00e9 composta pelo presidente e outros quatro bispos de diversas partes do Brasil e o assessor, que \u00e9 o principal encarregado de executar o que \u00e9 pedido pelos bispos e o que chega de demanda na CNBB.<\/p>\n","protected":false},"excerpt":{"rendered":"<p>Al\u00e9m do planejamento quadrienal, os bispos definiram tamb\u00e9m os projetos que ser\u00e3o desenvolvidos no pr\u00f3ximo quadri\u00eanio<\/p>\n","protected":false},"author":83,"featured_media":6534,"comment_status":"closed","ping_status":"open","sticky":false,"template":"","format":"standard","meta":{"site-sidebar-layout":"default","site-content-layout":"default","ast-global-header-display":"","ast-banner-title-visibility":"","ast-main-header-display":"","ast-hfb-above-header-display":"","ast-hfb-below-header-display":"","ast-hfb-mobile-header-display":"","site-post-title":"","ast-breadcrumbs-content":"","ast-featured-img":"","footer-sml-layout":"","theme-transparent-header-meta":"","adv-header-id-meta":"","stick-header-meta":"","header-above-stick-meta":"","header-main-stick-meta":"","header-below-stick-meta":""},"categories":[748,749],"tags":[755],"acf":[],"_links":{"self":[{"href":"https:\/\/www.cnbb.org.br\/cnbb-app\/wp\/v2\/posts\/6621"}],"collection":[{"href":"https:\/\/www.cnbb.org.br\/cnbb-app\/wp\/v2\/posts"}],"about":[{"href":"https:\/\/www.cnbb.org.br\/cnbb-app\/wp\/v2\/types\/post"}],"author":[{"embeddable":true,"href":"https:\/\/www.cnbb.org.br\/cnbb-app\/wp\/v2\/users\/83"}],"replies":[{"embeddable":true,"href":"https:\/\/www.cnbb.org.br\/cnbb-app\/wp\/v2\/comments?post=6621"}],"version-history":[{"count":0,"href":"https:\/\/www.cnbb.org.br\/cnbb-app\/wp\/v2\/posts\/6621\/revisions"}],"wp:featuredmedia":[{"embeddable":true,"href":"https:\/\/www.cnbb.org.br\/cnbb-app\/wp\/v2\/media\/6534"}],"wp:attachment":[{"href":"https:\/\/www.cnbb.org.br\/cnbb-app\/wp\/v2\/media?parent=6621"}],"wp:term":[{"taxonomy":"category","embeddable":true,"href":"https:\/\/www.cnbb.org.br\/cnbb-app\/wp\/v2\/categories?post=6621"},{"taxonomy":"post_tag","embeddable":true,"href":"https:\/\/www.cnbb.org.br\/cnbb-app\/wp\/v2\/tags?post=6621"}],"curies":[{"name":"wp","href":"https:\/\/api.w.org\/{rel}","templated":true}]}}