{"id":6681,"date":"2017-04-25T00:00:00","date_gmt":"2017-04-25T03:00:00","guid":{"rendered":"https:\/\/www.cnbb.org.br\/centro-de-eventos-que-acolhe-a-55a-assembleia-geral\/"},"modified":"2017-04-25T00:00:00","modified_gmt":"2017-04-25T03:00:00","slug":"centro-de-eventos-que-acolhe-a-55a-assembleia-geral","status":"publish","type":"post","link":"https:\/\/www.cnbb.org.br\/centro-de-eventos-que-acolhe-a-55a-assembleia-geral\/","title":{"rendered":"R\u00e1dio Vaticano far\u00e1 ecoar ao mundo a voz da 55\u00aa Assembleia Geral"},"content":{"rendered":"<figure id=\"attachment_60\" aria-describedby=\"caption-attachment-60\" style=\"width: 300px\" class=\"wp-caption alignright\"><img decoding=\"async\" loading=\"lazy\" class=\"size-medium wp-image-60\" src=\"https:\/\/www.cnbb.org.br\/wp-content\/uploads\/2020\/03\/silvonei-1-300x189.jpg\" alt=\"\" width=\"300\" height=\"189\" \/><figcaption id=\"caption-attachment-60\" class=\"wp-caption-text\">Silvonei Jos\u00e9 e o Papa Francisco<\/figcaption><\/figure>\n<p style=\"text-align: justify;\">A R\u00e1dio Vaticano, conhecida como a \u201cR\u00e1dio do Papa\u201d, estar\u00e1 presente na 55\u00aa Assembleia Geral dos Bispos do Brasil, que acontece de 26 de abril a 05 de maio, no Santu\u00e1rio Nacional de Nossa Senhora Aparecida. O Diretor respons\u00e1vel pelos programas para o Brasil, o jornalista Silvonei Protz pelo 13\u00ba ano consecutivo vir\u00e1 ao Brasil.<\/p>\n<p style=\"text-align: justify;\">Sua miss\u00e3o \u00e9 levar \u00e0s emissoras de R\u00e1dio Brasileiras e Africanas o Programa Brasileiro e o panorama de trabalhos durante a Assembleia, bem como a fotografia da a\u00e7\u00e3o da Igreja Cat\u00f3lica, seja no \u00e2mbito da evangeliza\u00e7\u00e3o, seja no social.<\/p>\n<p><span style=\"color: #800000;\"><strong>Tradu\u00e7\u00e3o em 8 idiomas<\/strong><\/span><\/p>\n<p style=\"text-align: justify;\">O material sobre a Assembleia al\u00e9m de estar presente nos notici\u00e1rios da RV, estar\u00e1 tamb\u00e9m presente nas Redes Sociais da R\u00e1dio Vaticano que alcan\u00e7am milh\u00f5es de brasileiros e pessoas de todo o mundo. Silvonei Protz realizar\u00e1 reportagens em portugu\u00eas e italiano e entrevistas em mais de 08 l\u00ednguas para os v\u00e1rios programas lingu\u00edsticos da R\u00e1dio do Papa.<\/p>\n<p style=\"text-align: justify;\">Silvonei destaca que desta forma a R\u00e1dio Vaticano d\u00e1 continua\u00e7\u00e3o a uma maior aproxima\u00e7\u00e3o aos fatos que envolvem a Igreja no Brasil, sempre em sintonia com a chave de leitura fornecida pela CNBB, Confer\u00eancia Nacional dos Bispos do Brasil. Participa tamb\u00e9m da 55\u00aa Confer\u00eancia dos Bispos do Brasil o n\u00fancio apost\u00f3lico, representante do Papa no pa\u00eds, Dom Giovanni D\u2019aniello.<\/p>\n<p style=\"text-align: justify;\"><em>Fotos: R\u00e1dio Vaticano<\/em><\/p>\n","protected":false},"excerpt":{"rendered":"<p>Cobertura jornal\u00edstica de Silvonei Jos\u00e9 (foto) vai para notici\u00e1rios e Redes Sociais da Santa S\u00e9<\/p>\n","protected":false},"author":83,"featured_media":6682,"comment_status":"closed","ping_status":"open","sticky":false,"template":"","format":"standard","meta":{"site-sidebar-layout":"default","site-content-layout":"default","ast-global-header-display":"","ast-banner-title-visibility":"","ast-main-header-display":"","ast-hfb-above-header-display":"","ast-hfb-below-header-display":"","ast-hfb-mobile-header-display":"","site-post-title":"","ast-breadcrumbs-content":"","ast-featured-img":"","footer-sml-layout":"","theme-transparent-header-meta":"","adv-header-id-meta":"","stick-header-meta":"","header-above-stick-meta":"","header-main-stick-meta":"","header-below-stick-meta":""},"categories":[757,745,744],"tags":[],"acf":[],"_links":{"self":[{"href":"https:\/\/www.cnbb.org.br\/cnbb-app\/wp\/v2\/posts\/6681"}],"collection":[{"href":"https:\/\/www.cnbb.org.br\/cnbb-app\/wp\/v2\/posts"}],"about":[{"href":"https:\/\/www.cnbb.org.br\/cnbb-app\/wp\/v2\/types\/post"}],"author":[{"embeddable":true,"href":"https:\/\/www.cnbb.org.br\/cnbb-app\/wp\/v2\/users\/83"}],"replies":[{"embeddable":true,"href":"https:\/\/www.cnbb.org.br\/cnbb-app\/wp\/v2\/comments?post=6681"}],"version-history":[{"count":0,"href":"https:\/\/www.cnbb.org.br\/cnbb-app\/wp\/v2\/posts\/6681\/revisions"}],"wp:featuredmedia":[{"embeddable":true,"href":"https:\/\/www.cnbb.org.br\/cnbb-app\/wp\/v2\/media\/6682"}],"wp:attachment":[{"href":"https:\/\/www.cnbb.org.br\/cnbb-app\/wp\/v2\/media?parent=6681"}],"wp:term":[{"taxonomy":"category","embeddable":true,"href":"https:\/\/www.cnbb.org.br\/cnbb-app\/wp\/v2\/categories?post=6681"},{"taxonomy":"post_tag","embeddable":true,"href":"https:\/\/www.cnbb.org.br\/cnbb-app\/wp\/v2\/tags?post=6681"}],"curies":[{"name":"wp","href":"https:\/\/api.w.org\/{rel}","templated":true}]}}