{"id":6683,"date":"2017-04-25T00:00:00","date_gmt":"2017-04-25T03:00:00","guid":{"rendered":"https:\/\/www.cnbb.org.br\/vaticano-fara-ecoar-ao-mundo-a-voz-da-55a-assembleia-geral\/"},"modified":"2017-04-25T00:00:00","modified_gmt":"2017-04-25T03:00:00","slug":"vaticano-fara-ecoar-ao-mundo-a-voz-da-55a-assembleia-geral","status":"publish","type":"post","link":"https:\/\/www.cnbb.org.br\/vaticano-fara-ecoar-ao-mundo-a-voz-da-55a-assembleia-geral\/","title":{"rendered":"Secret\u00e1rio-Geral da CNBB fala a respeito da convoca\u00e7\u00e3o de Greve Geral para 28 de abril"},"content":{"rendered":"<p style=\"text-align: justify;\">Movimentos sociais e sindicatos de todo o Brasil marcam para a pr\u00f3xima sexta-feira, dia 28 de abril, uma greve geral contra as reformas da Previd\u00eancia e trabalhista apresentadas pelo Poder Executivo e em tramita\u00e7\u00e3o no Congresso Nacional. \u00c0s v\u00e9speras da 55\u00aa Assembleia Geral da Confer\u00eancia Nacional dos Bispos do Brasil (CNBB), que tem in\u00edcio amanh\u00e3, dia 26, em Aparecida (SP), o bispo auxiliar de Bras\u00edlia (DF) e secret\u00e1rio geral da Confer\u00eancia, dom Leonardo Steiner, concedeu entrevista tratando da posi\u00e7\u00e3o da entidade sobre as manifesta\u00e7\u00f5es. Reafirmando a convoca\u00e7\u00e3o feita pelo Conselho Permanente, no m\u00eas passado, dom Leonardo considera \u201cfundamental que se escute a popula\u00e7\u00e3o em suas manifesta\u00e7\u00f5es coletivas\u201d.<\/p>\n<p style=\"text-align: justify;\">Confira a entrevista:<\/p>\n<p style=\"text-align: justify;\"><strong><img decoding=\"async\" loading=\"lazy\" class=\"size-medium wp-image-260 alignleft\" src=\"https:\/\/www.cnbb.org.br\/wp-content\/uploads\/2020\/03\/Entrevista-dom-Leonardo2-300x200.jpg\" alt=\"\" width=\"300\" height=\"200\" \/>Qual \u00e9 a posi\u00e7\u00e3o da CNBB sobre a anunciada greve geral do dia 28 de abril?<\/strong><\/p>\n<p style=\"text-align: justify;\">A partir de amanh\u00e3, quarta-feira, 26 de abril, os bispos estar\u00e3o reunidos em assembleia geral, em Aparecida (SP). A assembleia \u00e9 a inst\u00e2ncia suprema da Confer\u00eancia e dela pode sair novo posicionamento. Posso agora, reafirmar o que o Conselho Permanente da CNBB j\u00e1 declarou em Nota: \u201cConvocamos os crist\u00e3os e pessoas de boa vontade, particularmente nossas comunidades, a se mobilizarem ao redor da atual Reforma da Previd\u00eancia, a fim de buscar o melhor para o nosso povo, principalmente os mais fragilizados\u201d.<\/p>\n<blockquote>\n<p style=\"text-align: center;\"><span style=\"color: #800000;\">&#8220;Convocamos os crist\u00e3os e pessoas de boa vontade, particularmente nossas comunidades, a se mobilizarem ao redor da atual Reforma da Previd\u00eancia&#8221;<\/span><\/p>\n<h5 style=\"text-align: right;\"><span style=\"color: #800000;\">Conselho Permanente da CNBB<\/span><\/h5>\n<\/blockquote>\n<p style=\"text-align: justify;\">Nesse sentido, consideramos fundamental que se escute a popula\u00e7\u00e3o em suas manifesta\u00e7\u00f5es coletivas. Claro que nosso olhar se d\u00e1 na perspectiva da evangeliza\u00e7\u00e3o e nossa posi\u00e7\u00e3o brota das exig\u00eancias do Evangelho. E isso significa reafirmar a busca do di\u00e1logo, da paz e do entendimento. Na afirma\u00e7\u00e3o dos bispos est\u00e1 a orienta\u00e7\u00e3o de que esses momentos sejam marcados pelo respeito \u00e0 vida, ao patrim\u00f4nio p\u00fablico e privado, fortalecendo a democracia.<\/p>\n<p style=\"text-align: justify;\"><span style=\"color: #800000;\"><strong>Qual o impacto de uma greve geral neste momento?<\/strong><\/span><\/p>\n<p style=\"text-align: justify;\">Certamente o conte\u00fado das manifesta\u00e7\u00f5es se dar\u00e1 no sentido de defesa dos direitos dos trabalhadores do campo e da cidade, de modo muito particular dos mais pobres. O movimento sinaliza que a sociedade quer o di\u00e1logo, quer participar, quer dar sua contribui\u00e7\u00e3o. Reformas de tamanha import\u00e2ncia n\u00e3o podem ser conduzidas sem esse amplo debate.<\/p>\n<blockquote>\n<p style=\"text-align: center;\"><span style=\"color: #800000;\">&#8220;Os brasileiros e brasileiras desejam o bem do Brasil e para construir uma na\u00e7\u00e3o justa e fraterna querem participar das discuss\u00f5es e encaminhamentos&#8221;<\/span><\/p>\n<h5 style=\"text-align: right;\"><span style=\"color: #800000;\"><strong>Dom Leonardo Steiner<\/strong><\/span><\/h5>\n<\/blockquote>\n<p style=\"text-align: justify;\">O Congresso Nacional e o Poder Executivo, infelizmente, t\u00eam se mostrado pouco sens\u00edvel ao que a sociedade tem manifestado em rela\u00e7\u00e3o \u00e0s reformas. Os brasileiros e brasileiras desejam o bem do Brasil e para construir uma na\u00e7\u00e3o justa e fraterna querem participar das discuss\u00f5es e encaminhamentos.<\/p>\n<p style=\"text-align: justify;\"><strong><img decoding=\"async\" loading=\"lazy\" class=\"size-medium wp-image-264 alignright\" src=\"https:\/\/www.cnbb.org.br\/wp-content\/uploads\/2020\/03\/Entrevista-dom-Leonardo3-1-300x267.jpg\" alt=\"\" width=\"300\" height=\"267\" \/><span style=\"color: #800000;\">\u00c9 oportuno apresentar propostas de reformas na atual conjuntura?<\/span><\/strong><\/p>\n<p style=\"text-align: justify;\">O Brasil vive um momento particular de sua hist\u00f3ria, uma crise \u00e9tica. H\u00e1 situa\u00e7\u00f5es de enorme complexidade nos quais est\u00e3o envolvidos personagens do cen\u00e1rio pol\u00edtico, sem falar da crise econ\u00f4mica que atinge a todos. Como encaminhar mudan\u00e7as sem o respaldo da sociedade? Propostas de reformas que tocam na Constitui\u00e7\u00e3o Federal, no sistema previdenci\u00e1rio, na CLT merecem estudo, pesquisa e aprofundamento. Sem di\u00e1logo n\u00e3o \u00e9 poss\u00edvel criar um clima favor\u00e1vel que vise o bem do povo brasileiro.<\/p>\n","protected":false},"excerpt":{"rendered":"<p>\u201c\u00c9 fundamental que se escute a popula\u00e7\u00e3o em suas manifesta\u00e7\u00f5es coletivas\u201d, disse dom Leonardo Steiner.<\/p>\n","protected":false},"author":83,"featured_media":6685,"comment_status":"closed","ping_status":"open","sticky":false,"template":"","format":"standard","meta":{"site-sidebar-layout":"default","site-content-layout":"default","ast-global-header-display":"","ast-banner-title-visibility":"","ast-main-header-display":"","ast-hfb-above-header-display":"","ast-hfb-below-header-display":"","ast-hfb-mobile-header-display":"","site-post-title":"","ast-breadcrumbs-content":"","ast-featured-img":"","footer-sml-layout":"","theme-transparent-header-meta":"","adv-header-id-meta":"","stick-header-meta":"","header-above-stick-meta":"","header-main-stick-meta":"","header-below-stick-meta":""},"categories":[757,745,744],"tags":[],"acf":[],"_links":{"self":[{"href":"https:\/\/www.cnbb.org.br\/cnbb-app\/wp\/v2\/posts\/6683"}],"collection":[{"href":"https:\/\/www.cnbb.org.br\/cnbb-app\/wp\/v2\/posts"}],"about":[{"href":"https:\/\/www.cnbb.org.br\/cnbb-app\/wp\/v2\/types\/post"}],"author":[{"embeddable":true,"href":"https:\/\/www.cnbb.org.br\/cnbb-app\/wp\/v2\/users\/83"}],"replies":[{"embeddable":true,"href":"https:\/\/www.cnbb.org.br\/cnbb-app\/wp\/v2\/comments?post=6683"}],"version-history":[{"count":0,"href":"https:\/\/www.cnbb.org.br\/cnbb-app\/wp\/v2\/posts\/6683\/revisions"}],"wp:featuredmedia":[{"embeddable":true,"href":"https:\/\/www.cnbb.org.br\/cnbb-app\/wp\/v2\/media\/6685"}],"wp:attachment":[{"href":"https:\/\/www.cnbb.org.br\/cnbb-app\/wp\/v2\/media?parent=6683"}],"wp:term":[{"taxonomy":"category","embeddable":true,"href":"https:\/\/www.cnbb.org.br\/cnbb-app\/wp\/v2\/categories?post=6683"},{"taxonomy":"post_tag","embeddable":true,"href":"https:\/\/www.cnbb.org.br\/cnbb-app\/wp\/v2\/tags?post=6683"}],"curies":[{"name":"wp","href":"https:\/\/api.w.org\/{rel}","templated":true}]}}