{"id":6748,"date":"2017-04-27T00:00:00","date_gmt":"2017-04-27T03:00:00","guid":{"rendered":"https:\/\/www.cnbb.org.br\/centro-pe-vitor-coelho-de-almeida-espaco-multiuso-recebe-bispos-de-todo-o-brasil\/"},"modified":"2017-04-27T00:00:00","modified_gmt":"2017-04-27T03:00:00","slug":"centro-pe-vitor-coelho-de-almeida-espaco-multiuso-recebe-bispos-de-todo-o-brasil","status":"publish","type":"post","link":"https:\/\/www.cnbb.org.br\/centro-pe-vitor-coelho-de-almeida-espaco-multiuso-recebe-bispos-de-todo-o-brasil\/","title":{"rendered":"Centro Pe. Vitor Coelho de Almeida, espa\u00e7o multiuso, recebe bispos de todo o Brasil"},"content":{"rendered":"<p>Por ser um espa\u00e7o multiuso, afirma a gerente de eventos do santu\u00e1rio, Aline Costa, o centro consegue se adequar para criar todos os ambientes necess\u00e1rios para a atividade. <img decoding=\"async\" loading=\"lazy\" class=\"size-medium wp-image-52 alignleft\" src=\"http:\/\/cnbb.net.br\/wp-content\/uploads\/2017\/04\/Espa\u00e7o-55-Assembleia-1-300x200.jpg\" alt=\"\" width=\"300\" height=\"200\" \/><\/p>\n<p>As plen\u00e1rias acontecem na Arena e os momentos de trabalho em grupos em 22 salas no subsolo, al\u00e9m de espa\u00e7o para refei\u00e7\u00f5es, secretarias, ambulat\u00f3rios e capela. Al\u00e9m destes ambientes, o Centro cria salas para os atendimentos do N\u00fancio Apost\u00f3lico do Brasil, para o Col\u00e9gio Pio Brasileiro, o Instituto para as Obras de Religi\u00e3o e para o trabalho de jornalistas na cobertura do evento.<\/p>\n<p><strong>Acessibilidade<\/strong><br \/>\nO Centro de eventos segue as normas de acessibilidade, facilitando a circula\u00e7\u00e3o por meio de rampas e elevadores. \u201cTudo isto torna o espa\u00e7o vers\u00e1til, com muito conforto e seguran\u00e7a, o que facilita a organiza\u00e7\u00e3o da atividade\u201d, afirma Aline Costa.<\/p>\n<p>Na \u00e1rea de boulevard do Centro de Eventos ficam os stands de parceiros do segmento cat\u00f3lico que exp\u00f5em seus produtos, trazendo novidades para a Igreja do Brasil. No total, s\u00e3o 22 expositores que agendam seus espa\u00e7os, todos reservados para a 55\u00aa Assembleia. Uma equipe de colaboradores do Santu\u00e1rio Nacional fica a servi\u00e7o da na organiza\u00e7\u00e3o do evento.<\/p>\n","protected":false},"excerpt":{"rendered":"<p>Pela sexta vez consecutiva, a 55\u00aa Assembleia da CNBB, acontece no Centro Pe. V\u00edtor Coelho de Almeida, do Santu\u00e1rio Nacional de Aparecida, em S\u00e3o Paulo, de 26 de abril a 5 de maio.<\/p>\n","protected":false},"author":83,"featured_media":6749,"comment_status":"closed","ping_status":"open","sticky":false,"template":"","format":"standard","meta":{"site-sidebar-layout":"default","site-content-layout":"default","ast-global-header-display":"","ast-banner-title-visibility":"","ast-main-header-display":"","ast-hfb-above-header-display":"","ast-hfb-below-header-display":"","ast-hfb-mobile-header-display":"","site-post-title":"","ast-breadcrumbs-content":"","ast-featured-img":"","footer-sml-layout":"","theme-transparent-header-meta":"","adv-header-id-meta":"","stick-header-meta":"","header-above-stick-meta":"","header-main-stick-meta":"","header-below-stick-meta":""},"categories":[1],"tags":[],"acf":[],"_links":{"self":[{"href":"https:\/\/www.cnbb.org.br\/cnbb-app\/wp\/v2\/posts\/6748"}],"collection":[{"href":"https:\/\/www.cnbb.org.br\/cnbb-app\/wp\/v2\/posts"}],"about":[{"href":"https:\/\/www.cnbb.org.br\/cnbb-app\/wp\/v2\/types\/post"}],"author":[{"embeddable":true,"href":"https:\/\/www.cnbb.org.br\/cnbb-app\/wp\/v2\/users\/83"}],"replies":[{"embeddable":true,"href":"https:\/\/www.cnbb.org.br\/cnbb-app\/wp\/v2\/comments?post=6748"}],"version-history":[{"count":0,"href":"https:\/\/www.cnbb.org.br\/cnbb-app\/wp\/v2\/posts\/6748\/revisions"}],"wp:featuredmedia":[{"embeddable":true,"href":"https:\/\/www.cnbb.org.br\/cnbb-app\/wp\/v2\/media\/6749"}],"wp:attachment":[{"href":"https:\/\/www.cnbb.org.br\/cnbb-app\/wp\/v2\/media?parent=6748"}],"wp:term":[{"taxonomy":"category","embeddable":true,"href":"https:\/\/www.cnbb.org.br\/cnbb-app\/wp\/v2\/categories?post=6748"},{"taxonomy":"post_tag","embeddable":true,"href":"https:\/\/www.cnbb.org.br\/cnbb-app\/wp\/v2\/tags?post=6748"}],"curies":[{"name":"wp","href":"https:\/\/api.w.org\/{rel}","templated":true}]}}