{"id":6751,"date":"2017-04-27T00:00:00","date_gmt":"2017-04-27T03:00:00","guid":{"rendered":"https:\/\/www.cnbb.org.br\/cardeal-scherer-o-povo-tem-direito-de-se-manifestar\/"},"modified":"2017-04-27T00:00:00","modified_gmt":"2017-04-27T03:00:00","slug":"cardeal-scherer-o-povo-tem-direito-de-se-manifestar","status":"publish","type":"post","link":"https:\/\/www.cnbb.org.br\/cardeal-scherer-o-povo-tem-direito-de-se-manifestar\/","title":{"rendered":"Cardeal Odilo Pedro Scherer: &#8220;O povo tem direito de se manifestar, de pedir esclarecimentos&#8221;"},"content":{"rendered":"<p style=\"text-align: justify;\">Durante a primeira entrevista coletiva \u00e0\u00a0imprensa da 55\u00aa Assembleia Geral da CNBB, em Aparecida (SP), os jornalistas questionaram os bispos sobre manifesta\u00e7\u00f5es populares e sobre a Reforma da Previd\u00eancia.<\/p>\n<p style=\"text-align: justify;\">O Cardeal Odilo Pedro Scherer comentou\u00a0<strong>convoca\u00e7\u00e3o de greve geral<\/strong> feitas por movimentos sociais e sindicatos para a pr\u00f3xima sexta-feira, 28.\u00a0Reafirmando a posi\u00e7\u00e3o da CNBB, o Cardeal defendeu o direito do povo em se manifestar: \u201cO povo tem direito de se manifestar, de pedir esclarecimentos a respeito de quest\u00f5es como da<strong> Previd\u00eancia Social<\/strong> e a <strong>Reforma Trabalhista<\/strong>. Essas manifesta\u00e7\u00f5es visam que se chegue ao melhor. Que a Reforma da Previd\u00eancia seja a melhor poss\u00edvel e que n\u00e3o venha prejudicar os mais pobres e privilegiar outros que podem naturalmente contribuir mais\u201d, afirmou.<\/p>\n<p style=\"text-align: justify;\">Assessoria<\/p>\n<p style=\"text-align: justify;\">Com a12.com<\/p>\n","protected":false},"excerpt":{"rendered":"<p>O cardeal de S\u00e3o Paulo ainda afirmou: &#8220;Que a Reforma da Previd\u00eancia seja a melhor poss\u00edvel&#8221;.<\/p>\n","protected":false},"author":83,"featured_media":6752,"comment_status":"closed","ping_status":"open","sticky":false,"template":"","format":"standard","meta":{"site-sidebar-layout":"default","site-content-layout":"default","ast-global-header-display":"","ast-banner-title-visibility":"","ast-main-header-display":"","ast-hfb-above-header-display":"","ast-hfb-below-header-display":"","ast-hfb-mobile-header-display":"","site-post-title":"","ast-breadcrumbs-content":"","ast-featured-img":"","footer-sml-layout":"","theme-transparent-header-meta":"","adv-header-id-meta":"","stick-header-meta":"","header-above-stick-meta":"","header-main-stick-meta":"","header-below-stick-meta":""},"categories":[757,745,744],"tags":[],"acf":[],"_links":{"self":[{"href":"https:\/\/www.cnbb.org.br\/cnbb-app\/wp\/v2\/posts\/6751"}],"collection":[{"href":"https:\/\/www.cnbb.org.br\/cnbb-app\/wp\/v2\/posts"}],"about":[{"href":"https:\/\/www.cnbb.org.br\/cnbb-app\/wp\/v2\/types\/post"}],"author":[{"embeddable":true,"href":"https:\/\/www.cnbb.org.br\/cnbb-app\/wp\/v2\/users\/83"}],"replies":[{"embeddable":true,"href":"https:\/\/www.cnbb.org.br\/cnbb-app\/wp\/v2\/comments?post=6751"}],"version-history":[{"count":0,"href":"https:\/\/www.cnbb.org.br\/cnbb-app\/wp\/v2\/posts\/6751\/revisions"}],"wp:featuredmedia":[{"embeddable":true,"href":"https:\/\/www.cnbb.org.br\/cnbb-app\/wp\/v2\/media\/6752"}],"wp:attachment":[{"href":"https:\/\/www.cnbb.org.br\/cnbb-app\/wp\/v2\/media?parent=6751"}],"wp:term":[{"taxonomy":"category","embeddable":true,"href":"https:\/\/www.cnbb.org.br\/cnbb-app\/wp\/v2\/categories?post=6751"},{"taxonomy":"post_tag","embeddable":true,"href":"https:\/\/www.cnbb.org.br\/cnbb-app\/wp\/v2\/tags?post=6751"}],"curies":[{"name":"wp","href":"https:\/\/api.w.org\/{rel}","templated":true}]}}