{"id":6759,"date":"2017-04-27T00:00:00","date_gmt":"2017-04-27T03:00:00","guid":{"rendered":"https:\/\/www.cnbb.org.br\/pastorais-sociais-realizam-encontro-regional\/"},"modified":"2017-04-27T00:00:00","modified_gmt":"2017-04-27T03:00:00","slug":"pastorais-sociais-realizam-encontro-regional","status":"publish","type":"post","link":"https:\/\/www.cnbb.org.br\/pastorais-sociais-realizam-encontro-regional\/","title":{"rendered":"Pastorais Sociais realizaram encontro regional em Guarapuava (PR)"},"content":{"rendered":"<p style=\"text-align: justify;\">Nos dias 21 a 23 de abril de 2017, estiveram reunidos em Guarapuava (PR), no Centro S\u00e3o Jo\u00e3o Diego, 57 agentes das pastorais sociais de 15 dioceses do regional Sul 2 da Confer\u00eancia Nacional dos Bispos do Brasil (CNBB). O encontro que teve como tema &#8220;Uma Pastoral Social Sociotransformadora&#8221; buscou\u00a0animar a caminhada das Pastorais Sociais do Paran\u00e1, \u00e0 luz da profecia do Evangelho, a partir dos desafios da realidade social, pastoral e pol\u00edtica.<\/p>\n<p style=\"text-align: justify;\">Num primeiro momento o encontro foi assessorado pelo professor da Faculdade Vicentina (Favi) e \u00a0assessor dos movimentos populares e pastorais sociais em Curitiba,\u00a0Andr\u00e9 Lander,\u00a0que fez uma vasta an\u00e1lise de conjuntura. Em seguida, o coordenador regional das Pastorais Sociais e coordenador Nacional da Pastoral Oper\u00e1ria, Jardel Lopes, falou sobre a Dimens\u00e3o Socioestrutural da Caridade Crist\u00e3.<\/p>\n<p style=\"text-align: justify;\">Na ocasi\u00e3o, houve trabalhos de grupo sobre a Pastoral de Conjunto, a partir do texto \u201cPastorais Sociais \u2013 Pastoral de Conjunto\u201d, do padre Francisco Aquino Junior (tema trabalhado na Comiss\u00e3o Nacional das Pastorais Sociais). Estiveram presentes agentes, militantes e coordena\u00e7\u00f5es das seguintes pastorais e organismos: Crian\u00e7a, Pessoa Idosa, Afro brasileira, Oper\u00e1ria, Conselho de Leigos, Juventude, Migrante, Carcer\u00e1ria, AIDS, CEBs, CPT, Sobriedade, Povo em situa\u00e7\u00e3o de Rua, Diversidade, Sa\u00fade, Caritas.<\/p>\n<p style=\"text-align: justify;\"><a href=\"https:\/\/www.youtube.com\/watch?v=0eU2w4X3-rQ\" data-rel=\"lightbox-video-0\" target=\"_blank\" rel=\"noopener\">Acesse o v\u00eddeo <\/a>das Pastorais Sociais com posicionamento sobre as Reformas do Governo e a <a href=\"https:\/\/drive.google.com\/file\/d\/0BzOahakBoVpnV3prZzRCd0tYdzQ\/view\" target=\"_blank\" rel=\"noopener\">carta final<\/a> do<\/p>\n","protected":false},"excerpt":{"rendered":"<p>Participaram 57 agentes de 15 dioceses do regional Sul 2 da CNBB<\/p>\n","protected":false},"author":83,"featured_media":6760,"comment_status":"closed","ping_status":"open","sticky":false,"template":"","format":"standard","meta":{"site-sidebar-layout":"default","site-content-layout":"default","ast-global-header-display":"","ast-banner-title-visibility":"","ast-main-header-display":"","ast-hfb-above-header-display":"","ast-hfb-below-header-display":"","ast-hfb-mobile-header-display":"","site-post-title":"","ast-breadcrumbs-content":"","ast-featured-img":"","footer-sml-layout":"","theme-transparent-header-meta":"","adv-header-id-meta":"","stick-header-meta":"","header-above-stick-meta":"","header-main-stick-meta":"","header-below-stick-meta":""},"categories":[769,781],"tags":[],"acf":[],"_links":{"self":[{"href":"https:\/\/www.cnbb.org.br\/cnbb-app\/wp\/v2\/posts\/6759"}],"collection":[{"href":"https:\/\/www.cnbb.org.br\/cnbb-app\/wp\/v2\/posts"}],"about":[{"href":"https:\/\/www.cnbb.org.br\/cnbb-app\/wp\/v2\/types\/post"}],"author":[{"embeddable":true,"href":"https:\/\/www.cnbb.org.br\/cnbb-app\/wp\/v2\/users\/83"}],"replies":[{"embeddable":true,"href":"https:\/\/www.cnbb.org.br\/cnbb-app\/wp\/v2\/comments?post=6759"}],"version-history":[{"count":0,"href":"https:\/\/www.cnbb.org.br\/cnbb-app\/wp\/v2\/posts\/6759\/revisions"}],"wp:featuredmedia":[{"embeddable":true,"href":"https:\/\/www.cnbb.org.br\/cnbb-app\/wp\/v2\/media\/6760"}],"wp:attachment":[{"href":"https:\/\/www.cnbb.org.br\/cnbb-app\/wp\/v2\/media?parent=6759"}],"wp:term":[{"taxonomy":"category","embeddable":true,"href":"https:\/\/www.cnbb.org.br\/cnbb-app\/wp\/v2\/categories?post=6759"},{"taxonomy":"post_tag","embeddable":true,"href":"https:\/\/www.cnbb.org.br\/cnbb-app\/wp\/v2\/tags?post=6759"}],"curies":[{"name":"wp","href":"https:\/\/api.w.org\/{rel}","templated":true}]}}