{"id":6761,"date":"2017-04-27T00:00:00","date_gmt":"2017-04-27T03:00:00","guid":{"rendered":"https:\/\/www.cnbb.org.br\/oracao-dos-bispos-do-regional-centro-oeste-da-cnbb-pelo-atual-momento-do-brasil\/"},"modified":"2017-04-27T00:00:00","modified_gmt":"2017-04-27T03:00:00","slug":"oracao-dos-bispos-do-regional-centro-oeste-da-cnbb-pelo-atual-momento-do-brasil","status":"publish","type":"post","link":"https:\/\/www.cnbb.org.br\/oracao-dos-bispos-do-regional-centro-oeste-da-cnbb-pelo-atual-momento-do-brasil\/","title":{"rendered":"Ora\u00e7\u00e3o dos Bispos do Regional Centro-Oeste da CNBB pelo atual momento do Brasil"},"content":{"rendered":"<p style=\"text-align: justify;\">Reunidos no Conselho Episcopal Regional (Conser), nos dias 27 a 30 de mar\u00e7o, os bispos do Regional Centro-Oeste da CNBB prepararam uma ora\u00e7\u00e3o pelo atual momento do Brasil. No texto, eles convocam todas as Igrejas particulares de Goi\u00e1s e do Distrito Federal a terem discernimento e coragem para construir um novo mundo poss\u00edvel. Os bispos lembram, na ora\u00e7\u00e3o, que a Campanha da Fraternidade deste ano, cujo tema \u00e9 \u201cFraternidade: biomas brasileiros e defesa da vida\u201d \u00e9 um momento importante de renova\u00e7\u00e3o do compromisso em defesa da vida. Eles tamb\u00e9m refletem sobre a P\u00e1scoa e rezam para que o Senhor nos liberte das trevas deste mundo: medo, desesperan\u00e7a, viol\u00eancia, descr\u00e9dito, corrup\u00e7\u00e3o, desconfian\u00e7a. Por fim, pedem a intercess\u00e3o de Nossa Senhora, para que rogue ao pa\u00eds e ao seu povo, cravado nas dioceses espalhadas por todo o pa\u00eds.<\/p>\n<p style=\"text-align: center;\"><span style=\"color: #800000;\"><strong>Ora\u00e7\u00e3o dos Bispos do Regional Centro-Oeste da CNBB pelo atual momento do Brasil<\/strong><\/span><\/p>\n<p style=\"text-align: justify;\">Senhor, confiaste-nos o pastoreio nas Dioceses do Regional Centro-Oeste. Unidos a Ti, \u00f3 supremo e misericordioso Pastor, e movidos pelo Teu desejo de unidade e de colegialidade, nos encontramos para rezar juntos e para refletir sobre a caminhada de nossas Igrejas diocesanas e sobre o atual momento brasileiro. Com os nossos cora\u00e7\u00f5es unidos pela ora\u00e7\u00e3o, Te pedimos que as nossas palavras venham primeiro de Ti e que ajudem a lan\u00e7ar luzes de discernimento e coragem para construir um novo mundo poss\u00edvel ao nosso Brasil.<\/p>\n<p style=\"text-align: justify;\">Pai Eterno, de Tuas m\u00e3os todas as coisas foram criadas. Como o oleiro com a obra de sua arte, nos deste a figura de Tua imagem e semelhan\u00e7a. Movidas pela cobi\u00e7a e pela gan\u00e2ncia, avan\u00e7am sem limites as fronteiras da monocultura e a idolatria do mercado, destruindo os biomas brasileiros, privatizando o controle das sementes, secando rios e nascentes, devastando o jardim da cria\u00e7\u00e3o divina e desfigurando a vida humana. Por isso, com a Campanha da Fraternidade, que estamos promovendo e incentivando, renovamos nosso compromisso de defesa da vida no Cerrado brasileiro, com suas \u00e1guas, sua biodiversidade e com o povo que aqui habita, em sua dignidade, cultura e f\u00e9, na defesa da vida.<\/p>\n<p style=\"text-align: justify;\">Senhor Jesus, Verbo eterno feito carne, amor de todos os amores, nosso redentor e salvador, que um dia nos chamaste a segui-lo e nos enviaste em miss\u00e3o! Hoje, compartilhando com os sofrimentos e encruzilhadas de nosso pa\u00eds conflagrado, meditamos sobre a Tua cruz: a falta de uma casa onde pudesses nascer; a fuga apressada de Teus pais, contigo ao colo, para proteg\u00ea-lo da f\u00faria de Herodes, amea\u00e7ado em seu poder; as investidas que enfrentaste dos fanatismos farisaicos e daqueles que manipulavam o povo para Te crucificar; o julgamento tendencioso que Te condenou \u00e0 pena de morte no meio de dois ladr\u00f5es, tamb\u00e9m julgados pelas autoridades que oprimiam e expropriavam o povo.<\/p>\n<p style=\"text-align: justify;\">Senhor Jesus, como ao cego Bartimeu, ajuda-nos a enxergar e a contribuir para compreender melhor a realidade de nosso querido Brasil. Faze com que a nossa pol\u00edtica brasileira seja o lugar de aut\u00eantico empenho pelo bem comum, com a constru\u00e7\u00e3o de consensos coletivos e de aten\u00e7\u00e3o preferencial aos mais vulner\u00e1veis, superando as lutas fratricidas pelas derrubadas e conquistas do poder. Ajuda-nos na reconstru\u00e7\u00e3o da \u00e9tica e da democracia, vencendo a corrup\u00e7\u00e3o que dilacera o Estado, a sociedade e cada pessoa.<\/p>\n<p style=\"text-align: justify;\">Orienta os brasileiros para edificarmos um judici\u00e1rio imparcial e sem corporativismo, para elaborarmos uma reforma pol\u00edtica capaz de conduzir \u00e0s escolhas honestas e limpas, para formularmos uma previd\u00eancia e uma legisla\u00e7\u00e3o trabalhista que protejam os idosos, os mais pobres, e os trabalhadores do campo e da cidade.<\/p>\n<p style=\"text-align: justify;\">Divino Esp\u00edrito Santo, que \u00e9s a for\u00e7a de vida na cria\u00e7\u00e3o do mundo, a fecundidade no ventre de Maria, a coragem da Igreja pascal impulsionada em Pentecostes! Envia-nos a tua luz para iluminar os caminhos da nossa f\u00e9, os rumos de nossa pastoral, as sa\u00eddas para a recupera\u00e7\u00e3o sustent\u00e1vel de nossa economia, as possibilidades \u00e9ticas para a reconstru\u00e7\u00e3o pol\u00edtica de nossa p\u00e1tria, a defesa da vida humana desde a sua concep\u00e7\u00e3o no ventre materno at\u00e9 o seu decl\u00ednio natural, a prote\u00e7\u00e3o da fam\u00edlia como fundamento para a exist\u00eancia da sociedade e da civiliza\u00e7\u00e3o. Liberta-nos das trevas do medo, da desesperan\u00e7a, da viol\u00eancia, do descr\u00e9dito, da corrup\u00e7\u00e3o, da desconfian\u00e7a, da falta de horizontes de futuro e dos atentados ideol\u00f3gicos contra a natureza e a identidade do homem e da mulher. Ajuda-nos a ver e a fazer ver um novo Brasil, justo, fraterno e solid\u00e1rio.<\/p>\n<p style=\"text-align: justify;\">\u00d3 Maria, que no cora\u00e7\u00e3o da Trindade Santa \u00e9s coroada como a Rainha do c\u00e9u e da terra! \u00d3 advogada nossa, neste ano lembramos o centen\u00e1rio de tua apari\u00e7\u00e3o em F\u00e1tima e os 300 anos do achado de tua imagem em Aparecida. Roga ao teu Filho pelo nosso Brasil. Roga pelas nossas dioceses. Roga por n\u00f3s, agora e na hora de nossa morte!<\/p>\n<p style=\"text-align: justify;\">Am\u00e9m!<\/p>\n<p style=\"text-align: justify;\">Fonte:<\/p>\n<p>http:\/\/www.cnbbco.com<\/p>\n","protected":false},"excerpt":{"rendered":"<p>No texto, eles convocam ao discernimento para construir um novo mundo<\/p>\n","protected":false},"author":83,"featured_media":0,"comment_status":"closed","ping_status":"open","sticky":false,"template":"","format":"standard","meta":{"site-sidebar-layout":"default","site-content-layout":"default","ast-global-header-display":"","ast-banner-title-visibility":"","ast-main-header-display":"","ast-hfb-above-header-display":"","ast-hfb-below-header-display":"","ast-hfb-mobile-header-display":"","site-post-title":"","ast-breadcrumbs-content":"","ast-featured-img":"","footer-sml-layout":"","theme-transparent-header-meta":"","adv-header-id-meta":"","stick-header-meta":"","header-above-stick-meta":"","header-main-stick-meta":"","header-below-stick-meta":""},"categories":[782,769],"tags":[],"acf":[],"_links":{"self":[{"href":"https:\/\/www.cnbb.org.br\/cnbb-app\/wp\/v2\/posts\/6761"}],"collection":[{"href":"https:\/\/www.cnbb.org.br\/cnbb-app\/wp\/v2\/posts"}],"about":[{"href":"https:\/\/www.cnbb.org.br\/cnbb-app\/wp\/v2\/types\/post"}],"author":[{"embeddable":true,"href":"https:\/\/www.cnbb.org.br\/cnbb-app\/wp\/v2\/users\/83"}],"replies":[{"embeddable":true,"href":"https:\/\/www.cnbb.org.br\/cnbb-app\/wp\/v2\/comments?post=6761"}],"version-history":[{"count":0,"href":"https:\/\/www.cnbb.org.br\/cnbb-app\/wp\/v2\/posts\/6761\/revisions"}],"wp:attachment":[{"href":"https:\/\/www.cnbb.org.br\/cnbb-app\/wp\/v2\/media?parent=6761"}],"wp:term":[{"taxonomy":"category","embeddable":true,"href":"https:\/\/www.cnbb.org.br\/cnbb-app\/wp\/v2\/categories?post=6761"},{"taxonomy":"post_tag","embeddable":true,"href":"https:\/\/www.cnbb.org.br\/cnbb-app\/wp\/v2\/tags?post=6761"}],"curies":[{"name":"wp","href":"https:\/\/api.w.org\/{rel}","templated":true}]}}