{"id":6772,"date":"2017-04-27T00:00:00","date_gmt":"2017-04-27T03:00:00","guid":{"rendered":"https:\/\/www.cnbb.org.br\/dom-joel-portella-o-mundo-esta-vivendo-aceleracao-muito-rapida-e-a-crise-das-mediacoes\/"},"modified":"2017-04-27T00:00:00","modified_gmt":"2017-04-27T03:00:00","slug":"dom-joel-portella-o-mundo-esta-vivendo-aceleracao-muito-rapida-e-a-crise-das-mediacoes","status":"publish","type":"post","link":"https:\/\/www.cnbb.org.br\/dom-joel-portella-o-mundo-esta-vivendo-aceleracao-muito-rapida-e-a-crise-das-mediacoes\/","title":{"rendered":"Dom Joel Portella: &#8220;o mundo est\u00e1 vivendo acelera\u00e7\u00e3o muito r\u00e1pida e a crise das media\u00e7\u00f5es&#8221;"},"content":{"rendered":"<p style=\"text-align: justify;\">O Conselho Permanente da Confer\u00eancia Nacional dos Bispos do Brasil (CNBB) fez a op\u00e7\u00e3o de retomar na 55\u00aa Assembleia Geral o significado dos 10 anos de anivers\u00e1rio de realiza\u00e7\u00e3o da 5\u00aa Confer\u00eancia Episcopal Latino Americana e Caribenha, realizada de 13 a 30 de maio de 2007, em Aparecida (SP), da qual participaram 16 bispos brasileiros e o Papa Bento XVI.<\/p>\n<p style=\"text-align: justify;\">Na Coletiva de Imprensa, realizada na tarde do dia 27 de abril, o bispo auxiliar do Rio de Janeiro, dom Joel Portella Amado, ajudou a retomar esta trajet\u00f3ria, destacando como a Igreja do Brasil vem recepcionado e incorporando as inspira\u00e7\u00f5es dessa Confer\u00eancia e qual a sua inspira\u00e7\u00e3o para a 55\u00aa Assembleia Geral dos Bispos do Brasil.<\/p>\n<p style=\"text-align: justify;\">Segundo dom Joel, a 5\u00aa Confer\u00eancia proclamou a miss\u00e3o como eixo central da Igreja e convidou a Igreja a formar disc\u00edpulos mission\u00e1rios e partir do encontro pessoal com Jesus Cristo. Antes da Confer\u00eancia de Aparecida, para o bispo, a Igreja supunha que Jesus Cristo estava sendo conhecido. Para Aparecida, disse o bispo, a quest\u00e3o central \u00e9 a da transmiss\u00e3o da f\u00e9, que se liga com o tema central da 55\u00aa Assembleia Geral dos Bispos do Brasil.<\/p>\n<p style=\"text-align: justify;\"><strong>Convers\u00e3o pastoral<\/strong><br \/>\nO bispo disse que se fosse poss\u00edvel resumir a confer\u00eancia de Aparecida em uma frase, esta seria: \u201cconvers\u00e3o pastoral\u201d, o que sup\u00f5e uma mudan\u00e7a n\u00e3o no que se anuncia, mas no \u201ccomo\u201d se anuncia, com novo m\u00e9todo e fazer pastoral adaptado a cada realidade, lugar e tempo. \u201cAparecida assume que os mecanismos e m\u00e9todos tradicionais de transmiss\u00e3o da f\u00e9 j\u00e1 n\u00e3o funcionam\u201d, disse.<\/p>\n<p style=\"text-align: justify;\">Para o bispo, a Igreja do Brasil vem assumindo as inspira\u00e7\u00f5es de Aparecida nas urg\u00eancias e em suas 5 Diretrizes Gerais da A\u00e7\u00e3o Evangelizadora. \u201cNa 55\u00aa Assembleia Geral, estamos aprofundando uma das urg\u00eancias: Igreja \u2013 casa de inicia\u00e7\u00e3o \u00e0 vida crist\u00e3\u201d, disse.<\/p>\n<p style=\"text-align: justify;\">O bispo destacou ainda as mudan\u00e7as ocorridas na sociedade nos dez anos ap\u00f3s a confer\u00eancia de Aparecida. \u201cO mundo est\u00e1 vivendo duas caracter\u00edsticas, a acelera\u00e7\u00e3o muito r\u00e1pida e a crise das media\u00e7\u00f5es pol\u00edticas e econ\u00f4micas\u201d, disse. S\u00e3o desafios, nesse contexto segundo ele, as redes sociais e m\u00eddias digitais, a educa\u00e7\u00e3o e as grandes cidades.<\/p>\n<p style=\"text-align: justify;\">Na Igreja, o bispo apontou como fato marcante, nesses dez anos, o pontificado do Papa Francisco, que trouxe uma nova consci\u00eancia ecol\u00f3gica por meio da Enc\u00edclica \u201cLaudato Si\u201d. Na Confer\u00eancia de Aparecida, o Papa Francisco, ainda como Cardeal Jorge Mario Bergoglio, foi o presidente da Comiss\u00e3o de Reda\u00e7\u00e3o do documento final.<br \/>\nAs Confer\u00eancias Episcopais Latino Americanas come\u00e7aram a ser realizadas, ap\u00f3s o Conc\u00edlio Vaticano II. Na Am\u00e9rica Latina e Caribe foram realizadas as de Puebla, em 1968; Medel\u00edn, em 1979; Santo Domingo, em 1992; e Aparecida, em 2007. Nenhum outro continente realiza confer\u00eancias.<\/p>\n","protected":false},"excerpt":{"rendered":"<p>As inspira\u00e7\u00f5es da 5\u00aa. Confer\u00eancia Episcopal est\u00e3o sendo assumidas, pela Igreja no Brasil, em diretrizes gerais da a\u00e7\u00e3o evangelizadora<\/p>\n","protected":false},"author":83,"featured_media":6773,"comment_status":"closed","ping_status":"open","sticky":false,"template":"","format":"standard","meta":{"site-sidebar-layout":"default","site-content-layout":"default","ast-global-header-display":"","ast-banner-title-visibility":"","ast-main-header-display":"","ast-hfb-above-header-display":"","ast-hfb-below-header-display":"","ast-hfb-mobile-header-display":"","site-post-title":"","ast-breadcrumbs-content":"","ast-featured-img":"","footer-sml-layout":"","theme-transparent-header-meta":"","adv-header-id-meta":"","stick-header-meta":"","header-above-stick-meta":"","header-main-stick-meta":"","header-below-stick-meta":""},"categories":[757,745,744],"tags":[],"acf":[],"_links":{"self":[{"href":"https:\/\/www.cnbb.org.br\/cnbb-app\/wp\/v2\/posts\/6772"}],"collection":[{"href":"https:\/\/www.cnbb.org.br\/cnbb-app\/wp\/v2\/posts"}],"about":[{"href":"https:\/\/www.cnbb.org.br\/cnbb-app\/wp\/v2\/types\/post"}],"author":[{"embeddable":true,"href":"https:\/\/www.cnbb.org.br\/cnbb-app\/wp\/v2\/users\/83"}],"replies":[{"embeddable":true,"href":"https:\/\/www.cnbb.org.br\/cnbb-app\/wp\/v2\/comments?post=6772"}],"version-history":[{"count":0,"href":"https:\/\/www.cnbb.org.br\/cnbb-app\/wp\/v2\/posts\/6772\/revisions"}],"wp:featuredmedia":[{"embeddable":true,"href":"https:\/\/www.cnbb.org.br\/cnbb-app\/wp\/v2\/media\/6773"}],"wp:attachment":[{"href":"https:\/\/www.cnbb.org.br\/cnbb-app\/wp\/v2\/media?parent=6772"}],"wp:term":[{"taxonomy":"category","embeddable":true,"href":"https:\/\/www.cnbb.org.br\/cnbb-app\/wp\/v2\/categories?post=6772"},{"taxonomy":"post_tag","embeddable":true,"href":"https:\/\/www.cnbb.org.br\/cnbb-app\/wp\/v2\/tags?post=6772"}],"curies":[{"name":"wp","href":"https:\/\/api.w.org\/{rel}","templated":true}]}}