{"id":6790,"date":"2017-04-29T00:00:00","date_gmt":"2017-04-29T03:00:00","guid":{"rendered":"https:\/\/www.cnbb.org.br\/mensagem-da-cnbb-aos-trabalhadores-e-trabalhadoras-do-brasil\/"},"modified":"2017-04-29T00:00:00","modified_gmt":"2017-04-29T03:00:00","slug":"mensagem-da-cnbb-aos-trabalhadores-e-trabalhadoras-do-brasil","status":"publish","type":"post","link":"https:\/\/www.cnbb.org.br\/mensagem-da-cnbb-aos-trabalhadores-e-trabalhadoras-do-brasil\/","title":{"rendered":"&#8220;O grave momento nacional&#8221;"},"content":{"rendered":"<p>\u201cBuscai em primeiro lugar o Reino de Deus e a sua justi\u00e7a\u201d (Mt 6,33)<\/p>\n<p style=\"text-align: justify;\">A Confer\u00eancia Nacional dos Bispos do Brasil\u2013CNBB, por ocasi\u00e3o de sua 55\u00aa Assembleia Geral, reunida em Aparecida-SP, de 26 de abril a 5 de maio de 2017, sente-se no dever de, mais uma vez, apresentar \u00e0 sociedade brasileira suas reflex\u00f5es e apreens\u00f5es diante da delicada conjuntura pol\u00edtica, econ\u00f4mica e social pela qual vem passando o Brasil. N\u00e3o compete \u00e0 Igreja apresentar solu\u00e7\u00f5es t\u00e9cnicas para os graves problemas vividos pelo Pa\u00eds, mas oferecer ao povo brasileiro a luz do Evangelho para a edifica\u00e7\u00e3o de \u201cuma sociedade \u00e0 medida do homem, da sua dignidade, da sua voca\u00e7\u00e3o\u201d (Bento XVI \u2013 Caritas in Veritate, 9).<\/p>\n<p style=\"text-align: justify;\">O que est\u00e1 acontecendo com o Brasil? Um Pa\u00eds perplexo diante de agentes p\u00fablicos e privados que ignoram a \u00e9tica e abrem m\u00e3o dos princ\u00edpios morais, base indispens\u00e1vel de uma na\u00e7\u00e3o que se queira justa e fraterna. O desprezo da \u00e9tica leva a uma rela\u00e7\u00e3o prom\u00edscua entre interesses p\u00fablicos e privados, raz\u00e3o primeira dos esc\u00e2ndalos da corrup\u00e7\u00e3o. Urge, portanto, retomar o caminho da \u00e9tica como condi\u00e7\u00e3o indispens\u00e1vel para que o Brasil reconstrua seu tecido social. S\u00f3 assim a sociedade ter\u00e1 condi\u00e7\u00f5es de lutar contra seus males mais evidentes: viol\u00eancia contra a pessoa e a vida, contra a fam\u00edlia, tr\u00e1fico de drogas e outros neg\u00f3cios il\u00edcitos, excessos no uso da for\u00e7a policial, corrup\u00e7\u00e3o, sonega\u00e7\u00e3o fiscal, malversa\u00e7\u00e3o dos bens p\u00fablicos, abuso do poder econ\u00f4mico e pol\u00edtico, poder discricion\u00e1rio dos meios de comunica\u00e7\u00e3o social, crimes ambientais (cf. Documentos da CNBB 50\u2013 \u00c9tica, Pessoa e Sociedade \u2013 n. 130)<\/p>\n<p style=\"text-align: justify;\">O Estado democr\u00e1tico de direito, reconquistado com intensa participa\u00e7\u00e3o popular ap\u00f3s o regime de exce\u00e7\u00e3o, corre riscos na medida em que crescem o descr\u00e9dito e o desencanto com a pol\u00edtica e com os Poderes da Rep\u00fablica cuja pr\u00e1tica tem demonstrado enorme distanciamento das aspira\u00e7\u00f5es de grande parte da popula\u00e7\u00e3o. \u00c9 preciso construir uma democracia verdadeiramente participativa. Dessa forma se poder\u00e1 superar o fisiologismo pol\u00edtico que leva a barganhas sem escr\u00fapulos, com graves consequ\u00eancias para o bem do povo brasileiro.<\/p>\n<p style=\"text-align: justify;\">\u00c9 sempre mais necess\u00e1ria uma profunda reforma do sistema pol\u00edtico brasileiro. Com o exerc\u00edcio desfigurado e desacreditado da pol\u00edtica, vem a tenta\u00e7\u00e3o de ignorar os pol\u00edticos e os governantes, permitindo-lhes decidir os destinos do Brasil a seu bel prazer. Desconsiderar os partidos e desinteressar-se da pol\u00edtica favorece a ascens\u00e3o de \u201csalvadores da p\u00e1tria\u201d e o surgimento de regimes autocr\u00e1ticos. Aos pol\u00edticos n\u00e3o \u00e9 l\u00edcito exercer a pol\u00edtica de outra forma que n\u00e3o seja para a constru\u00e7\u00e3o do bem comum. Da\u00ed, a necessidade de se abandonar a velha pr\u00e1tica do \u201ctoma l\u00e1, d\u00e1 c\u00e1\u201d como moeda de troca para atender a interesses privados em preju\u00edzo dos interesses p\u00fablicos.<\/p>\n<p style=\"text-align: justify;\">Intimamente unida \u00e0 pol\u00edtica, a economia globalizada tem sido um verdadeiro supl\u00edcio para a maioria da popula\u00e7\u00e3o brasileira, uma vez que d\u00e1 primazia ao mercado, em detrimento da pessoa humana e ao capital em detrimento do trabalho, quando deveria ser o contr\u00e1rio. Essa economia mata e revela que a raiz da crise \u00e9 antropol\u00f3gica, por negar a primazia do ser humano sobre o capital (cf. Evangelii Gaudium, 53-57). Em nome da retomada do desenvolvimento, n\u00e3o \u00e9 justo submeter o Estado ao mercado. Quando \u00e9 o mercado que governa, o Estado torna-se fraco e acaba submetido a uma perversa l\u00f3gica financista. Recorde-se, com o Papa Francisco, que \u201co dinheiro \u00e9 para servir e n\u00e3o para governar\u201d (Evangelii Gaudium 58).<\/p>\n<p style=\"text-align: justify;\">O desenvolvimento social, crit\u00e9rio de legitima\u00e7\u00e3o de pol\u00edticas econ\u00f4micas, requer pol\u00edticas p\u00fablicas que atendam \u00e0 popula\u00e7\u00e3o, especialmente a que se encontra em situa\u00e7\u00e3o vulner\u00e1vel. A insufici\u00eancia dessas pol\u00edticas est\u00e1 entre as causas da exclus\u00e3o e da viol\u00eancia, que atingem milh\u00f5es de brasileiros. S\u00e3o catalisadores de viol\u00eancia: a impunidade; os crescentes conflitos na cidade e no campo; o desemprego; a desigualdade social; a desconstru\u00e7\u00e3o dos direitos de comunidades tradicionais; a falta de reconhecimento e demarca\u00e7\u00e3o dos territ\u00f3rios ind\u00edgenas e quilombolas; a degrada\u00e7\u00e3o ambiental; a criminaliza\u00e7\u00e3o de movimentos sociais e populares; a situa\u00e7\u00e3o deplor\u00e1vel do sistema carcer\u00e1rio. \u00c9 preocupante, tamb\u00e9m, a falta de perspectivas de futuro para os jovens. Igualmente desafiador \u00e9 o crime organizado, presente em diversos \u00e2mbitos da sociedade.<\/p>\n<p style=\"text-align: justify;\">Nas cidades, atos de viol\u00eancia espalham terror, vitimam as pessoas e causam danos ao patrim\u00f4nio p\u00fablico e privado. Ocorridos recentemente, o massacre de trabalhadores rurais no munic\u00edpio de Colniza, no Mato Grosso, e o ataque ao povo ind\u00edgena Gamela, em Viana, no Maranh\u00e3o, s\u00e3o barb\u00e1ries que vitimaram os mais pobres. Essas ocorr\u00eancias exigem imediatas provid\u00eancias das autoridades competentes na apura\u00e7\u00e3o e puni\u00e7\u00e3o dos respons\u00e1veis.<\/p>\n<p style=\"text-align: justify;\">No esfor\u00e7o de supera\u00e7\u00e3o do grave momento atual, s\u00e3o necess\u00e1rias reformas, que se legitimam quando obedecem \u00e0 l\u00f3gica do di\u00e1logo com toda a sociedade, com vistas ao bem comum. Do Judici\u00e1rio, a quem compete garantir o direito e a justi\u00e7a para todos, espera-se atua\u00e7\u00e3o independente e aut\u00f4noma, no estrito cumprimento da lei. Da M\u00eddia espera-se que seja livre, plural e independente, para que se coloque a servi\u00e7o da verdade.<\/p>\n<p style=\"text-align: justify;\">N\u00e3o h\u00e1 futuro para uma sociedade na qual se dissolve a verdadeira fraternidade. Por isso, urge a constru\u00e7\u00e3o de um projeto vi\u00e1vel de na\u00e7\u00e3o justa, solid\u00e1ria e fraterna. \u201c\u00c9 necess\u00e1rio procurar uma sa\u00edda para a sufocante disputa entre a tese neoliberal e a neoestatista (\u2026). A mera atualiza\u00e7\u00e3o de velhas categorias de pensamentos, ou o recurso a sofisticadas t\u00e9cnicas de decis\u00f5es coletivas, n\u00e3o \u00e9 suficiente. \u00c9 necess\u00e1rio buscar caminhos novos inspirados na mensagem de Cristo\u201d (Papa Francisco \u2013 Sess\u00e3o Plen\u00e1ria da Pontif\u00edcia Academia das Ci\u00eancias Sociais \u2013 24 de abril de 2017).<\/p>\n<p style=\"text-align: justify;\">O povo brasileiro tem coragem, f\u00e9 e esperan\u00e7a. Est\u00e1 em suas m\u00e3os defender a dignidade e a liberdade, promover uma cultura de paz para todos, lutar pela justi\u00e7a e pela causa dos oprimidos e fazer do Brasil uma na\u00e7\u00e3o respeitada.<\/p>\n<p style=\"text-align: justify;\">A CNBB est\u00e1 sempre \u00e0 disposi\u00e7\u00e3o para colaborar na busca de solu\u00e7\u00f5es para o grave momento que vivemos e conclama os cat\u00f3licos e as pessoas de boa vontade a participarem, consciente e ativamente, na constru\u00e7\u00e3o do Brasil que queremos.<\/p>\n<p style=\"text-align: justify;\">No Ano Nacional Mariano, confiamos o povo brasileiro, com suas ang\u00fastias, anseios e esperan\u00e7as, ao cora\u00e7\u00e3o de Nossa Senhora Aparecida, Padroeira do Brasil. Deus nos aben\u00e7oe!<\/p>\n<p>Aparecida \u2013 SP, 3 de maio de 2017.<\/p>\n<p>Cardeal Sergio da Rocha<br \/>\nArcebispo de Bras\u00edlia<br \/>\nPresidente da CNBB<\/p>\n<p>Dom Murilo Sebasti\u00e3o Ramos Krieger, SCJ<br \/>\nArcebispo de S\u00e3o Salvador da Bahia<br \/>\nVice-Presidente da CNBB<\/p>\n<p>Dom Leonardo Ulrich Steiner<br \/>\nBispo Auxiliar de Bras\u00edlia<br \/>\nSecret\u00e1rio-Geral da CNBB<\/p>\n","protected":false},"excerpt":{"rendered":"<p>Na segunda nota da 55\u00aa Assembleia Geral, em Aparecida(SP), bispos afirmam que s\u00f3 di\u00e1logo com toda a sociedade legitima as reformas necess\u00e1rias rumo a um novo projeto de na\u00e7\u00e3o que tenha como horizonte o bem comum.<\/p>\n","protected":false},"author":83,"featured_media":6791,"comment_status":"closed","ping_status":"open","sticky":false,"template":"","format":"standard","meta":{"site-sidebar-layout":"default","site-content-layout":"default","ast-global-header-display":"","ast-banner-title-visibility":"","ast-main-header-display":"","ast-hfb-above-header-display":"","ast-hfb-below-header-display":"","ast-hfb-mobile-header-display":"","site-post-title":"","ast-breadcrumbs-content":"","ast-featured-img":"","footer-sml-layout":"","theme-transparent-header-meta":"","adv-header-id-meta":"","stick-header-meta":"","header-above-stick-meta":"","header-main-stick-meta":"","header-below-stick-meta":""},"categories":[785],"tags":[],"acf":[],"_links":{"self":[{"href":"https:\/\/www.cnbb.org.br\/cnbb-app\/wp\/v2\/posts\/6790"}],"collection":[{"href":"https:\/\/www.cnbb.org.br\/cnbb-app\/wp\/v2\/posts"}],"about":[{"href":"https:\/\/www.cnbb.org.br\/cnbb-app\/wp\/v2\/types\/post"}],"author":[{"embeddable":true,"href":"https:\/\/www.cnbb.org.br\/cnbb-app\/wp\/v2\/users\/83"}],"replies":[{"embeddable":true,"href":"https:\/\/www.cnbb.org.br\/cnbb-app\/wp\/v2\/comments?post=6790"}],"version-history":[{"count":0,"href":"https:\/\/www.cnbb.org.br\/cnbb-app\/wp\/v2\/posts\/6790\/revisions"}],"wp:featuredmedia":[{"embeddable":true,"href":"https:\/\/www.cnbb.org.br\/cnbb-app\/wp\/v2\/media\/6791"}],"wp:attachment":[{"href":"https:\/\/www.cnbb.org.br\/cnbb-app\/wp\/v2\/media?parent=6790"}],"wp:term":[{"taxonomy":"category","embeddable":true,"href":"https:\/\/www.cnbb.org.br\/cnbb-app\/wp\/v2\/categories?post=6790"},{"taxonomy":"post_tag","embeddable":true,"href":"https:\/\/www.cnbb.org.br\/cnbb-app\/wp\/v2\/tags?post=6790"}],"curies":[{"name":"wp","href":"https:\/\/api.w.org\/{rel}","templated":true}]}}