{"id":6792,"date":"2017-04-29T00:00:00","date_gmt":"2017-04-29T03:00:00","guid":{"rendered":"https:\/\/www.cnbb.org.br\/dom-luiz-soares-vieira-o-bispo-emerito-esta-no-entardecer-da-vida\/"},"modified":"2017-04-29T00:00:00","modified_gmt":"2017-04-29T03:00:00","slug":"dom-luiz-soares-vieira-o-bispo-emerito-esta-no-entardecer-da-vida","status":"publish","type":"post","link":"https:\/\/www.cnbb.org.br\/dom-luiz-soares-vieira-o-bispo-emerito-esta-no-entardecer-da-vida\/","title":{"rendered":"Dom Luiz Soares Vieira na Coletiva de Imprensa: \u201co bispo em\u00e9rito est\u00e1 no entardecer da vida\u201d"},"content":{"rendered":"<p style=\"text-align: justify;\">E a 55\u00aa Assembleia Geral da Confer\u00eancia Nacional dos Bispos do Brasil (CNBB) segue seus trabalhos. Neste terceiro dia, durante a coletiva de imprensa desta sexta-feira, dia 28 de abril, o arcebispo em\u00e9rito de Manaus (AM) e presidente da Comiss\u00e3o Episcopal especial para os Bispos Em\u00e9ritos, dom Luiz Soares Vieira, abordou a situa\u00e7\u00e3o atual dos bispos em\u00e9ritos no Brasil.<\/p>\n<p style=\"text-align: justify;\">Ele esclareceu que quando um bispo completa 75 anos, apresenta uma carta ao Papa que, por sua vez, analisa a situa\u00e7\u00e3o e, aproximadamente depois de um ano, aceita a ren\u00fancia do bispo. Ent\u00e3o, o mesmo vive aonde deseja. Ele continua a ser bispo, mas passa a ser em\u00e9rito e n\u00e3o tem mais o governo de uma diocese. Poder\u00e1 fazer crismas e presidir outros sacramentos, mas n\u00e3o ter\u00e1 mais a responsabilidade de governar uma diocese.<\/p>\n<p style=\"text-align: justify;\">Quando fica em\u00e9rito, explica dom Luiz, \u201co bispo deixa de ser membro da CNBB. Desta forma, a Confer\u00eancia Nacional dos Bispos criou uma comiss\u00e3o dirigida aos bispos em\u00e9ritos, visto que h\u00e1 uma preocupa\u00e7\u00e3o com a situa\u00e7\u00e3o dos bispos aposentados do Brasil\u201d. Ele informou que atualmente temos 172 bispos em\u00e9ritos no pa\u00eds, ou seja, \u201csomos um ter\u00e7o do episcopado brasileiro. No ritmo que vai, em breve seremos 200, o que \u00e9 um n\u00famero bastante significativo. A cada ano tem uma turma que completa 75 anos e vai sendo substitu\u00edda\u201d.<\/p>\n<p>Diante deste cen\u00e1rio surgem, ent\u00e3o, alguns problemas. Um deles: quem sustenta o bispo em\u00e9rito? Segundo dom Luiz, deve ser a diocese onde ele foi bispo. \u201cClaro que a CNBB tamb\u00e9m tem a sua responsabilidade e o C\u00f3digo de Direito Can\u00f4nico diz isso. Quando a diocese \u00e9 muito pobre, pode-se fazer uso de um fundo criado pela CNBB e que ajuda as dioceses a manterem os bispos em\u00e9ritos\u201d.<\/p>\n<p style=\"text-align: justify;\">E o arcebispo em\u00e9rito de Manaus continuou sua fala, destacando que se trata de \u201cum momento bonito da vida. Sou bispo em\u00e9rito h\u00e1 quatro anos, e este \u00e9 um momento de serenidade, estamos no entardecer da vida. Alguns guardam m\u00e1goas, mas isso \u00e9 escravid\u00e3o. A maior parte leva com serenidade sua vida. Claro que temos alguns muito doentes, enfermos, e que n\u00e3o podem fazer mais nada. Mas uma boa parte tem sa\u00fade e est\u00e1 apta a fazer outros servi\u00e7os, como pregar retiros, ajudar par\u00f3quias e atender pessoas\u201d. Nesse sentido, dom Luiz lembrou que atualmente temos tr\u00eas bispos em\u00e9ritos que foram chamados pela Santa S\u00e9 para governar dioceses onde os bispos titulares sa\u00edram e, para n\u00e3o deixar vacante, os em\u00e9ritos assumiram a governan\u00e7a at\u00e9 que venha o novo bispo. \u201cEnt\u00e3o, n\u00f3s procuramos resolver com serenidade as demandas que surgem. Essa foi a coloca\u00e7\u00e3o que fiz para a Assembleia, pedindo que se apoiem os bispos em\u00e9ritos, pois a velhice \u00e0s vezes traz consigo a solid\u00e3o. O velho \u00e0s vezes se apega ao passado, ent\u00e3o \u00e9 preciso traz\u00ea-lo ao presente, que tamb\u00e9m \u00e9 um momento bonito, para viver com alegria os anos que temos pela frente\u201d, concluiu.<\/p>\n<p style=\"text-align: justify;\">Durante a coletiva de imprensa, Dom Luiz foi questionado sobre a demanda de que os bispos em\u00e9ritos querem mais participa\u00e7\u00e3o na CNBB, visto que eles podem assistir aos debates, mas n\u00e3o tem poder de voto. Ele reiterou a import\u00e2ncia da contribui\u00e7\u00e3o intelectual de Dom Ang\u00e9lico S\u00e2ndalo Bernardino, bispo em\u00e9rito de Blumenau\/SC, que tem sido o paladino de uma revis\u00e3o nesta quest\u00e3o de os bispos em\u00e9ritos n\u00e3o serem membros da CNBB. No entanto, destacou que essa situa\u00e7\u00e3o n\u00e3o acontece somente no Brasil. Trata-se de uma lei aprovada pelo C\u00f3digo de Direito Can\u00f4nico. \u201cVejam meu caso: eu era arcebispo de Manaus. Depois de em\u00e9rito, posso participar de s\u00ednodos, de conc\u00edlios ecum\u00eanicos, mas n\u00e3o sou membro da CNBB. A Confer\u00eancia at\u00e9 me convida a participar das assembleias, mas n\u00e3o sou obrigado a vir. Nesse sentido, foi feito um pedido a Santa S\u00e9 que revisasse esta quest\u00e3o. Mas \u00e9 preciso ter cuidado. Veja s\u00f3 nosso peso: considerando que os 172 bispos em\u00e9ritos tenham poder de voto, e mesmo que alguns estejam doentes e acamados, cerca de 150 bispos aposentados poderiam decidir o que os outros v\u00e3o fazer. Ent\u00e3o, o que se pede \u00e9 que sejam membros da Confer\u00eancia, mas com algumas restri\u00e7\u00f5es. Isso foi mandado a Roma, para a Congrega\u00e7\u00e3o dos Bispos, que est\u00e1 examinando e ainda n\u00e3o se posicionou com uma resposta. Estamos diante de algo complexo, pois diz respeito a toda Igreja, n\u00e3o s\u00f3 ao Brasil. Gra\u00e7as a Deus somos bem tratados na CNBB e temos espa\u00e7o na Assembleia para colocar a todos as nossas atividades\u201d, respondeu. E fechou o debate com a seguinte senten\u00e7a: \u201co bispo em\u00e9rito n\u00e3o \u00e9 colocado de lado pela Confer\u00eancia Nacional. Temos bispos em\u00e9ritos com muita possibilidade de realizar trabalhos que s\u00e3o muitas vezes dif\u00edceis para bispos mais novos\u201d.<\/p>\n<p style=\"text-align: justify;\">Por Graziela Wolfart, assessora de Comunica\u00e7\u00e3o da Diocese de Montenegro\/RS.<\/p>\n","protected":false},"excerpt":{"rendered":"<p>O arcebispo em\u00e9rito de Manaus (AM) disse ainda que a CNBB criou uma comiss\u00e3o espec\u00edfica dirigida aos bispos em\u00e9ritos<\/p>\n","protected":false},"author":83,"featured_media":6793,"comment_status":"closed","ping_status":"open","sticky":false,"template":"","format":"standard","meta":{"site-sidebar-layout":"default","site-content-layout":"default","ast-global-header-display":"","ast-banner-title-visibility":"","ast-main-header-display":"","ast-hfb-above-header-display":"","ast-hfb-below-header-display":"","ast-hfb-mobile-header-display":"","site-post-title":"","ast-breadcrumbs-content":"","ast-featured-img":"","footer-sml-layout":"","theme-transparent-header-meta":"","adv-header-id-meta":"","stick-header-meta":"","header-above-stick-meta":"","header-main-stick-meta":"","header-below-stick-meta":""},"categories":[757,745,744],"tags":[],"acf":[],"_links":{"self":[{"href":"https:\/\/www.cnbb.org.br\/cnbb-app\/wp\/v2\/posts\/6792"}],"collection":[{"href":"https:\/\/www.cnbb.org.br\/cnbb-app\/wp\/v2\/posts"}],"about":[{"href":"https:\/\/www.cnbb.org.br\/cnbb-app\/wp\/v2\/types\/post"}],"author":[{"embeddable":true,"href":"https:\/\/www.cnbb.org.br\/cnbb-app\/wp\/v2\/users\/83"}],"replies":[{"embeddable":true,"href":"https:\/\/www.cnbb.org.br\/cnbb-app\/wp\/v2\/comments?post=6792"}],"version-history":[{"count":0,"href":"https:\/\/www.cnbb.org.br\/cnbb-app\/wp\/v2\/posts\/6792\/revisions"}],"wp:featuredmedia":[{"embeddable":true,"href":"https:\/\/www.cnbb.org.br\/cnbb-app\/wp\/v2\/media\/6793"}],"wp:attachment":[{"href":"https:\/\/www.cnbb.org.br\/cnbb-app\/wp\/v2\/media?parent=6792"}],"wp:term":[{"taxonomy":"category","embeddable":true,"href":"https:\/\/www.cnbb.org.br\/cnbb-app\/wp\/v2\/categories?post=6792"},{"taxonomy":"post_tag","embeddable":true,"href":"https:\/\/www.cnbb.org.br\/cnbb-app\/wp\/v2\/tags?post=6792"}],"curies":[{"name":"wp","href":"https:\/\/api.w.org\/{rel}","templated":true}]}}