{"id":6843,"date":"2017-05-03T00:00:00","date_gmt":"2017-05-03T03:00:00","guid":{"rendered":"https:\/\/www.cnbb.org.br\/missa-do-oitavo-dia-da-55a-ag-da-cnbb-presidida-pelo-regional-leste-2-destacou-a-fidelidade-e-a-postura-dos-apostolos\/"},"modified":"2017-05-03T00:00:00","modified_gmt":"2017-05-03T03:00:00","slug":"missa-do-oitavo-dia-da-55a-ag-da-cnbb-presidida-pelo-regional-leste-2-destacou-a-fidelidade-e-a-postura-dos-apostolos","status":"publish","type":"post","link":"https:\/\/www.cnbb.org.br\/missa-do-oitavo-dia-da-55a-ag-da-cnbb-presidida-pelo-regional-leste-2-destacou-a-fidelidade-e-a-postura-dos-apostolos\/","title":{"rendered":"Missa presidida por dom Paulo Mendes Peixoto, do Leste 2, destacou a fidelidade e a postura dos ap\u00f3stolos"},"content":{"rendered":"<p style=\"text-align: justify;\">A missa do oitavo dia da 55\u00aa Assembleia Geral da CNBB, no Santu\u00e1rio Nacional de Aparecida (SP), foi presidida pelo arcebispo de Uberaba (MG) e presidente do Regional Leste 2, dom Paulo Mendes Peixoto. A celebra\u00e7\u00e3o acolheu, os arcebispos, bispos e sacerdotes dos 18 regionais da CNBB, em especial, os do regional Leste 2, que compreende os estados de Minas Gerais e Esp\u00edrito Santo.<\/p>\n<p style=\"text-align: justify;\">O arcebispo iniciou a homilia refletindo sobre os desafios pastorais enfrentado pelos regionais, cada um com sua especificidade, dificuldades e facilidades.<\/p>\n<p>\u201cConforme S\u00e3o Paulo, na primeira leitura de hoje, n\u00f3s tamb\u00e9m procuramos lembrar e proclamar o Evangelho que foi anunciado, isto \u00e9, o mist\u00e9rio salv\u00edfico da p\u00e1scoa porque Jesus morreu por n\u00f3s, pelos nossos pecados e salva todos aqueles que o seguem de cora\u00e7\u00e3o abeto e sincero\u201d, destacou.<\/p>\n<p style=\"text-align: justify;\">Ele recordou, tamb\u00e9m, as palavras do Evangelho desta quarta-feira (3) que proclama que Jesus \u00e9 o caminho, a verdade e a vida. Verdade essa que precisa ser muito proclamada no Brasil, onde a inverdade \u00e0s vezes domina, disse o arcebispo.<\/p>\n<p style=\"text-align: justify;\">\u201cCrendo em Jesus Cristo queremos se anunciadores da boa nova do Evangelho para todo nosso povo e com muita confian\u00e7a superando o indiferentismo que reina em nosso pa\u00eds, em nossas comunidades e em muitos crist\u00e3os, batizados que n\u00e3o assumem sua miss\u00e3o como tamb\u00e9m anunciadores da palavra de Deus\u201d.<\/p>\n<p style=\"text-align: justify;\">Ainda, meditando o Evangelho de S\u00e3o Jo\u00e3o, dom Alberto destacou a fidelidade e a postura dos ap\u00f3stolos.<\/p>\n<p style=\"text-align: justify;\">\u201cA cultura do descart\u00e1vel, a desconfian\u00e7a generalizada no pa\u00eds, os desvios p\u00fablicos, o dom\u00ednio do capitalismo selvagem, o n\u00famero t\u00e3o alto de desempregados e a concentra\u00e7\u00e3o do poder. Nada disso pode nos desanimar. N\u00f3s temos a for\u00e7a de Deus. N\u00f3s temos a presen\u00e7a do Esp\u00edrito de Deus que nos d\u00e1 for\u00e7a e nos d\u00e1 coragem. Hoje temos o exemplo de fidelidade de S\u00e3o Filipe e S\u00e3o Tiago menor\u201d, ressaltou.<\/p>\n<p>Durante a homilia, dom Paulo falou do tema central da assembleia, Inicia\u00e7\u00e3o \u00e0 Vida Crist\u00e3.<\/p>\n<p style=\"text-align: justify;\">\u201cEstamos construindo, agora, o caminho de inicia\u00e7\u00e3o \u00e0 vida crist\u00e3. Sabemos que n\u00e3o \u00e9 f\u00e1cil porque mexe com estruturas muito enraizadas. Al\u00e9m disso, n\u00f3s temos medo do novo. Talvez temos de enfrentar o novo, assumir o novo com coragem, porque ele exige mudan\u00e7a de postura, sa\u00edda do conforto e da mesmice e a igreja precisa passar por esse caminho\u201d.<\/p>\n<p style=\"text-align: justify;\">O arcebispo finalizou a homilia pedindo as b\u00ean\u00e7\u00e3os de N. S Aparecida e de F\u00e1tima para os 18 regionais da CNBB, para que sejam verdadeiros instrumentos de salva\u00e7\u00e3o.<\/p>\n<h6 style=\"text-align: justify;\">Foto: Reprodu\u00e7\u00e3o portal A12.com<\/h6>\n","protected":false},"excerpt":{"rendered":"<p>A desconfian\u00e7a generalizada no pa\u00eds n\u00e3o pode desanimar os crist\u00e3os, disse dom Paulo<\/p>\n","protected":false},"author":83,"featured_media":1086,"comment_status":"closed","ping_status":"open","sticky":false,"template":"","format":"standard","meta":{"site-sidebar-layout":"default","site-content-layout":"default","ast-global-header-display":"","ast-banner-title-visibility":"","ast-main-header-display":"","ast-hfb-above-header-display":"","ast-hfb-below-header-display":"","ast-hfb-mobile-header-display":"","site-post-title":"","ast-breadcrumbs-content":"","ast-featured-img":"","footer-sml-layout":"","theme-transparent-header-meta":"","adv-header-id-meta":"","stick-header-meta":"","header-above-stick-meta":"","header-main-stick-meta":"","header-below-stick-meta":""},"categories":[757,745,744],"tags":[],"acf":[],"_links":{"self":[{"href":"https:\/\/www.cnbb.org.br\/cnbb-app\/wp\/v2\/posts\/6843"}],"collection":[{"href":"https:\/\/www.cnbb.org.br\/cnbb-app\/wp\/v2\/posts"}],"about":[{"href":"https:\/\/www.cnbb.org.br\/cnbb-app\/wp\/v2\/types\/post"}],"author":[{"embeddable":true,"href":"https:\/\/www.cnbb.org.br\/cnbb-app\/wp\/v2\/users\/83"}],"replies":[{"embeddable":true,"href":"https:\/\/www.cnbb.org.br\/cnbb-app\/wp\/v2\/comments?post=6843"}],"version-history":[{"count":0,"href":"https:\/\/www.cnbb.org.br\/cnbb-app\/wp\/v2\/posts\/6843\/revisions"}],"wp:featuredmedia":[{"embeddable":true,"href":"https:\/\/www.cnbb.org.br\/cnbb-app\/wp\/v2\/media\/1086"}],"wp:attachment":[{"href":"https:\/\/www.cnbb.org.br\/cnbb-app\/wp\/v2\/media?parent=6843"}],"wp:term":[{"taxonomy":"category","embeddable":true,"href":"https:\/\/www.cnbb.org.br\/cnbb-app\/wp\/v2\/categories?post=6843"},{"taxonomy":"post_tag","embeddable":true,"href":"https:\/\/www.cnbb.org.br\/cnbb-app\/wp\/v2\/tags?post=6843"}],"curies":[{"name":"wp","href":"https:\/\/api.w.org\/{rel}","templated":true}]}}