{"id":6844,"date":"2017-05-03T00:00:00","date_gmt":"2017-05-03T03:00:00","guid":{"rendered":"https:\/\/www.cnbb.org.br\/dom-orlando-14o-intereclesial-das-cebs-convoca-conversao-a-pastoral-urbana\/"},"modified":"2017-05-03T00:00:00","modified_gmt":"2017-05-03T03:00:00","slug":"dom-orlando-14o-intereclesial-das-cebs-convoca-conversao-a-pastoral-urbana","status":"publish","type":"post","link":"https:\/\/www.cnbb.org.br\/dom-orlando-14o-intereclesial-das-cebs-convoca-conversao-a-pastoral-urbana\/","title":{"rendered":"Dom Orlando: 14\u00ba Intereclesial das Cebs convoca convers\u00e3o \u00e0 pastoral urbana"},"content":{"rendered":"<p style=\"text-align: justify;\">As Comunidades Eclesiais de Base (Cebs) de todo o Brasil se re\u00fanem em Londrina (PR), de 23 a 28 de janeiro, para o 14\u00ba Intereclesial das Cebs. Com o tema \u201cCebs e os Desafios do Mundo Urbano\u201d e o lema \u201cEu vi e ouvi os clamores do meu povo e desci para libert\u00e1-los\u201d, a iniciativa ganhou destaque durante a 55\u00ba Assembleia Geral da Confer\u00eancia Nacional dos Bispos do Brasil (CNBB).<\/p>\n<p>Segundo o arcebispo de Aparecida (SP), dom Orlando Brandes, em 2018, o Brasil voltar\u00e1 seus olhos para a cidade de Londrina (PR) como sede do Intereclesial. Para ele, as Comunidades Eclesiais de Base ajudar\u00e3o a todos a crescerem no profetismo e na dimens\u00e3o social do Evangelho e da f\u00e9: \u201cPara n\u00f3s sediar este t\u00e3o grande evento \u00e9 uma d\u00e1diva (&#8230;). Certamente o 14\u00ba Intereclesial muito contribuir\u00e1 para que a nova evangeliza\u00e7\u00e3o aconte\u00e7a e cres\u00e7a cada vez mais nas estruturas do mundo urbano\u201d.<\/p>\n<p>O bispo de Tocantin\u00f3polis (TO) e referencial das Cebs, dom Giovane Pereira de Melo afirma que este \u00e9 um grande encontro celebrativo. Para ele, o evento \u00e9 uma grande assembleia do povo de Deus que vive nas Comunidades Eclesiais de Base e que se encontra periodicamente para celebrar a caminhada, as conquistas, a luta e o testemunho de ser presen\u00e7a prof\u00e9tica nas pequenas comunidades: \u201c\u00c9 um voltar da Igreja atrav\u00e9s das Comunidades Eclesiais de Base sobre toda a realidade, os desafios de evangelizar e ser presen\u00e7a prof\u00e9tica no mundo urbano\u201d.<\/p>\n<p style=\"text-align: justify;\">J\u00e1 a organiza\u00e7\u00e3o do evento explica que representantes de todas as regi\u00f5es do Brasil, de pa\u00edses da Am\u00e9rica Latina e de outros lugares, de diversas religi\u00f5es ou cren\u00e7as, se reunir\u00e3o para celebrar a diversidade e a beleza de viver o Evangelho de Jesus de Nazar\u00e9. \u201cO Intereclesial \u00e9 um momento marcante e significativo para as Cebs que avalia, indica caminhos e promove a unidade das comunidades\u201d.<\/p>\n<p><strong>Subs\u00eddios<br \/>\n<\/strong>Rumo ao 14\u00ba Intereclesial das Cebs, o secretariado do evento apresentou os subs\u00eddios que ir\u00e3o animar a caminhada das comunidades em 2018. O texto-base que tem como t\u00edtulo \u201cCebs e os Desafios do Mundo Urbano\u201d \u00e9 dividido no m\u00e9todo ver, julgar e agir e, como o pr\u00f3prio nome indica, oferece uma reflex\u00e3o sobre os desafios vividos no mundo urbano.<\/p>\n<p>O primeiro cap\u00edtulo do livro traz uma abordagem do processo de urbaniza\u00e7\u00e3o no Brasil, contextualizando a origem das cidades brasileiras, suas din\u00e2micas e culturas. No segundo cap\u00edtulo, o texto-base traz uma fundamenta\u00e7\u00e3o teol\u00f3gica para a a\u00e7\u00e3o das Cebs em rela\u00e7\u00e3o aos desafios da cidade. J\u00e1 no \u00faltimo cap\u00edtulo s\u00e3o apontados os problemas mais graves ou mais urgentes pelos animadores de Cebs no Brasil, como a quest\u00e3o da moradia, viol\u00eancia, sa\u00fade, educa\u00e7\u00e3o.<\/p>\n<p>Al\u00e9m do texto-base, tamb\u00e9m j\u00e1 est\u00e3o dispon\u00edveis para download o cartaz do evento, o cancioneiro e a ora\u00e7\u00e3o que conduzir\u00e1 o 14\u00ba Intereclesial. Confira no <a href=\"http:\/\/www.cebsdobrasil.com.br\/eventos\/materiais14.html\" target=\"_blank\" rel=\"noopener\">site das Cebs<\/a>!<\/p>\n","protected":false},"excerpt":{"rendered":"<p>Evento que oferecer\u00e1 reflex\u00e3o sobre os desafios vividos no mundo urbano acontece de 23 a 27 de janeiro de 2018, em Londrina (PR)<\/p>\n","protected":false},"author":83,"featured_media":0,"comment_status":"closed","ping_status":"open","sticky":false,"template":"","format":"standard","meta":{"site-sidebar-layout":"default","site-content-layout":"default","ast-global-header-display":"","ast-banner-title-visibility":"","ast-main-header-display":"","ast-hfb-above-header-display":"","ast-hfb-below-header-display":"","ast-hfb-mobile-header-display":"","site-post-title":"","ast-breadcrumbs-content":"","ast-featured-img":"","footer-sml-layout":"","theme-transparent-header-meta":"","adv-header-id-meta":"","stick-header-meta":"","header-above-stick-meta":"","header-main-stick-meta":"","header-below-stick-meta":""},"categories":[757,745,744],"tags":[],"acf":[],"_links":{"self":[{"href":"https:\/\/www.cnbb.org.br\/cnbb-app\/wp\/v2\/posts\/6844"}],"collection":[{"href":"https:\/\/www.cnbb.org.br\/cnbb-app\/wp\/v2\/posts"}],"about":[{"href":"https:\/\/www.cnbb.org.br\/cnbb-app\/wp\/v2\/types\/post"}],"author":[{"embeddable":true,"href":"https:\/\/www.cnbb.org.br\/cnbb-app\/wp\/v2\/users\/83"}],"replies":[{"embeddable":true,"href":"https:\/\/www.cnbb.org.br\/cnbb-app\/wp\/v2\/comments?post=6844"}],"version-history":[{"count":0,"href":"https:\/\/www.cnbb.org.br\/cnbb-app\/wp\/v2\/posts\/6844\/revisions"}],"wp:attachment":[{"href":"https:\/\/www.cnbb.org.br\/cnbb-app\/wp\/v2\/media?parent=6844"}],"wp:term":[{"taxonomy":"category","embeddable":true,"href":"https:\/\/www.cnbb.org.br\/cnbb-app\/wp\/v2\/categories?post=6844"},{"taxonomy":"post_tag","embeddable":true,"href":"https:\/\/www.cnbb.org.br\/cnbb-app\/wp\/v2\/tags?post=6844"}],"curies":[{"name":"wp","href":"https:\/\/api.w.org\/{rel}","templated":true}]}}