{"id":6845,"date":"2017-05-03T00:00:00","date_gmt":"2017-05-03T03:00:00","guid":{"rendered":"https:\/\/www.cnbb.org.br\/escutem-a-voz-do-povo\/"},"modified":"2017-05-03T00:00:00","modified_gmt":"2017-05-03T03:00:00","slug":"escutem-a-voz-do-povo","status":"publish","type":"post","link":"https:\/\/www.cnbb.org.br\/escutem-a-voz-do-povo\/","title":{"rendered":"Escutem a voz do povo"},"content":{"rendered":"<p style=\"text-align: right;\">Dom Walmor Oliveira de Azevedo &#8211;\u00a0Arcebispo metropolitano de Belo Horizonte<\/p>\n<figure id=\"attachment_174\" aria-describedby=\"caption-attachment-174\" style=\"width: 205px\" class=\"wp-caption alignleft\"><img decoding=\"async\" loading=\"lazy\" class=\"wp-image-174 size-full\" src=\"https:\/\/www.cnbb.org.br\/wp-content\/uploads\/2020\/03\/foto-artigos-dom-walmor.jpg\" alt=\"\" width=\"205\" height=\"204\" \/><figcaption id=\"caption-attachment-174\" class=\"wp-caption-text\">Dom Walmor<\/figcaption><\/figure>\n<p style=\"text-align: justify;\"><span style=\"font-weight: 400;\">A voz do Povo \u00e9 a b\u00fassola que indica o melhor caminho a ser trilhado nas inst\u00e2ncias de decis\u00e3o. Por isso, hoje e sempre, seja escutada essa voz, pois o Povo \u00e9 soberano. Quando governantes, dirigentes e l\u00edderes n\u00e3o ouvem a coletividade, a sociedade sofre. Os desgastes na hist\u00f3ria brasileira e no tecido social do pa\u00eds, que ainda hoje inviabilizam a conquista de mais igualdade e justi\u00e7a, s\u00e3o fruto desse descaso com a voz do Povo. \u00a0<\/span><\/p>\n<p style=\"text-align: justify;\"><span style=\"font-weight: 400;\">Essa voz n\u00e3o \u00e9 \u00fanica. Trata-se de um coro de muitas vozes, inclusive as dissonantes e sem prop\u00f3sitos, que precisa ser ouvido. Mas n\u00e3o se pode considerar o per\u00edodo eleitoral, com o voto, o \u00fanico momento para escutar a popula\u00e7\u00e3o. Isso porque a organiza\u00e7\u00e3o pol\u00edtico-partid\u00e1ria dificulta a escolha da popula\u00e7\u00e3o. Assim, urgente \u00e9 uma reforma pol\u00edtica s\u00e9ria e inteligente, que n\u00e3o seja ajeitamento jur\u00eddico e sist\u00eamico para hospedar no poder \u201crepresentantes do povo\u201d insens\u00edveis diante das necessidades do pa\u00eds. <\/span><\/p>\n<p style=\"text-align: justify;\"><span style=\"font-weight: 400;\">O sistema vigente de organiza\u00e7\u00e3o pol\u00edtica distancia os representantes dos representados: muitas vezes, quem est\u00e1 no poder permanece indiferente diante do necess\u00e1rio exerc\u00edcio de ouvir o Povo. Consequentemente, perdem a sabedoria para encontrar respostas criativas capazes de transformar a realidade, superando, principalmente, o vergonhoso contraste de cen\u00e1rios: de um lado, mis\u00e9ria e exclus\u00e3o, do outro, o esbanjamento de privil\u00e9gios. <\/span><\/p>\n<p style=\"text-align: justify;\"><span style=\"font-weight: 400;\">A voz do Povo traz o clamor dos mais pobres que, quando escutado, derruba a gan\u00e2ncia de alguns no abuso dos privil\u00e9gios. Nesse sentido, \u00e9 rem\u00e9dio contra a tenta\u00e7\u00e3o de se praticar qualquer ato il\u00edcito. Quem tem sensibilidade para os anseios da popula\u00e7\u00e3o torna-se ferrenho combatente da corrup\u00e7\u00e3o e dos preju\u00edzos ao bem comum. Nas ruas est\u00e1 a voz do Povo, que faz ecoar os sofrimentos e as exclus\u00f5es de muitos. \u00c9, pois, for\u00e7a que denuncia os contextos vergonhosos da sociedade brasileira, marcados pela falta de solidariedade, por fomentar o p\u00e9ssimo h\u00e1bito de se conviver com certos \u201cjeitinhos\u201d para se alcan\u00e7ar vantagens. Posturas que rebaixam o exerc\u00edcio da cidadania no pa\u00eds. <\/span><\/p>\n<p style=\"text-align: justify;\"><span style=\"font-weight: 400;\">Governantes, representantes do Povo, l\u00edderes empresariais, religiosos e de diferentes segmentos n\u00e3o podem ignorar ou relativizar a voz que vem das ruas. O recome\u00e7o indispens\u00e1vel da sociedade brasileira, com as reformas todas que precisam ser feitas &#8211; pol\u00edtica, trabalhista, previdenci\u00e1ria, tribut\u00e1ria, entre tantas outras &#8211; tem que partir da escuta do Povo. Na contram\u00e3o dessa via, o risco \u00e9 s\u00e9rio: a sociedade brasileira poder\u00e1 sofrer com o caos e a desola\u00e7\u00e3o. Basta observar o que ocorre mundo afora em raz\u00e3o de autoritarismos, insensibilidades e da pouca coragem de governantes. <\/span><\/p>\n<p style=\"text-align: justify;\"><span style=\"font-weight: 400;\">No Brasil, os maiores e primeiros respons\u00e1veis pelos atropelos que afligem a popula\u00e7\u00e3o devem fazer um exame de consci\u00eancia e redirecionar suas atitudes, que t\u00eam impedido o pa\u00eds de alcan\u00e7ar novo patamar civilizat\u00f3rio. Considerando as riquezas incalcul\u00e1veis do territ\u00f3rio brasileiro, o povo poderia estar em melhor situa\u00e7\u00e3o, caso esse patrim\u00f4nio n\u00e3o fosse tratado como bem de alguns privilegiados. \u00c9 tamb\u00e9m por isso que a voz do Povo faz ecoar as vergonhas de se propor mais pesos e sacrif\u00edcios sobre os ombros dos pobres, com o perd\u00e3o de d\u00edvidas bilion\u00e1rias de quem tem o dever de pag\u00e1-las. Essa voz mostra que \u00e9 urgente um recome\u00e7o, reconfigurando inst\u00e2ncias, a organiza\u00e7\u00e3o sist\u00eamica dos poderes, os modos de escolha dos representantes do Povo e o pr\u00f3prio exerc\u00edcio da cidadania. \u00a0\u00a0<\/span><\/p>\n<p style=\"text-align: justify;\"><span style=\"font-weight: 400;\">Emergencial \u00e9 superar a partidariza\u00e7\u00e3o exacerbada que se contrap\u00f5e \u00e0 qualificada participa\u00e7\u00e3o cidad\u00e3. Isso se faz pela recupera\u00e7\u00e3o da autoridade moral e pol\u00edtica, do gosto de ser cidad\u00e3o brasileiro, promovendo a valoriza\u00e7\u00e3o do grande mosaico cultural que comp\u00f5e o Brasil. A voz do Povo est\u00e1 profetizando e exigindo respostas urgentes de compet\u00eancia governamental e de empreendedores. A supera\u00e7\u00e3o do atual quadro cr\u00edtico, a esperada recupera\u00e7\u00e3o de uma representa\u00e7\u00e3o que esteja \u00e0 altura de conduzir processos inovadores, tudo isso s\u00f3 ser\u00e1 poss\u00edvel se, em primeiro lugar, for observado o que vem das ruas. Escutem a voz do Povo. \u00a0\u00a0\u00a0\u00a0\u00a0<\/span><\/p>\n<p>&nbsp;<\/p>\n","protected":false},"excerpt":{"rendered":"<p>Dom Walmor Oliveira de Azevedo &#8211;\u00a0Arcebispo metropolitano de Belo Horizonte A voz do Povo \u00e9 a b\u00fassola que indica o melhor caminho a ser trilhado nas inst\u00e2ncias de decis\u00e3o. Por isso, hoje e sempre, seja escutada essa voz, pois o Povo \u00e9 soberano. Quando governantes, dirigentes e l\u00edderes n\u00e3o ouvem a coletividade, a sociedade sofre. &hellip;<\/p>\n<p class=\"read-more\"> <a class=\"\" href=\"https:\/\/www.cnbb.org.br\/escutem-a-voz-do-povo\/\"> <span class=\"screen-reader-text\">Escutem a voz do povo<\/span> Leia mais &raquo;<\/a><\/p>\n","protected":false},"author":8,"featured_media":6690,"comment_status":"closed","ping_status":"open","sticky":false,"template":"","format":"standard","meta":{"site-sidebar-layout":"default","site-content-layout":"default","ast-global-header-display":"","ast-banner-title-visibility":"","ast-main-header-display":"","ast-hfb-above-header-display":"","ast-hfb-below-header-display":"","ast-hfb-mobile-header-display":"","site-post-title":"","ast-breadcrumbs-content":"","ast-featured-img":"","footer-sml-layout":"","theme-transparent-header-meta":"","adv-header-id-meta":"","stick-header-meta":"","header-above-stick-meta":"","header-main-stick-meta":"","header-below-stick-meta":""},"categories":[758],"tags":[],"acf":[],"_links":{"self":[{"href":"https:\/\/www.cnbb.org.br\/cnbb-app\/wp\/v2\/posts\/6845"}],"collection":[{"href":"https:\/\/www.cnbb.org.br\/cnbb-app\/wp\/v2\/posts"}],"about":[{"href":"https:\/\/www.cnbb.org.br\/cnbb-app\/wp\/v2\/types\/post"}],"author":[{"embeddable":true,"href":"https:\/\/www.cnbb.org.br\/cnbb-app\/wp\/v2\/users\/8"}],"replies":[{"embeddable":true,"href":"https:\/\/www.cnbb.org.br\/cnbb-app\/wp\/v2\/comments?post=6845"}],"version-history":[{"count":0,"href":"https:\/\/www.cnbb.org.br\/cnbb-app\/wp\/v2\/posts\/6845\/revisions"}],"wp:featuredmedia":[{"embeddable":true,"href":"https:\/\/www.cnbb.org.br\/cnbb-app\/wp\/v2\/media\/6690"}],"wp:attachment":[{"href":"https:\/\/www.cnbb.org.br\/cnbb-app\/wp\/v2\/media?parent=6845"}],"wp:term":[{"taxonomy":"category","embeddable":true,"href":"https:\/\/www.cnbb.org.br\/cnbb-app\/wp\/v2\/categories?post=6845"},{"taxonomy":"post_tag","embeddable":true,"href":"https:\/\/www.cnbb.org.br\/cnbb-app\/wp\/v2\/tags?post=6845"}],"curies":[{"name":"wp","href":"https:\/\/api.w.org\/{rel}","templated":true}]}}