{"id":6853,"date":"2017-05-03T00:00:00","date_gmt":"2017-05-03T03:00:00","guid":{"rendered":"https:\/\/www.cnbb.org.br\/curso-de-formacao-regional-para-agentes-de-pastoral-universitaria\/"},"modified":"2017-05-03T00:00:00","modified_gmt":"2017-05-03T03:00:00","slug":"curso-de-formacao-regional-para-agentes-de-pastoral-universitaria","status":"publish","type":"post","link":"https:\/\/www.cnbb.org.br\/curso-de-formacao-regional-para-agentes-de-pastoral-universitaria\/","title":{"rendered":"Curso regional para agentes de Pastoral Universit\u00e1ria"},"content":{"rendered":"<p style=\"text-align: justify;\">Acontece nos dias 10 e 11 de junho, na Casa das Irm\u00e3s Sacramentinas, em Belo Horizonte (MG), o Curso de Forma\u00e7\u00e3o para Agentes da Pastoral Universit\u00e1ria. O curso \u00e9 uma iniciativa da Comiss\u00e3o para a Educa\u00e7\u00e3o do Regional Leste 2 (Minas Gerais e Esp\u00edrito Santo) da Confer\u00eancia Nacional dos Bispos do Brasil e tem por objetivo fomentar o surgimento de grupos de base nas Institui\u00e7\u00f5es de Ensino Superior, bem como favorecer o processo de articula\u00e7\u00e3o nas pr\u00f3prias (arqui)dioceses e no Regional.<\/p>\n<p style=\"text-align: justify;\"><span style=\"color: #800000;\"><strong>Servi\u00e7o<\/strong><\/span><br \/>\n<strong>Curso de Forma\u00e7\u00e3o para Agentes de Pastoral Universit\u00e1ria<\/strong><br \/>\n<strong>Data<\/strong>: 10 (inicio \u00e0s 8h) e 11 (t\u00e9rmino ao meio dia com almo\u00e7o) de junho de 2017.<br \/>\n<strong>Local<\/strong>: Casa das Irm\u00e3s Sacramentinas (Rua Madre Beatriz Frambach, 84, Dom Cabral, pr\u00f3ximo \u00e0 PUC Minas no bairro Cora\u00e7\u00e3o Eucar\u00edstico).<br \/>\n<strong>Inscri\u00e7\u00f5es<\/strong>: As inscri\u00e7\u00f5es podem ser feitas at\u00e9 o 02 de junho. Ser\u00e3o destinadas 2(duas) vagas por (arqui)diocese.<br \/>\n<strong>P\u00fablico alvo<\/strong>: Agentes da Pastoral Universit\u00e1ria ou pessoas que sejam refer\u00eancias para o in\u00edcio desse trabalho.<br \/>\nInvestimento: O valor total ser\u00e1 de R$ 180,00 (Cento e oitenta reais) para hospedagem em quartos duplos ou triplos, com alimenta\u00e7\u00e3o completa.<\/p>\n<p style=\"text-align: justify;\">\u2192 Chegada de v\u00e9spera: para as pessoas que precisarem chegar na sexta-feira, dia 09\/06, o valor total ser\u00e1 de R$200,00 (Duzentos reais). Pedimos gentilmente entrar em contato com a coordena\u00e7\u00e3o da Casa pelo telefone (31) 3375-7076, informando hor\u00e1rio de chegada.<\/p>\n<p style=\"text-align: justify;\">Forma\u00e7\u00e3o para Agentes Pastoral Universit\u00e1ria<\/p>\n<p style=\"text-align: justify;\">Per\u00edodo: 10\/06\/2017 \u00e0 11\/06\/5017<\/p>\n<p style=\"text-align: justify;\">Inscri\u00e7\u00f5es: 05\/04\/2017 \u00e0 02\/06\/2017<\/p>\n<p style=\"text-align: justify;\">E-mail: comunicacao@cnbbleste2.org.br<\/p>\n<p style=\"text-align: justify;\"><span style=\"color: #800000;\"><strong>Programa\u00e7\u00e3o<\/strong><\/span><br \/>\n10 de junho \u2013 S\u00e1bado<br \/>\n08h \u2013 Acolhida (Caf\u00e9 da manh\u00e3 e M\u00edstica de abertura das atividades)<br \/>\n08h40 \u2013 A miss\u00e3o evangelizadora na eclesiologia de Francisco<br \/>\n10h \u2013 A realidade do Ensino Superior no Esp\u00edrito Santo e em Minas Gerais<br \/>\n11h \u2013 Grupos de Trabalho para partilha das viv\u00eancias no Ensino Superior em distintas realidades do Regional<br \/>\n12h \u2013 Almo\u00e7o<br \/>\n13h30 \u2013 Devolutiva dos Grupos de Trabalho<br \/>\n14h \u2013 Documento de Estudos 102 \u2013 O Seguimento de Jesus Cristo e a A\u00e7\u00e3o Evangelizadora no \u00c2mbito Universit\u00e1rio<br \/>\n15h30 &#8211; Lanche<br \/>\n15h45 \u2013 Planejamento da A\u00e7\u00e3o \u2013 Crit\u00e9rios de Discernimento para a a\u00e7\u00e3o no \u00e2mbito das Institui\u00e7\u00f5es de Ensino Superior, das (Arqui)dioceses e do Regional<br \/>\n18h \u2013 Momento de Espiritualidade Universit\u00e1ria<br \/>\n19h \u2013 Jantar<\/p>\n<p style=\"text-align: justify;\">11 de junho \u2013 Domingo<br \/>\n07h30 \u2013 Celebra\u00e7\u00e3o Eucar\u00edstica<br \/>\n08h30 \u2013 Caf\u00e9 da Manh\u00e3<br \/>\n09h \u2013 Pistas de A\u00e7\u00e3o \u2013 O trabalho com as Enc\u00edclicas Papais na Pastoral Universit\u00e1ria<br \/>\n10h \u2013 Partilhando a Caminhada \u2013 Experi\u00eancias Pastorais no \u00e2mbito universit\u00e1rio no Regional<br \/>\n11h \u2013 Propostas de Articula\u00e7\u00e3o e Prioridades do Regional Leste 2 para a Pastoral Universit\u00e1ria<br \/>\n12h \u2013 Almo\u00e7o\/Encerramento<\/p>\n","protected":false},"excerpt":{"rendered":"<p>O curso \u00e9 uma iniciativa da Comiss\u00e3o para a Educa\u00e7\u00e3o do Regional Leste 2 e tem por objetivo fomentar o surgimento de grupos<\/p>\n","protected":false},"author":83,"featured_media":0,"comment_status":"closed","ping_status":"open","sticky":false,"template":"","format":"standard","meta":{"site-sidebar-layout":"default","site-content-layout":"default","ast-global-header-display":"","ast-banner-title-visibility":"","ast-main-header-display":"","ast-hfb-above-header-display":"","ast-hfb-below-header-display":"","ast-hfb-mobile-header-display":"","site-post-title":"","ast-breadcrumbs-content":"","ast-featured-img":"","footer-sml-layout":"","theme-transparent-header-meta":"","adv-header-id-meta":"","stick-header-meta":"","header-above-stick-meta":"","header-main-stick-meta":"","header-below-stick-meta":""},"categories":[778,769],"tags":[],"acf":[],"_links":{"self":[{"href":"https:\/\/www.cnbb.org.br\/cnbb-app\/wp\/v2\/posts\/6853"}],"collection":[{"href":"https:\/\/www.cnbb.org.br\/cnbb-app\/wp\/v2\/posts"}],"about":[{"href":"https:\/\/www.cnbb.org.br\/cnbb-app\/wp\/v2\/types\/post"}],"author":[{"embeddable":true,"href":"https:\/\/www.cnbb.org.br\/cnbb-app\/wp\/v2\/users\/83"}],"replies":[{"embeddable":true,"href":"https:\/\/www.cnbb.org.br\/cnbb-app\/wp\/v2\/comments?post=6853"}],"version-history":[{"count":0,"href":"https:\/\/www.cnbb.org.br\/cnbb-app\/wp\/v2\/posts\/6853\/revisions"}],"wp:attachment":[{"href":"https:\/\/www.cnbb.org.br\/cnbb-app\/wp\/v2\/media?parent=6853"}],"wp:term":[{"taxonomy":"category","embeddable":true,"href":"https:\/\/www.cnbb.org.br\/cnbb-app\/wp\/v2\/categories?post=6853"},{"taxonomy":"post_tag","embeddable":true,"href":"https:\/\/www.cnbb.org.br\/cnbb-app\/wp\/v2\/tags?post=6853"}],"curies":[{"name":"wp","href":"https:\/\/api.w.org\/{rel}","templated":true}]}}