{"id":6859,"date":"2017-05-04T00:00:00","date_gmt":"2017-05-04T03:00:00","guid":{"rendered":"https:\/\/www.cnbb.org.br\/projeto-comunhao-e-partilha-surgiu-em-2012-devido-a-realidade-financeira-de-diversas-dioceses-espalhadas-por-todo-brasil\/"},"modified":"2017-05-04T00:00:00","modified_gmt":"2017-05-04T03:00:00","slug":"projeto-comunhao-e-partilha-surgiu-em-2012-devido-a-realidade-financeira-de-diversas-dioceses-espalhadas-por-todo-brasil","status":"publish","type":"post","link":"https:\/\/www.cnbb.org.br\/projeto-comunhao-e-partilha-surgiu-em-2012-devido-a-realidade-financeira-de-diversas-dioceses-espalhadas-por-todo-brasil\/","title":{"rendered":"Projeto \u201cComunh\u00e3o e Partilha\u201d surgiu em 2012 para apoiar dioceses com necessidades financeiras"},"content":{"rendered":"<p>\u201cM\u00e3os abertas nunca foram m\u00e3os vazias\u201d, foi o que disse o Bispo em\u00e9rito de Parna\u00edba (PI), Dom Alfredo Schafller, no 5\u00ba meeting point da Assembleia Geral dos Bispos do Brasil, cujo tema \u00e9 \u201cProjeto Comunh\u00e3o e Partilha\u201d, que atualmente tem como Presidente o Bispo de S\u00e3o Jos\u00e9 dos Campos (SP), Dom Jos\u00e9 Valmor Cesar.<\/p>\n<p>A necessidade financeira de diversas dioceses espalhadas pelo Brasil fez despertar a elabora\u00e7\u00e3o do projeto, que teve in\u00edcio em 2012 durante a celebra\u00e7\u00e3o dos 50 anos do Conc\u00edlio Vaticano II.<\/p>\n<p>\u201cTemos dioceses que passam por situa\u00e7\u00f5es econ\u00f4micas muito prec\u00e1rias, assim como n\u00f3s temos diferen\u00e7as econ\u00f4micas no Brasil, isso tamb\u00e9m repercute nas dioceses. E quando fomos chamados em miss\u00e3o como bispos, nenhum de n\u00f3s escolheu o local, \u00e9 o Papa que nos envia, ent\u00e3o n\u00e3o \u00e9 justo que um irm\u00e3o v\u00e1 para algum canto onde ser\u00e1 apanhado com uma m\u00e3o na frente e outra atr\u00e1s\u201d, afirma Dom Alfredo.<\/p>\n<p>O Bispo de Parna\u00edba (PI) afirma que em muitos lugares n\u00e3o \u00e9 encontrado o m\u00ednimo para manuten\u00e7\u00f5es das dioceses, e acima de tudo, para forma\u00e7\u00e3o dos futuros padres.<\/p>\n<p>\u201cPor exemplo, eu encontrei uma diocese onde, por sete anos, o bispo n\u00e3o recebia mais nenhum seminarista porque n\u00e3o tinha dinheiro para custear os estudos. Ent\u00e3o como vou me sentar ao lado de um colega aqui na Assembleia, que n\u00e3o tem o m\u00ednimo e fica at\u00e9 perdendo horas de sono para saber como cumprir com a folha de pagamento no final do m\u00eas e como colocar comida na mesa dos seminaristas?\u201d, questiona.<\/p>\n<p>Foi a partir destas necessidades que surgiu a ideia, e por vota\u00e7\u00e3o un\u00e2nime, cada diocese (seja ela pequena ou grande) doa da sua receita ordin\u00e1ria 1% mensalmente para fazer dep\u00f3sito no fundo da CNBB.<\/p>\n<p>\u201cFicou certo que, a partir do m\u00eas de julho daquele ano, cada diocese come\u00e7aria. O Santu\u00e1rio, atrav\u00e9s da Campanha dos Devotos, foi o primeiro que come\u00e7ou, logo no m\u00eas de maio. E de fato, as dioceses aderiram e conseguimos criar este fundo em 2012. J\u00e1 no m\u00eas de novembro come\u00e7amos a beneficiar os primeiros 110 seminaristas, provenientes de umas 36 dioceses\u201d.<\/p>\n<p>O projeto se desenvolveu e cresceu. O Bispo exemplifica que no final de 2016 conseguiram ajudar a 50 dioceses, totalizando 403 seminaristas, custeando suas forma\u00e7\u00f5es e hoje muitos deles j\u00e1 se ordenaram padres.<\/p>\n<p>\u201cSe n\u00f3s olharmos o irm\u00e3o, n\u00e3o como um concorrente, mas como meu irm\u00e3o, no qual aparece tamb\u00e9m o rosto de Jesus Cristo que nos fala: \u2018tudo o que est\u00e3o fazendo, ao menor dos irm\u00e3os, \u00e9 a mim que est\u00e3o fazendo\u2019. N\u00f3s somos capazes de colocar grandes gestos atrav\u00e9s de pequenas a\u00e7\u00f5es. Somos capazes de suscitar a esperan\u00e7a e dar testemunho da palavra de Deus. Hoje n\u00f3s somos capazes de lan\u00e7ar um sinal de esperan\u00e7a para este mundo\u201d.<\/p>\n<p>Dom Alfredo lan\u00e7a uma proposta: \u201cse cada par\u00f3quia, da sua receita ordin\u00e1ria, desse 1% para um fundo, para nos ajudar na miss\u00e3o no amazonas, n\u00e3o seria fant\u00e1stico? N\u00e3o poder\u00edamos ajudar esses nossos irm\u00e3os? Porque temos padres que n\u00e3o tem casa, que moram em um barraco, dentro de uma embarca\u00e7\u00e3o. Este gesto ser\u00e1 que n\u00e3o ia falar alto? E n\u00f3s falamos de miss\u00e3o, mas a miss\u00e3o passa pelo bolso e \u00e9 da\u00ed que sai o gesto. Acho que nenhuma diocese deixou de cumprir suas obriga\u00e7\u00f5es porque tirou 1% para esta comunh\u00e3o. \u00c0s vezes somos grandes no falar, mas quando se trata de agir nos d\u00e1 a impress\u00e3o de que estamos mais devagar\u201d.<\/p>\n<p>Este projeto foi proposto por cinco anos, podendo ser conclu\u00eddo em 2017, mas no in\u00edcio deste ano foi feita uma avalia\u00e7\u00e3o onde apresentaram os n\u00fameros e prestaram as contas e novamente, por unanimidade, todos votaram para estender por outros cinco anos.<\/p>\n<p>\u201cTudo isso para para ajudar nossos irm\u00e3os que est\u00e3o em outras regi\u00f5es do Brasil e que ainda n\u00e3o tem esta condi\u00e7\u00e3o de manter as dioceses.\u201d<\/p>\n<p>A maior despesa que o bispo tem na sua diocese geralmente \u00e9 a forma\u00e7\u00e3o dos seminaristas \u2013 afirma Dom Alfredo -, e estes s\u00e3o jovens de boa vontade que vem de fam\u00edlias carentes. Estes estudos s\u00e3o, no m\u00ednimo, oito ou nove anos, ent\u00e3o isso \u00e9 um investimento que a diocese tem que fazer e nem sempre tem possibilidades. \u201cPara mim como bispo, os padres s\u00e3o as m\u00e3os e os p\u00e9s dos bispos. A Igreja precisa de padres, temos muitos leigos com boa vontade e que d\u00e3o testemunhos bel\u00edssimos, mas n\u00e3o podemos construir a Igreja sem o padre\u201d.<\/p>\n<p>\u201cN\u00e3o \u00e9 triste se um jovem quer se ordenar e por falta de condi\u00e7\u00e3o ele n\u00e3o consegue servir a este chamado? J\u00e1 encontrei diversas pessoas que falam: \u2018padre Alfredo, eu sempre quis ser padre, mas meus pais nunca tiveram condi\u00e7\u00f5es para pagar os estudos\u2019. Isso d\u00f3i\u201d, observa o Bispo.<\/p>\n<p>A finalizar o encontro, Dom Alfredo afirma que a Igreja precisa de mais padres e por este motivo apostou neste projeto. \u201cPor isso que apostei e posso dizer que acho que foi dado uma contribui\u00e7\u00e3o para que tiv\u00e9ssemos mais padres e que nenhuma diocese precise mandar os jovens que se sentem chamados para este minist\u00e9rio sacerdotal embora\u201d.<\/p>\n<p>Com informa\u00e7\u00f5es de Monique Coutinho &#8211;\u00a0Enviada\u00a0da Can\u00e7\u00e3o Nova \u00e0 Aparecida<br \/>\nFoto: Maur\u00edcio Sant&#8217;ana &#8211; Assessoria de Comunica\u00e7\u00e3o da CNBB<\/p>\n","protected":false},"excerpt":{"rendered":"<p>Projeto teve in\u00edcio em 2012 durante a celebra\u00e7\u00e3o dos 50 anos do Conc\u00edlio Vaticano II e apoia forma\u00e7\u00e3o de seminaristas em todo pais<\/p>\n","protected":false},"author":83,"featured_media":6860,"comment_status":"closed","ping_status":"open","sticky":false,"template":"","format":"standard","meta":{"site-sidebar-layout":"default","site-content-layout":"default","ast-global-header-display":"","ast-banner-title-visibility":"","ast-main-header-display":"","ast-hfb-above-header-display":"","ast-hfb-below-header-display":"","ast-hfb-mobile-header-display":"","site-post-title":"","ast-breadcrumbs-content":"","ast-featured-img":"","footer-sml-layout":"","theme-transparent-header-meta":"","adv-header-id-meta":"","stick-header-meta":"","header-above-stick-meta":"","header-main-stick-meta":"","header-below-stick-meta":""},"categories":[757,745,744],"tags":[],"acf":[],"_links":{"self":[{"href":"https:\/\/www.cnbb.org.br\/cnbb-app\/wp\/v2\/posts\/6859"}],"collection":[{"href":"https:\/\/www.cnbb.org.br\/cnbb-app\/wp\/v2\/posts"}],"about":[{"href":"https:\/\/www.cnbb.org.br\/cnbb-app\/wp\/v2\/types\/post"}],"author":[{"embeddable":true,"href":"https:\/\/www.cnbb.org.br\/cnbb-app\/wp\/v2\/users\/83"}],"replies":[{"embeddable":true,"href":"https:\/\/www.cnbb.org.br\/cnbb-app\/wp\/v2\/comments?post=6859"}],"version-history":[{"count":0,"href":"https:\/\/www.cnbb.org.br\/cnbb-app\/wp\/v2\/posts\/6859\/revisions"}],"wp:featuredmedia":[{"embeddable":true,"href":"https:\/\/www.cnbb.org.br\/cnbb-app\/wp\/v2\/media\/6860"}],"wp:attachment":[{"href":"https:\/\/www.cnbb.org.br\/cnbb-app\/wp\/v2\/media?parent=6859"}],"wp:term":[{"taxonomy":"category","embeddable":true,"href":"https:\/\/www.cnbb.org.br\/cnbb-app\/wp\/v2\/categories?post=6859"},{"taxonomy":"post_tag","embeddable":true,"href":"https:\/\/www.cnbb.org.br\/cnbb-app\/wp\/v2\/tags?post=6859"}],"curies":[{"name":"wp","href":"https:\/\/api.w.org\/{rel}","templated":true}]}}