{"id":6861,"date":"2017-05-04T00:00:00","date_gmt":"2017-05-04T03:00:00","guid":{"rendered":"https:\/\/www.cnbb.org.br\/encontro-de-geracoes-entre-o-bispo-emerito-mais-idoso-e-o-mais-jovem-presentes-na-55a-assembleia-geral\/"},"modified":"2017-05-04T00:00:00","modified_gmt":"2017-05-04T03:00:00","slug":"encontro-de-geracoes-entre-o-bispo-emerito-mais-idoso-e-o-mais-jovem-presentes-na-55a-assembleia-geral","status":"publish","type":"post","link":"https:\/\/www.cnbb.org.br\/encontro-de-geracoes-entre-o-bispo-emerito-mais-idoso-e-o-mais-jovem-presentes-na-55a-assembleia-geral\/","title":{"rendered":"Encontro de gera\u00e7\u00f5es entre o bispo mais idoso e o mais jovem na 55\u00aa Assembleia Geral"},"content":{"rendered":"<p style=\"text-align: justify;\">53 anos. Esta \u00e9 a diferen\u00e7a de idade entre o dom Jos\u00e9 Maria Pires, 98 anos, bispo em\u00e9rito da Para\u00edba (PB) e dom Geovane Lu\u00eds da Silva, 45 anos, bispo auxiliar de Belo Horizonte (MG). Em um encontro de gera\u00e7\u00f5es entre o mais idoso e o mais jovem bispo da Confer\u00eancia Nacional dos Bispos do Brasil presentes na 55\u00aa Assembleia Geral eles se sa\u00fadam e se acolhem, apontando os desafios de ser bispo na Igreja no Brasil.<\/p>\n<p style=\"text-align: justify;\">Dom Jos\u00e9 Maria, cuja ordena\u00e7\u00e3o episcopal foi em 22 de setembro de 1957, acolhe dom Geovane Lu\u00eds e todos novos bispos, desafiando-os a ser n\u00e3o os bispos que mandam, mas os que orientam e caminham junto ao povo. Segundo o mais idoso bispo em\u00e9rito presente na 55\u00aa Assembleia Geral, a Igreja e os bispos n\u00e3o podem estar separados do mundo. \u201c\u00c9 necess\u00e1rio caminhar e sofrer as dores do povo\u201d, disse.<\/p>\n<p style=\"text-align: justify;\">A primeira palavra do bispo auxiliar de Belo Horizonte, ordenado 25 de mar\u00e7o de 2017, aos bispos em\u00e9ritos do Brasil \u00e9 de gratid\u00e3o. \u201cMuita gratid\u00e3o aos irm\u00e3os bispos em\u00e9ritos que nos precederam no an\u00fancio da Boa Nova e na forma\u00e7\u00e3o de comunidades crist\u00e3s\u201d.<\/p>\n<p style=\"text-align: justify;\">Estes, para o dom Geovane, ainda hoje mant\u00e9m acesa no cora\u00e7\u00e3o a chama da esperan\u00e7a e oferecem \u00e0 Igreja o testemunho da f\u00e9 e do amor aos mais sofridos. \u201cEles s\u00e3o fragmentos vivos do Evangelho\u201d, disse o mais novo pastor.<\/p>\n<p style=\"text-align: justify;\">Natural de C\u00f3rregos (MG), dom Jos\u00e9 Maria foi ordenado padre em 20 de dezembro de 1941, em Diamantina (MG). Como bispo, foi presidente da Comiss\u00e3o Episcopal do Nordeste 2. Entre outros, \u00e9 autor do livro \u201cDo Centro para a Margem\u201d, da editora Vozes, entre outros.<\/p>\n<p style=\"text-align: justify;\">Dom Geovane Luis nasceu em Barbacena (MG), em 21 de junho de 1971. Entre outras fun\u00e7\u00f5es, foi p\u00e1roco da par\u00f3quia e Santu\u00e1rio de Nossa Senhora da Piedade, nesta mesma cidade, professor de Teologia Sacramental, formador no semin\u00e1rio S\u00e3o Jos\u00e9 em Mariana (MG). Tamb\u00e9m participou da comiss\u00e3o do processo de beatifica\u00e7\u00e3o de dom Ant\u00f4nio Ferreira Vi\u00e7oso, Isabel Cristina Campos e de dom Luciano Mendes de Almeida.<\/p>\n<p style=\"text-align: justify;\">Foto: Maur\u00edcio Sant&#8217;ana<\/p>\n","protected":false},"excerpt":{"rendered":"<p>A diferen\u00e7a de idade entre dom Jos\u00e9 Maria Pires e dom Geovane Lu\u00eds da Silva \u00e9 de 53 anos. O primeiro tem 98 e o segundo 45 anos completos<\/p>\n","protected":false},"author":83,"featured_media":6862,"comment_status":"closed","ping_status":"open","sticky":false,"template":"","format":"standard","meta":{"site-sidebar-layout":"default","site-content-layout":"default","ast-global-header-display":"","ast-banner-title-visibility":"","ast-main-header-display":"","ast-hfb-above-header-display":"","ast-hfb-below-header-display":"","ast-hfb-mobile-header-display":"","site-post-title":"","ast-breadcrumbs-content":"","ast-featured-img":"","footer-sml-layout":"","theme-transparent-header-meta":"","adv-header-id-meta":"","stick-header-meta":"","header-above-stick-meta":"","header-main-stick-meta":"","header-below-stick-meta":""},"categories":[757,745,744],"tags":[],"acf":[],"_links":{"self":[{"href":"https:\/\/www.cnbb.org.br\/cnbb-app\/wp\/v2\/posts\/6861"}],"collection":[{"href":"https:\/\/www.cnbb.org.br\/cnbb-app\/wp\/v2\/posts"}],"about":[{"href":"https:\/\/www.cnbb.org.br\/cnbb-app\/wp\/v2\/types\/post"}],"author":[{"embeddable":true,"href":"https:\/\/www.cnbb.org.br\/cnbb-app\/wp\/v2\/users\/83"}],"replies":[{"embeddable":true,"href":"https:\/\/www.cnbb.org.br\/cnbb-app\/wp\/v2\/comments?post=6861"}],"version-history":[{"count":0,"href":"https:\/\/www.cnbb.org.br\/cnbb-app\/wp\/v2\/posts\/6861\/revisions"}],"wp:featuredmedia":[{"embeddable":true,"href":"https:\/\/www.cnbb.org.br\/cnbb-app\/wp\/v2\/media\/6862"}],"wp:attachment":[{"href":"https:\/\/www.cnbb.org.br\/cnbb-app\/wp\/v2\/media?parent=6861"}],"wp:term":[{"taxonomy":"category","embeddable":true,"href":"https:\/\/www.cnbb.org.br\/cnbb-app\/wp\/v2\/categories?post=6861"},{"taxonomy":"post_tag","embeddable":true,"href":"https:\/\/www.cnbb.org.br\/cnbb-app\/wp\/v2\/tags?post=6861"}],"curies":[{"name":"wp","href":"https:\/\/api.w.org\/{rel}","templated":true}]}}