{"id":6863,"date":"2017-05-04T00:00:00","date_gmt":"2017-05-04T03:00:00","guid":{"rendered":"https:\/\/www.cnbb.org.br\/lancada-a-revista-anual-sobre-atividades-das-comissoes-e-organismos-nos-regionais-da-cnbb\/"},"modified":"2017-05-04T00:00:00","modified_gmt":"2017-05-04T03:00:00","slug":"lancada-a-revista-anual-sobre-atividades-das-comissoes-e-organismos-nos-regionais-da-cnbb","status":"publish","type":"post","link":"https:\/\/www.cnbb.org.br\/lancada-a-revista-anual-sobre-atividades-das-comissoes-e-organismos-nos-regionais-da-cnbb\/","title":{"rendered":"Lan\u00e7ada a revista anual sobre atividades das Comiss\u00f5es e Organismos nos regionais da CNBB"},"content":{"rendered":"<p style=\"text-align: justify;\">Os bispos reunidos na 55\u00aa. Assembleia Geral receberam nesta quinta-feira, 4 de maio, a revista \u201cCNBB em a\u00e7\u00e3o\u201d com as principais atividades da entidade durante o ano de 2016. Dom Leonardo Steiner, no texto de apresenta\u00e7\u00e3o dos trabalhos, explica como funciona a Confer\u00eancia: \u201cToda a sua din\u00e2mica e organiza\u00e7\u00e3o est\u00e1 a servi\u00e7o da evangeliza\u00e7\u00e3o: os Regionais, as Comiss\u00f5es, a Secretaria Geral. Tudo e todos, \u2018a partir de Jesus Cristo na for\u00e7a do Esp\u00edrito Santo\u2019, rumo \u00e0 plenitude da vida, o Reino definitivo\u201d.<\/p>\n<p style=\"text-align: justify;\">Dom Leonardo lembra que as atividades apresentadas na \u201cCNBB em a\u00e7\u00e3o\u201d e distribu\u00edda para todos os bispos em Aparecida (SP) \u201cd\u00e3o testemunho do servi\u00e7o que prestam (as Comiss\u00f5es Episcopais Pastorais) para dinamizar e fortificar a evangeliza\u00e7\u00e3o em nosso pa\u00eds\u201d. E pede: \u201cAo apresentarmos as atividades, elevamos a Deus a a\u00e7\u00e3o de gra\u00e7as pelo bem que foi realizado e pela miseric\u00f3rdia que foi semeada\u201d.<\/p>\n<p style=\"text-align: justify;\"><span style=\"color: #800000;\"><strong>Comiss\u00f5es para os Minist\u00e9rios Ordenados e Comiss\u00e3o para o\u00a0Laicato<\/strong><\/span><\/p>\n<p style=\"text-align: justify;\">As 12 comiss\u00f5es, a comiss\u00e3o especial da Amaz\u00f4nia e os organismos do Povo de Deus apresentam seus destaques em 74 p\u00e1ginas. Os trabalhos realizados nos 18 regionais da CNBB distribu\u00eddos pelo Brasil. Entre esses destaques est\u00e3o: Congresso Internacional da Pastoral Vocacional, realizado em Roma no m\u00eas de outubro e no qual estiveram presentes os representantes da coordena\u00e7\u00e3o nacional da Pastoral Vocacional. Esta atividade foi apresentada pela Comiss\u00e3o Episcopal Pastoral para os Minist\u00e9rios Ordenados e a Vida Consagrada; entre os trabalhos da Comiss\u00e3o Episcopal Pastoral para o Laicato est\u00e1 a Cartilha para as elei\u00e7\u00f5es municipais do ano passado.<\/p>\n<p style=\"text-align: justify;\"><span style=\"color: #800000;\"><strong>Comiss\u00e3o para A\u00e7\u00e3o Mission\u00e1ria e Comiss\u00e3o para anima\u00e7\u00e3o B\u00edblico-catequ\u00e9tica<\/strong><\/span><\/p>\n<p style=\"text-align: justify;\">Uma a\u00e7\u00e3o da Comiss\u00e3o Episcopal Pastoral para a A\u00e7\u00e3o Mission\u00e1ria e Coopera\u00e7\u00e3o Intereclesial destacada na revista \u00e9 o 7\u00ba. Encontro Nacional da Miss\u00e3o Continental, realizado em Bras\u00edlia em junho de 2016. Da Comiss\u00e3o Episcopal Pastoral para a Anima\u00e7\u00e3o B\u00edblico-catequ\u00e9tica est\u00e1 uma nota sobre o II Nordest\u00e3o de Catequese, encontro realizado em Fortaleza no come\u00e7o do m\u00eas de outubro: \u201cA alegria estampada no rosto dos catequistas mostrou a comunh\u00e3o dos mesmos na caminhada por uma catequese de inicia\u00e7\u00e3o \u00e0 vida crist\u00e3 com inspira\u00e7\u00e3o catecumenal\u201d.<\/p>\n<p style=\"text-align: justify;\"><span style=\"color: #800000;\"><strong>Comiss\u00e3o para a Doutrina, Comiss\u00e3o para a Liturgia e Comiss\u00e3o para o Ecumenismo<\/strong><\/span><\/p>\n<p style=\"text-align: justify;\">Entre as atividades da Comiss\u00e3o Episcopal para a Doutrina da F\u00e9 est\u00e1 a apresenta\u00e7\u00e3o do Grupo Interdisciplinar de Peritos que ajuda a Comiss\u00e3o no cumprimento de sua miss\u00e3o e atribui\u00e7\u00f5es. Deste grupo de 13 pessoas, fazem parte a Sra. Maria de Lourdes Corr\u00eaa Lima, Doutora em Sagrada Escritura, da PUC Rio e o Sr. Evanildo Costeski, Doutor em Filosofia, da Universidade Federal do Cear\u00e1.<\/p>\n<p style=\"text-align: justify;\">A Comiss\u00e3o Episcopal Pastoral para a Liturgia apresenta v\u00e1rios trabalhos na revista, entre eles a revis\u00e3o do Hin\u00e1rio Lit\u00fargico e o Curso Ecum\u00eanico de Atualiza\u00e7\u00e3o Lit\u00fargico Musical realizado em janeiro deste ano, em S\u00e3o Paulo. \u00a0A Comiss\u00e3o Episcopal para o Ecumenismo e o Di\u00e1logo Inter-religioso destaca o VII Simp\u00f3sio de Forma\u00e7\u00e3o Ecum\u00eanica e de Di\u00e1logo Inter-religioso e o Encontro Cat\u00f3lico-Pentecostal, os dois eventos realizados em S\u00e3o Paulo.<\/p>\n<p style=\"text-align: justify;\"><span style=\"color: #800000;\"><strong>Comiss\u00e3o para a Caridade e Comiss\u00e3o para a Cultura e Educa\u00e7\u00e3o<\/strong><\/span><\/p>\n<p style=\"text-align: justify;\">No meio das v\u00e1rias atividades destacadas pela Comiss\u00e3o Episcopal Pastoral para para o Servi\u00e7o da Caridade, da Justi\u00e7a e da Paz est\u00e3o: cria\u00e7\u00e3o da Comiss\u00e3o Especial para o enfrentamento do Tr\u00e1fico Humano, Lei de Migra\u00e7\u00f5es e a campanha \u201cD\u00ea oportunidade\u201d da Pastoral do Menor da CNBB. A Comiss\u00e3o Episcopal Pastoral para a Cultura e a Educa\u00e7\u00e3o traz, entre outros, o destaque para III Encontro de Professores de Ensino Superior realizado em Tubar\u00e3o (SC), no m\u00eas de outubro; I Sal\u00e3o Nacional do Turismo Religioso realizado em Caet\u00e9 (MG) e o XVIII Encontro Nacional da Pastoral da Educa\u00e7\u00e3o realizado em Belo Horizonte (MG) tamb\u00e9m no m\u00eas de outubro.<\/p>\n<p style=\"text-align: justify;\"><span style=\"color: #800000;\"><strong>Comiss\u00e3o para Vida e Fam\u00edlia, Comiss\u00e3o para a Juventude e Comiss\u00e3o para a Comunica\u00e7\u00e3o<\/strong><\/span><\/p>\n<p style=\"text-align: justify;\">A Comiss\u00e3o Episcopal Pastoral para a Vida e Fam\u00edlia apresenta: Curso de P\u00f3s-gradua\u00e7\u00e3o em Pastoral Familiar da PUC Minas, Livreto \u201cHora da Fam\u00edlia\u201d e Semana Nacional da Vida que prop\u00f4s o tema: \u201cVida e sociedade\u201d. A Comiss\u00e3o Episcopal Pastoral para a Juventude destaca: Jornada Mundial de Carc\u00f3via, na Pol\u00f4nia e Capacita\u00e7\u00e3o para a pastoral juvenil.<\/p>\n<p style=\"text-align: justify;\">A \u00faltima das 12 comiss\u00f5es ordin\u00e1rias da CNBB, a Comiss\u00e3o Episcopal Pastoral para a Comunica\u00e7\u00e3o destaca um encontro de Pastoral da Comunica\u00e7\u00e3o em Naviraa\u00ed (MS), O 6\u00ba. Mutir\u00e3o de Comunica\u00e7\u00e3o do regional Nordeste 2 e o 5\u00ba. Encontro Nacional da Pascom realizado em Aparecida (SP) na metade do m\u00eas de julho e contou com a participa\u00e7\u00e3o de quase mil agentes para refletir sobre \u201cComunica\u00e7\u00e3o e Liturgia\u201d.<\/p>\n<p style=\"text-align: justify;\"><span style=\"color: #800000;\"><strong>Comiss\u00e3o para a Amaz\u00f4nia e Organismos<\/strong><\/span><\/p>\n<p style=\"text-align: justify;\">A Comiss\u00e3o Episcopal Especial para a Amaz\u00f4nia traz na revista: Encontro da Igreja da Amaz\u00f4nia Legal e Semin\u00e1rios \u201cLaudato S\u00ec\u201d. Na \u00faltima parte da revista encontram-se breves not\u00edcias dor organismos do Povo de Deus: Confer\u00eancia dos Religiosos do Brasil (CRB), Comiss\u00e3o Nacional dos Di\u00e1conos (CND), Comiss\u00e3o Nacional dos Presb\u00edteros (CNP), Conselho Nacional dos Leigos e Leigas do Brasil (CNLB) e a Confer\u00eancia Nacional dos Institutos Seculares (CNIS).<\/p>\n","protected":false},"excerpt":{"rendered":"<p>Dom Leonardo: &#8220;Ao apresentarmos as atividades, elevamos a Deus a a\u00e7\u00e3o de gra\u00e7as pelo bem que foi realizado e pela miseric\u00f3rdia semeada\u201d<\/p>\n","protected":false},"author":83,"featured_media":6864,"comment_status":"closed","ping_status":"open","sticky":false,"template":"","format":"standard","meta":{"site-sidebar-layout":"default","site-content-layout":"default","ast-global-header-display":"","ast-banner-title-visibility":"","ast-main-header-display":"","ast-hfb-above-header-display":"","ast-hfb-below-header-display":"","ast-hfb-mobile-header-display":"","site-post-title":"","ast-breadcrumbs-content":"","ast-featured-img":"","footer-sml-layout":"","theme-transparent-header-meta":"","adv-header-id-meta":"","stick-header-meta":"","header-above-stick-meta":"","header-main-stick-meta":"","header-below-stick-meta":""},"categories":[757,745,744],"tags":[],"acf":[],"_links":{"self":[{"href":"https:\/\/www.cnbb.org.br\/cnbb-app\/wp\/v2\/posts\/6863"}],"collection":[{"href":"https:\/\/www.cnbb.org.br\/cnbb-app\/wp\/v2\/posts"}],"about":[{"href":"https:\/\/www.cnbb.org.br\/cnbb-app\/wp\/v2\/types\/post"}],"author":[{"embeddable":true,"href":"https:\/\/www.cnbb.org.br\/cnbb-app\/wp\/v2\/users\/83"}],"replies":[{"embeddable":true,"href":"https:\/\/www.cnbb.org.br\/cnbb-app\/wp\/v2\/comments?post=6863"}],"version-history":[{"count":0,"href":"https:\/\/www.cnbb.org.br\/cnbb-app\/wp\/v2\/posts\/6863\/revisions"}],"wp:featuredmedia":[{"embeddable":true,"href":"https:\/\/www.cnbb.org.br\/cnbb-app\/wp\/v2\/media\/6864"}],"wp:attachment":[{"href":"https:\/\/www.cnbb.org.br\/cnbb-app\/wp\/v2\/media?parent=6863"}],"wp:term":[{"taxonomy":"category","embeddable":true,"href":"https:\/\/www.cnbb.org.br\/cnbb-app\/wp\/v2\/categories?post=6863"},{"taxonomy":"post_tag","embeddable":true,"href":"https:\/\/www.cnbb.org.br\/cnbb-app\/wp\/v2\/tags?post=6863"}],"curies":[{"name":"wp","href":"https:\/\/api.w.org\/{rel}","templated":true}]}}