{"id":688084,"date":"2021-08-16T11:37:33","date_gmt":"2021-08-16T14:37:33","guid":{"rendered":"https:\/\/www.cnbb.org.br\/?p=688084"},"modified":"2021-08-16T11:37:33","modified_gmt":"2021-08-16T14:37:33","slug":"curso-pastoral-judiciaria","status":"publish","type":"post","link":"https:\/\/www.cnbb.org.br\/curso-pastoral-judiciaria\/","title":{"rendered":"Pastoral Familiar e arquidiocese de Campo Grande apresentam Curso de Pastoral Judici\u00e1ria"},"content":{"rendered":"<div class=\"col-12 mt-5 teste\">\n<p>Com o objetivo de formar agentes para um servi\u00e7o pastoral de acolhida, orienta\u00e7\u00e3o e assessoria nos Tribunais Eclesi\u00e1sticos, a Pastoral Familiar apresenta, na pr\u00f3xima ter\u00e7a-feira, 17 de agosto, o\u00a0<strong><em>Curso de Pastoral Judici\u00e1ria aplicada ao Sacramento do Matrim\u00f4nio<\/em><\/strong>.<\/p>\n<p><img decoding=\"async\" loading=\"lazy\" class=\"alignleft\" src=\"http:\/\/vidaefamilia.org.br\/wp-content\/uploads\/2021\/08\/curso-pastoral-judiciaria-1-640x640.jpeg\" width=\"336\" height=\"336\" \/>Uma live, a partir das 20h, vai detalhar a proposta de forma\u00e7\u00e3o oferecida pela arquidiocese de Campo Grande (MS) e o Tribunal Eclesi\u00e1stico Regional de Campo Grande (MS), em parceria com a Comiss\u00e3o Episcopal Pastoral para a Vida e a Fam\u00edlia da CNBB e a Universidade Cat\u00f3lica Dom Bosco.<\/p>\n<p>Participam do bate-papo ao vivo o arcebispo de Campo Grande (MS), dom Dimas Lara Barbosa; o padre Alex Messias, do clero da capital sul mato-grossense; o vig\u00e1rio judicial de Campo Grande, frei Moacyr Malaquias Junior; e o assessor da Comiss\u00e3o Episcopal para a Vida e a Fam\u00edlia da CNBB, padre Crispim Guimar\u00e3es dos Santos.<\/p>\n<p>Com a reforma do processo can\u00f4nico para declara\u00e7\u00e3o de nulidade matrimonial, em 2015, por meio do Motu Proprio \u201c<em>Mitis Iudex Dominus Iesus<\/em>\u201c, refor\u00e7ou-se a ideia do servi\u00e7o judici\u00e1rio como uma a\u00e7\u00e3o pastoral, a partir do cuidado do Pastor pelo rebanho.<\/p>\n<div class=\"wp-block-image\"><\/div>\n<p>Sobre o tema, escreveu em 2017 o arcebispo de S\u00e3o Paulo (SP), cardeal Odilo Pedro Scherer: \u201c<em>O exerc\u00edcio da justi\u00e7a eclesi\u00e1stica possui finalidade genuinamente pastoral e deve ser oferecido aos fi\u00e9is com esse mesmo esp\u00edrito. N\u00e3o se trata de mera burocracia, nem de formalismo ou de legalismo desnecess\u00e1rio, mas de oferecer a assist\u00eancia can\u00f4nica e jur\u00eddica aos fi\u00e9is que tenham a necessidade disso, para o seu maior bem<\/em>\u201c.<\/p>\n<p>Nesse sentido, a reforma no processo de declara\u00e7\u00e3o de nulidade matrimonial atendeu \u00e0s solicita\u00e7\u00f5es que chegaram aos S\u00ednodos dos Bispos sobre a Fam\u00edlia quando teve destaque a necessidade dos fi\u00e9is que buscam uma palavra de discernimento, decis\u00e3o ou orienta\u00e7\u00e3o da Igreja acerca de sua vida matrimonial e familiar, nem sempre regular.\u00a0\u00c9 nesse contexto que est\u00e1 inserido o trabalho da Pastoral Judici\u00e1ria.<\/p>\n<p>&nbsp;<\/p>\n<h2>P\u00fablico-alvo<\/h2>\n<p>O p\u00fablico-alvo da forma\u00e7\u00e3o s\u00e3o agentes do Tribunal Eclesi\u00e1stico, membros da Pastoral Familiar, movimentos, servi\u00e7os voltados \u00e0 fam\u00edlia e interessados na tem\u00e1tica, que poder\u00e3o contar com certifica\u00e7\u00e3o de extens\u00e3o universit\u00e1ria. O pr\u00e9-requisito \u00e9 o Ensino M\u00e9dio Completo.<\/p>\n<h2>Metodologia<\/h2>\n<p>A forma\u00e7\u00e3o ser\u00e1 oferecida em oito m\u00f3dulos ministrados quinzenalmente com aulas remotas (ao vivo), atrav\u00e9s da plataforma Google Meet. A metodologia contar\u00e1 com exposi\u00e7\u00e3o oral, semin\u00e1rios, simula\u00e7\u00f5es de processos, aprofundamento do C\u00f3digo de Direito Can\u00f4nico, bem como de pesquisadores, livros e obras da \u00e1rea can\u00f4nica que dialogam com o Sacramento do Matrim\u00f4nio.<\/p>\n<h3>Os m\u00f3dulos<\/h3>\n<ol>\n<li>Teologia do Matrim\u00f4nio;<\/li>\n<li>Psicologia do relacionamento conjugal e familiar;<\/li>\n<li>Moral da sexualidade, do amor e do Matrim\u00f4nio;<\/li>\n<li>Direito Matrimonial Can\u00f4nico I;<\/li>\n<li>Direito Matrimonial Can\u00f4nico II;<\/li>\n<li>Direito Processual Can\u00f4nico: vis\u00e3o geral e prepara\u00e7\u00e3o da causa;<\/li>\n<li>Psicologia e Media\u00e7\u00e3o de Conflitos conjugais e familiares;<\/li>\n<li>A pastoral familiar e a pastoral judici\u00e1ria e os desafios do matrim\u00f4nio e da fam\u00edlia hoje.<\/li>\n<\/ol>\n<h3>Corpo docente<\/h3>\n<p>O corpo docente \u00e9 composto por mestre e doutores: Dr. padre Rafael Fornasier, Dr. padre Wladimir Porreca, Dr. padre Orlando Knnap, Dr. frei Moacyr Malaquias Junior, Dra. Elaine Cler Alexandre e Me. padre Crispim Guimar\u00e3es.<\/p>\n<p>&nbsp;<\/p>\n<h2>ACOMPANHE<\/h2>\n<p>A live de apresenta\u00e7\u00e3o poder\u00e1 ser acompanhada no canal da Pastoral Familiar no\u00a0<a href=\"https:\/\/www.youtube.com\/c\/PastoralFamiliarCNBB\/\" target=\"_blank\" rel=\"noreferrer noopener\">Youtube<\/a>.<\/p>\n<div class=\"ast-oembed-container\" style=\"height: 100%;\">\n<div style=\"max-width: 1333px;\">\n<div style=\"left: 0; width: 100%; height: 0; position: relative; padding-bottom: 56.25%;\"><iframe title=\"Pastoral Judici\u00e1ria aplicada ao Sacramento do Matrim\u00f4nio\" src=\"https:\/\/www.youtube.com\/embed\/gsIzi7fBEF4?rel=0\" style=\"top: 0; left: 0; width: 100%; height: 100%; position: absolute; border: 0;\" allowfullscreen scrolling=\"no\" allow=\"accelerometer; clipboard-write; encrypted-media; gyroscope; picture-in-picture;\"><\/iframe><\/div>\n<\/div>\n<\/div>\n<figure class=\"wp-block-embed is-type-video is-provider-youtube wp-block-embed-youtube wp-embed-aspect-16-9 wp-has-aspect-ratio\">\n<div class=\"wp-block-embed__wrapper\"><iframe loading=\"lazy\" title=\"Pastoral Judici\u00e1ria aplicada ao Sacramento do Matrim\u00f4nio\" src=\"https:\/\/www.youtube.com\/embed\/gsIzi7fBEF4?feature=oembed\" width=\"500\" height=\"281\" frameborder=\"0\" allowfullscreen=\"allowfullscreen\" data-mce-fragment=\"1\"><\/iframe><\/div>\n<\/figure>\n<p>&nbsp;<\/p>\n<div id=\"shr_canvas2\" class=\"shareaholic-canvas shareaholic-resolved-canvas shareaholic-ui\" data-app=\"share_buttons\" data-title=\"Pastoral Familiar apresenta Curso de Pastoral Judici\u00e1ria\" data-link=\"http:\/\/vidaefamilia.org.br\/pastoral-familiar-curso-de-pastoral-judiciaria\/\" data-app-id-name=\"post_below_content\">\n<div translate=\"no\">\n<div class=\"shareaholic-share-buttons-container shareaholic-ui shr-no-print shareaholic-flat shareaholic-round shareaholic- shareaholic-block shareaholic- shareaholic-horizontal shareaholic-  shareaholic-flat shareaholic-round shareaholic-block shareaholic-horizontal shareaholic-mini\">\n<div class=\"shareaholic-share-buttons-wrapper shareaholic-ui \">\n<div class=\"shareaholic-share-buttons-animation-wrapper \">\n<div class=\"shareaholic-share-buttons-heading shareaholic-custom\">\n<div class=\"shareaholic-share-buttons-heading-text\"><\/div>\n<\/div>\n<pre>Por Portal Vida e Fam\u00edlia<\/pre>\n<div class=\"shareaholic-share-button-container shr-outline\" tabindex=\"0\" role=\"button\" aria-label=\"Share to Facebook\"><\/div>\n<\/div>\n<\/div>\n<\/div>\n<\/div>\n<\/div>\n<\/div>\n","protected":false},"excerpt":{"rendered":"<p>Uma live, nesta ter\u00e7a-feira, a partir das 20h, vai detalhar a proposta de forma\u00e7\u00e3o oferecida pela arquidiocese de Campo Grande (MS) e o Tribunal Eclesi\u00e1stico Regional de Campo Grande (MS), em parceria com a Comiss\u00e3o Episcopal Pastoral para a Vida e a Fam\u00edlia da CNBB e a Universidade Cat\u00f3lica Dom Bosco. Objetivo \u00e9 formar agentes para um servi\u00e7o pastoral de acolhida, orienta\u00e7\u00e3o e assessoria nos Tribunais Eclesi\u00e1sticos<\/p>\n","protected":false},"author":83,"featured_media":688098,"comment_status":"open","ping_status":"open","sticky":false,"template":"","format":"standard","meta":{"site-sidebar-layout":"default","site-content-layout":"default","ast-global-header-display":"","ast-banner-title-visibility":"","ast-main-header-display":"","ast-hfb-above-header-display":"","ast-hfb-below-header-display":"","ast-hfb-mobile-header-display":"","site-post-title":"","ast-breadcrumbs-content":"","ast-featured-img":"","footer-sml-layout":"","theme-transparent-header-meta":"default","adv-header-id-meta":"","stick-header-meta":"","header-above-stick-meta":"","header-main-stick-meta":"","header-below-stick-meta":""},"categories":[50,806,788],"tags":[3138,3870,2883],"acf":[],"_links":{"self":[{"href":"https:\/\/www.cnbb.org.br\/cnbb-app\/wp\/v2\/posts\/688084"}],"collection":[{"href":"https:\/\/www.cnbb.org.br\/cnbb-app\/wp\/v2\/posts"}],"about":[{"href":"https:\/\/www.cnbb.org.br\/cnbb-app\/wp\/v2\/types\/post"}],"author":[{"embeddable":true,"href":"https:\/\/www.cnbb.org.br\/cnbb-app\/wp\/v2\/users\/83"}],"replies":[{"embeddable":true,"href":"https:\/\/www.cnbb.org.br\/cnbb-app\/wp\/v2\/comments?post=688084"}],"version-history":[{"count":0,"href":"https:\/\/www.cnbb.org.br\/cnbb-app\/wp\/v2\/posts\/688084\/revisions"}],"wp:featuredmedia":[{"embeddable":true,"href":"https:\/\/www.cnbb.org.br\/cnbb-app\/wp\/v2\/media\/688098"}],"wp:attachment":[{"href":"https:\/\/www.cnbb.org.br\/cnbb-app\/wp\/v2\/media?parent=688084"}],"wp:term":[{"taxonomy":"category","embeddable":true,"href":"https:\/\/www.cnbb.org.br\/cnbb-app\/wp\/v2\/categories?post=688084"},{"taxonomy":"post_tag","embeddable":true,"href":"https:\/\/www.cnbb.org.br\/cnbb-app\/wp\/v2\/tags?post=688084"}],"curies":[{"name":"wp","href":"https:\/\/api.w.org\/{rel}","templated":true}]}}