{"id":688991,"date":"2021-08-16T18:38:59","date_gmt":"2021-08-16T21:38:59","guid":{"rendered":"https:\/\/www.cnbb.org.br\/?p=688991"},"modified":"2021-08-16T22:54:41","modified_gmt":"2021-08-17T01:54:41","slug":"no-balanco-do-pilar-do-pao-das-dgae-2019-2023-dom-armando-bucciol-fala-da-vivencia-da-eucaristia-no-contexto-da-covid-19","status":"publish","type":"post","link":"https:\/\/www.cnbb.org.br\/no-balanco-do-pilar-do-pao-das-dgae-2019-2023-dom-armando-bucciol-fala-da-vivencia-da-eucaristia-no-contexto-da-covid-19\/","title":{"rendered":"No Balan\u00e7o do Pilar do P\u00e3o, das DGAE 2019-2023, dom Armando Bucciol fala da viv\u00eancia da Eucaristia no contexto da Covid-19"},"content":{"rendered":"<p>No texto abaixo, o bispo de Livramento de Nossa Senhora (BA) e membro da Comiss\u00e3o Episcopal para a Anima\u00e7\u00e3o B\u00edblico-Catequ\u00e9tica da Confer\u00eancia Nacional dos Bispos do Brasil (CNBB), dom Armando Bucciol, faz um balan\u00e7o do Pilar do P\u00e3o (Liturgia e Espiritualidade) das \u00a0Diretrizes Gerais da A\u00e7\u00e3o Evangelizadora da Igreja no Brasil (DGAE) para o quadri\u00eanio 2019 \u2013 2023.\u00a0 Com este texto, o portal da CNBB encerra o balan\u00e7o dos quatro pilares expressos nas DGAE.<\/p>\n<p><a href=\"https:\/\/www.cnbb.org.br\/balanco-2-anos-dgae-2019-2023-secretario-geral-da-cnbb-fala-sobre-a-vivencia-da-caridade-na-igreja-no-brasil\/\">Balan\u00e7o 2 anos DGAE 2019-2023: Secret\u00e1rio-geral da CNBB fala sobre a viv\u00eancia da caridade na Igreja no Brasil &#8211; CNBB<\/a><br \/>\n<a href=\"https:\/\/www.cnbb.org.br\/balanco-2-anos-dgae-2019-2023-dom-peruzzo\/\">Balan\u00e7o 2 anos DGAE 2019-2023: Dom Peruzzo fala sobre o Pilar da Palavra e seus frutos &#8211; CNBB<\/a><br \/>\n<a href=\"https:\/\/www.cnbb.org.br\/balanco-2-anos-dgae-2019-2023-dom-odelir-jose-magri-fala-do-pilar-da-missao-e-da-conscientizacao-missionaria-da-igreja-no-brasil\/\">Balan\u00e7o 2 anos DGAE 2019-2023: dom Odelir Jos\u00e9 Magri fala do pilar da Miss\u00e3o e da conscientiza\u00e7\u00e3o mission\u00e1ria da Igreja no Brasil &#8211; CNBB<\/a><\/p>\n<p style=\"text-align: justify;\">Segundo o bispo, o contexto da pandemia imp\u00f4s sofridos limites \u00e0 viv\u00eancia desta dimens\u00e3o na Igreja no Brasil. Contudo, &#8220;numerosas pessoas e comunidades despertaram energias \u00e0 escola da Palavra e com o alimento da Eucaristia. Tomamos consci\u00eancia da nossa fragilidade e da urg\u00eancia de rever valores, rela\u00e7\u00f5es, estilos de vida&#8221;.<\/p>\n<p style=\"text-align: justify;\">O jejum eucar\u00edstico, imposto pelas restri\u00e7\u00f5es sanit\u00e1rias, segundo dom Armando, fez crescer a consci\u00eancia da sacramentalidade da Palavra, de sua dimens\u00e3o perform\u00e1tica, conforme vis\u00e3o expressa pelo Papa Bento XVI. Outro aprendizado que o bispo destaca neste tempo foi a contribui\u00e7\u00e3o dos meios de comunica\u00e7\u00e3o social de inspira\u00e7\u00e3o cat\u00f3lica para fazer com que a liturgia chegasse aos lares dos fieis.<\/p>\n<p style=\"text-align: justify;\">&#8220;Foi de imenso valor este aux\u00edlio dado \u00e0 vida de nossas Comunidades. Liturgias marcadas pela simplicidade, mas com fr\u00eamitos de esperan\u00e7a, foram veiculadas por uma mir\u00edade de redes sociais em capelas com poucas presen\u00e7as, em igrejas quase vazias&#8221;, destaca.<\/p>\n<p>Veja, abaixo, a \u00edntegra da reflex\u00e3o e do balan\u00e7o:<\/p>\n<h3 style=\"text-align: center;\">O Pilar do P\u00e3o: Liturgia e Espiritualidade<\/h3>\n<p style=\"text-align: justify;\">As Diretrizes Gerais reconhecem que o pilar da Liturgia e da Espiritualidade sustenta a vida eclesial. Algumas afirma\u00e7\u00f5es nesse sentido constam <a href=\"https:\/\/www.edicoescnbb.com.br\/diretrizes-gerais\" target=\"_blank\" rel=\"noopener\">documento n\u00ba 109 da CNBB<\/a>, \u00a0Diretrizes Gerais da A\u00e7\u00e3o Evangelizadora da Igreja no Brasil (DGAE) para o quadri\u00eanio 2019 \u2013 2023. Em seu n\u00famero 95: \u201cNa comunidade de f\u00e9, cultiva-se uma verdadeira vida de ora\u00e7\u00e3o, enraizada na Palavra de Deus\u201d; no n\u00famero 98: \u201cO Senhor Jesus&#8230; deseja uma Igreja servidora, samaritana, pobre com os pobres\u201d; no n\u00ba 94: \u201cA mesa est\u00e1 no centro da celebra\u00e7\u00e3o da f\u00e9 crist\u00e3\u201d. Esses pensamentos apontam para uma Igreja que se alimenta da Palavra e da Eucaristia e assume uma pastoral mission\u00e1ria, procurando ser fiel ao Senhor&#8221;.<\/p>\n<p style=\"text-align: justify;\">Perguntemo-nos: nestes dois anos, quais passos conseguimos dar a respeito desses compromissos?<\/p>\n<p style=\"text-align: justify;\">S\u00f3 Deus conhece o imenso amor que amadureceu em tantos cora\u00e7\u00f5es para orar, refletir, ajudar, sustentar, aliviar, socorrer, partilhar. Pela minha experi\u00eancia e pelo interc\u00e2mbio com tantos irm\u00e3os e irm\u00e3s &#8211; pastores, leigos e leigas &#8211; reconhe\u00e7o que, quando existe amor, tudo coopera para o bem (Rm 8,28). Nesses meses, longos e sofridos, os sinais de vitalidade da f\u00e9 foram tantos, e nossas Igrejas souberam testemunhar, com coragem e criatividade, os ensinamentos do Evangelho.<\/p>\n<p style=\"text-align: justify;\">As limita\u00e7\u00f5es impostas pelo v\u00edrus \u00e0 vida eclesial foram grandes; os sofrimentos enormes; in\u00fameros irm\u00e3os e irm\u00e3s vivem machucados no \u00edntimo do cora\u00e7\u00e3o por perdas irrepar\u00e1veis; dores e lutos v\u00e3o perdurar. Apesar de tudo, numerosas pessoas e comunidades despertaram energias \u00e0 escola da Palavra e com o alimento da Eucaristia. Tomamos consci\u00eancia da nossa fragilidade e da urg\u00eancia de rever valores, rela\u00e7\u00f5es, estilos de vida.<\/p>\n<p style=\"text-align: justify;\">Nas Diretrizes Gerais, retorna a palavra essencial. Escreve-se em seu n\u00famero 160: \u201cA Eucaristia e a Palavra s\u00e3o elementos essenciais e insubstitu\u00edveis para a vida crist\u00e3\u201d (&#8230;) A liturgia \u00e9 o cora\u00e7\u00e3o da comunidade\u201d; ao n\u00ba 162: \u201cPromover uma liturgia essencial&#8230; que conduza a mergulhar no mist\u00e9rio de Deus, sem deixar o ch\u00e3o concreto da hist\u00f3ria fora da ora\u00e7\u00e3o comunit\u00e1ria\u201d.<\/p>\n<p style=\"text-align: justify;\">A mem\u00f3ria lit\u00fargica nos recorda que a Palavra se faz Eucaristia e, num \u00fanico abra\u00e7o de amor, Jesus deixou o seu testamento para sempre. O seu P\u00e3o, fermento de amor, acompanha-se \u00e0s palavras que, como em um sussurro, fluem de seu cora\u00e7\u00e3o: &#8220;Amai-vos como eu vos amei; n\u00e3o existe maior amor que dar a vida; Ele, tendo amado os seus, amou-os at\u00e9 o ponto mais alto&#8221;. Quantas energias de amor se despertaram nestes meses, encontrando alimento na Palavra, acima de tudo.<\/p>\n<p style=\"text-align: justify;\">De fato, as Diretrizes propunham ao n\u00famero 161: \u201cValorizar o minist\u00e9rio da celebra\u00e7\u00e3o da Palavra\u201d; ao n\u00ba 165, recomenda-se: \u201cOnde efetivamente n\u00e3o for poss\u00edvel celebrar a Eucaristia, realizem-se celebra\u00e7\u00f5es da Palavra de Deus. (&#8230;) Importa que a comunidade n\u00e3o deixe de se reunir para celebrar o Dia do Senhor\u201d.<\/p>\n<p style=\"text-align: justify;\">O jejum eucar\u00edstico, imposto pelas restri\u00e7\u00f5es sanit\u00e1rias, fez crescer a consci\u00eancia da sacramentalidade da Palavra, de sua dimens\u00e3o perform\u00e1tica (Papa Bento XVI). Por longo tempo, tantos irm\u00e3os e irm\u00e3s, saboreando a do\u00e7ura do P\u00e3o da Palavra, \u00fanico alimento, com sua for\u00e7a transformadora, seu valor sacramental, encontraram nela consolo e fortaleza, junto ao desejo da Eucaristia-comunh\u00e3o, ao sentido da comunidade e ao valor da participa\u00e7\u00e3o.<\/p>\n<p style=\"text-align: justify;\">No n\u00famero 170 encontramos: \u201cReconhecer que o trabalho dos meios de comunica\u00e7\u00e3o social de inspira\u00e7\u00e3o cat\u00f3lica \u00e9 um dom de Deus para a Igreja no Brasil\u201d. Com certeza, foi de imenso valor este aux\u00edlio dado \u00e0 vida de nossas Comunidades. Liturgias marcadas pela simplicidade, mas com fr\u00eamitos de esperan\u00e7a, foram veiculadas por uma mir\u00edade de redes sociais em capelas com poucas presen\u00e7as, em igrejas quase vazias.<\/p>\n<p style=\"text-align: justify;\">Mas, o frio das presen\u00e7as virtuais fez crescer, em pastores e fieis, o desejo de encontros dos corpos, a beleza de abra\u00e7os repletos do carinho. Sentimos a necessidade, com renovado vigor, de \u201cconstruir comunidades de disc\u00edpulos mission\u00e1rios abertos ao di\u00e1logo, \u00e0 acolhida, \u00e0 compreens\u00e3o e \u00e0 compaix\u00e3o\u201d, conforme o n\u00famero 101. Fazendo tesouro do que aprendemos, vivamos, prontos a trilhar, com maior afinco e esperan\u00e7a, esses caminhos.<\/p>\n<p style=\"text-align: justify;\">Dom Armando Bucciol<br \/>\nBispo de Livramento de Nossa Senhora (BA)<br \/>\nMembro da Comiss\u00e3o Episcopal para a Anima\u00e7\u00e3o B\u00edblico-Catequ\u00e9tica da CNBB<\/p>\n","protected":false},"excerpt":{"rendered":"<p>O bispo de Livramento de Nossa Senhora (BA) e membro da Comiss\u00e3o Episcopal para a Anima\u00e7\u00e3o B\u00edblico-Catequ\u00e9tica da Confer\u00eancia Nacional dos Bispos do Brasil (CNBB), dom Armando Bucciol, faz um balan\u00e7o do Pilar do P\u00e3o (Liturgia e Espiritualidade) das \u00a0Diretrizes Gerais da A\u00e7\u00e3o Evangelizadora da Igreja no Brasil (DGAE) para o quadri\u00eanio 2019 \u2013 2023<\/p>\n","protected":false},"author":83,"featured_media":691159,"comment_status":"open","ping_status":"open","sticky":false,"template":"","format":"standard","meta":{"site-sidebar-layout":"default","site-content-layout":"default","ast-global-header-display":"","ast-banner-title-visibility":"","ast-main-header-display":"","ast-hfb-above-header-display":"","ast-hfb-below-header-display":"","ast-hfb-mobile-header-display":"","site-post-title":"","ast-breadcrumbs-content":"","ast-featured-img":"","footer-sml-layout":"","theme-transparent-header-meta":"default","adv-header-id-meta":"","stick-header-meta":"","header-above-stick-meta":"","header-main-stick-meta":"","header-below-stick-meta":""},"categories":[1840],"tags":[3503,3704],"acf":[],"_links":{"self":[{"href":"https:\/\/www.cnbb.org.br\/cnbb-app\/wp\/v2\/posts\/688991"}],"collection":[{"href":"https:\/\/www.cnbb.org.br\/cnbb-app\/wp\/v2\/posts"}],"about":[{"href":"https:\/\/www.cnbb.org.br\/cnbb-app\/wp\/v2\/types\/post"}],"author":[{"embeddable":true,"href":"https:\/\/www.cnbb.org.br\/cnbb-app\/wp\/v2\/users\/83"}],"replies":[{"embeddable":true,"href":"https:\/\/www.cnbb.org.br\/cnbb-app\/wp\/v2\/comments?post=688991"}],"version-history":[{"count":0,"href":"https:\/\/www.cnbb.org.br\/cnbb-app\/wp\/v2\/posts\/688991\/revisions"}],"wp:featuredmedia":[{"embeddable":true,"href":"https:\/\/www.cnbb.org.br\/cnbb-app\/wp\/v2\/media\/691159"}],"wp:attachment":[{"href":"https:\/\/www.cnbb.org.br\/cnbb-app\/wp\/v2\/media?parent=688991"}],"wp:term":[{"taxonomy":"category","embeddable":true,"href":"https:\/\/www.cnbb.org.br\/cnbb-app\/wp\/v2\/categories?post=688991"},{"taxonomy":"post_tag","embeddable":true,"href":"https:\/\/www.cnbb.org.br\/cnbb-app\/wp\/v2\/tags?post=688991"}],"curies":[{"name":"wp","href":"https:\/\/api.w.org\/{rel}","templated":true}]}}