{"id":6907,"date":"2017-05-12T00:00:00","date_gmt":"2017-05-12T03:00:00","guid":{"rendered":"https:\/\/www.cnbb.org.br\/memoria-de-13-de-maio-de-1981-um-jovem-turco-dispara-contra-sao-joao-paulo-ii\/"},"modified":"2017-05-12T00:00:00","modified_gmt":"2017-05-12T03:00:00","slug":"memoria-de-13-de-maio-de-1981-um-jovem-turco-dispara-contra-sao-joao-paulo-ii","status":"publish","type":"post","link":"https:\/\/www.cnbb.org.br\/memoria-de-13-de-maio-de-1981-um-jovem-turco-dispara-contra-sao-joao-paulo-ii\/","title":{"rendered":"Mem\u00f3ria de 13 de maio de 1981: um jovem turco dispara contra S\u00e3o Jo\u00e3o Paulo II"},"content":{"rendered":"<p style=\"text-align: justify;\">Era 13 de maio de 1981. Uma quarta-feira ensolarada de primavera dos tempos em que a m\u00eddia mundial ainda celebrava, h\u00e1 dois anos, a semanal apari\u00e7\u00e3o de um papa que mudara a hist\u00f3ria do Vaticano. Paulo VI, no final do seu pontificado, tinha dificuldades para esse tipo de encontro por causa da idade e da sa\u00fade. Jo\u00e3o Paulo I foi um meteoro. Apareceu de modo a causar simpatia geral, mas faleceu com um pouco mais de um m\u00eas depois de sua elei\u00e7\u00e3o. Jo\u00e3o Paulo II chegou trazendo novidades: o papa mais jovem do s\u00e9culo 20; um n\u00e3o-italiano que assumira o Trono de Pedro desde o holand\u00eas, Adriano VI, em 1522 e o primeiro papa a sair e entrar pela famosa \u201ccortina de ferro\u201d representada pelos pa\u00edses socialistas do leste europeu.<\/p>\n<blockquote>\n<p style=\"text-align: center;\"><em><span style=\"color: #800000;\">Os proj\u00e9teis feriram o est\u00f4mago, a m\u00e3o esquerda e o cotovelo do Papa<\/span><\/em><\/p>\n<\/blockquote>\n<p style=\"text-align: justify;\"><img decoding=\"async\" loading=\"lazy\" class=\"size-medium wp-image-1565 alignright\" src=\"http:\/\/cnbb.net.br\/wp-content\/uploads\/2017\/05\/atentado1-300x212.jpg\" alt=\"\" width=\"300\" height=\"212\" \/>O jovem turco Mehemet Ali Agca disparou tr\u00eas vezes com uma pistola Browning de nove mil\u00edmetros a menos de sete metros de dist\u00e2ncia do Papa enquanto fazia um percurso cumprimentando os fi\u00e9is nos corredores montados pelos funcion\u00e1rios da Santa S\u00e9 para as audi\u00eancias gerais na Pra\u00e7a de S\u00e3o Pedro. Jo\u00e3o Paulo II foi atingido por duas balas e foi amparado por seus auxiliares. Os proj\u00e9teis feriram gravemente o est\u00f4mago, a m\u00e3o esquerda e o cotovelo do Papa. Imediatamente, a m\u00eddia mundial entrou em p\u00e2nico. As ag\u00eancias de not\u00edcias, a internet da \u00e9poca, espalhou o registro do atentado para todos os continentes e come\u00e7aram a aparecer as teses sobre as raz\u00f5es que levaram aquele magrinho de barba a querer matar o Papa que angariava simpatias em todo canto.<\/p>\n<p style=\"text-align: justify;\"><span style=\"color: #800000;\"><strong>Tese conspirat\u00f3ria<\/strong><\/span><\/p>\n<p style=\"text-align: justify;\">Eram anos da chamada Guerra Fria. Quase tudo, no debate p\u00fablico a respeito de relacionamento entre as na\u00e7\u00f5es tinham a ver com a luta entre os Estados Unidos e a ent\u00e3o alian\u00e7a comunista chamada de Uni\u00e3o das Rep\u00fablicas Socialistas Sovi\u00e9ticas. Falou-se, inicialmente, que os pa\u00edses do leste europeu tivessem interesse na morte do Papa pelo fato dele manifestar pouca disposi\u00e7\u00e3o em aben\u00e7oar a expans\u00e3o comunista. Ficou famosa a tese de que o governo b\u00falgaro estivesse por tr\u00e1s de Ali Agca.<\/p>\n<blockquote>\n<p style=\"text-align: center;\"><span style=\"color: #800000;\"><em>Agca foi preso imediatamente pela pol\u00edcia italiana e depois de dois anos do atentado, o Jo\u00e3o Paulo II o visitou e o perdoou na cadeia de Ancona, na regi\u00e3o central da It\u00e1lia<\/em><\/span><\/p>\n<\/blockquote>\n<p style=\"text-align: justify;\">A ficha corrida do turco mostrava, no entanto, que ele tinha condi\u00e7\u00f5es para pessoalmente querer ser protagonista solit\u00e1rio de um caso daquele tipo. A revista Superinteressante, em edi\u00e7\u00e3o de setembro de 2005, afirmava que ele publicara uma carta em um jornal de Istambul contra Jo\u00e3o Paulo II. Criticava \u201cos imperialistas ocidentais\u201d que enviavam \u00e0 Turquia \u201co comandante das Cruzadas\u201d e amea\u00e7ava: \u201cSe essa visita n\u00e3o for cancelada, vou, sem d\u00favida alguma, matar o comandante-papa\u201d. \u00a0A revista ainda \u00a0apurou que Agca \u201cenvolvera-se com grupos de extrema-direita e com a \u2018m\u00e1fia turca\u2019, chegara a ser preso por participa\u00e7\u00e3o num assassinato e era acusado de operar com contrabando de armas e drogas\u201d.<\/p>\n<p style=\"text-align: justify;\"><img decoding=\"async\" loading=\"lazy\" class=\"size-medium wp-image-1566 alignleft\" src=\"http:\/\/cnbb.net.br\/wp-content\/uploads\/2017\/05\/atendado2-300x161.jpg\" alt=\"\" width=\"300\" height=\"161\" \/>Agca foi preso imediatamente pela pol\u00edcia italiana e depois de dois anos do atentado, o Jo\u00e3o Paulo II o visitou e o perdoou na cadeia de Ancona, na regi\u00e3o central da It\u00e1lia. No ano de 2000, ele ganhou a anistia da Justi\u00e7a italiana e foi extraditado para a Turquia onde cumpriu dez anos de pris\u00e3o. Ele foi solto em 18 de janeiro de 2010. Em 27 de dezembro de 2014, trinta e tr\u00eas anos ap\u00f3s o crime que cometeu, Agca voltou ao Vaticano e depositou rosas na tumba do Papa Jo\u00e3o Paulo II.<\/p>\n<p style=\"text-align: justify;\"><span style=\"color: #800000;\"><strong>O Terceiro Segredo de F\u00e1tima<\/strong><\/span><\/p>\n<p style=\"text-align: justify;\">Curiosidade. Milenarismos. Supersti\u00e7\u00f5es. Amea\u00e7as. Tudo isso circulou em torno do chamado Terceiro Segredo que faltava ser revelado das apari\u00e7\u00f5es de Nossa Senhora em F\u00e1tima. Artigo de teor formativo publicado pelo portal da Can\u00e7\u00e3o Nova, conta que \u201ca revela\u00e7\u00e3o do segredo, feita por meio da Sagrada Congrega\u00e7\u00e3o da F\u00e9, com uma interpreta\u00e7\u00e3o feita, a pedido do Papa, pelo ent\u00e3o Cardeal Joseph Ratzinger, hoje o Papa em\u00e9rito Bento XVI, prefeito da citada congrega\u00e7\u00e3o na \u00e9poca, viu-se que se trata de uma vis\u00e3o do s\u00e9culo XX, s\u00e9culo este impregnado de m\u00e1rtires do comunismo, do nazismo e de outras for\u00e7as inimigas da Igreja e de Deus. Milh\u00f5es morreram pela f\u00e9\u201d.<\/p>\n<p style=\"text-align: justify;\"><img decoding=\"async\" loading=\"lazy\" class=\"size-medium wp-image-1567 alignleft\" src=\"http:\/\/cnbb.net.br\/wp-content\/uploads\/2017\/05\/atentado3-300x200.jpg\" alt=\"\" width=\"300\" height=\"200\" \/>O artigo continua: \u201cna entrevista que Dom Tarc\u00edsio Bertone, ent\u00e3o Secret\u00e1rio da Congrega\u00e7\u00e3o para a Doutrina da F\u00e9, teve com a Irm\u00e3 L\u00facia, por ordem do Sumo Pont\u00edfice, em 27 de abril de 2000, no Carmelo de Coimbra, onde vivia a religiosa, esta, l\u00facida e calma, concordou com a interpreta\u00e7\u00e3o do segredo, segundo a qual a terceira parte do Segredo de F\u00e1tima consiste numa vis\u00e3o prof\u00e9tica, compar\u00e1vel \u00e0s da hist\u00f3ria sagrada. Irm\u00e3 L\u00facia confirmou, segundo artigo, \u201cque a principal personagem do segredo era o Santo Padre e recordou como os pastorinhos tinham pena dele. Com rela\u00e7\u00e3o ao \u2018Bispo vestido de branco\u2019 (o Papa), que \u00e9 ferido de morte e cai por terra, a Irm\u00e3 concordou plenamente com a afirma\u00e7\u00e3o do saudoso Papa Jo\u00e3o Paulo II: \u201cFoi uma m\u00e3o materna que guiou a trajet\u00f3ria da bala e o Santo Padre deteve-se no limiar da morte\u201d (<em>Medita\u00e7\u00e3o com os Bispos italianos na Policl\u00ednica<\/em> Gemelli, 13 de maio de 1994)\u201d.<\/p>\n","protected":false},"excerpt":{"rendered":"<p>O epis\u00f3dio tr\u00e1gico, posteriormente, foi interpretado pela Santa S\u00e9 como o conte\u00fado do chamado Terceiro Segredo de F\u00e1tima<\/p>\n","protected":false},"author":83,"featured_media":0,"comment_status":"closed","ping_status":"open","sticky":false,"template":"","format":"standard","meta":{"site-sidebar-layout":"default","site-content-layout":"default","ast-global-header-display":"","ast-banner-title-visibility":"","ast-main-header-display":"","ast-hfb-above-header-display":"","ast-hfb-below-header-display":"","ast-hfb-mobile-header-display":"","site-post-title":"","ast-breadcrumbs-content":"","ast-featured-img":"","footer-sml-layout":"","theme-transparent-header-meta":"","adv-header-id-meta":"","stick-header-meta":"","header-above-stick-meta":"","header-main-stick-meta":"","header-below-stick-meta":""},"categories":[802],"tags":[],"acf":[],"_links":{"self":[{"href":"https:\/\/www.cnbb.org.br\/cnbb-app\/wp\/v2\/posts\/6907"}],"collection":[{"href":"https:\/\/www.cnbb.org.br\/cnbb-app\/wp\/v2\/posts"}],"about":[{"href":"https:\/\/www.cnbb.org.br\/cnbb-app\/wp\/v2\/types\/post"}],"author":[{"embeddable":true,"href":"https:\/\/www.cnbb.org.br\/cnbb-app\/wp\/v2\/users\/83"}],"replies":[{"embeddable":true,"href":"https:\/\/www.cnbb.org.br\/cnbb-app\/wp\/v2\/comments?post=6907"}],"version-history":[{"count":0,"href":"https:\/\/www.cnbb.org.br\/cnbb-app\/wp\/v2\/posts\/6907\/revisions"}],"wp:attachment":[{"href":"https:\/\/www.cnbb.org.br\/cnbb-app\/wp\/v2\/media?parent=6907"}],"wp:term":[{"taxonomy":"category","embeddable":true,"href":"https:\/\/www.cnbb.org.br\/cnbb-app\/wp\/v2\/categories?post=6907"},{"taxonomy":"post_tag","embeddable":true,"href":"https:\/\/www.cnbb.org.br\/cnbb-app\/wp\/v2\/tags?post=6907"}],"curies":[{"name":"wp","href":"https:\/\/api.w.org\/{rel}","templated":true}]}}