{"id":6915,"date":"2017-05-12T00:00:00","date_gmt":"2017-05-12T03:00:00","guid":{"rendered":"https:\/\/www.cnbb.org.br\/celam-cria-comissao-para-acompanhar-a-situacao-social-e-politica-da-venezuela\/"},"modified":"2017-05-12T00:00:00","modified_gmt":"2017-05-12T03:00:00","slug":"celam-cria-comissao-para-acompanhar-a-situacao-social-e-politica-da-venezuela","status":"publish","type":"post","link":"https:\/\/www.cnbb.org.br\/celam-cria-comissao-para-acompanhar-a-situacao-social-e-politica-da-venezuela\/","title":{"rendered":"Celam cria comiss\u00e3o para acompanhar a situa\u00e7\u00e3o social e pol\u00edtica da Venezuela"},"content":{"rendered":"<p style=\"text-align: justify;\">O Bispo auxiliar de Morelia, M\u00e9xico, Dom Juan Espinoza, Secret\u00e1rio-Geral do Celam, Conselho Episcopal latino-americano, informa numa nota, enviada \u00e0 Ag\u00eancia Fides, que este organismo far\u00e1 uma declara\u00e7\u00e3o sobre a degenera\u00e7\u00e3o dos direitos humanos na Venezuela e que foi criada uma comiss\u00e3o para estudar o que est\u00e1 acontecendo nesse pa\u00eds.<\/p>\n<p style=\"text-align: justify;\">A declara\u00e7\u00e3o sublinha a situa\u00e7\u00e3o grave que o pa\u00eds sul-americano est\u00e1 vivendo, onde a repress\u00e3o dos protestos da oposi\u00e7\u00e3o causou mais de quarenta mortos. Os manifestantes foram \u00e0 sede da Confer\u00eancia Episcopal da Venezuela para pedir o apoio da Igreja para por fim \u00e0 viol\u00eancia da parte das for\u00e7as do Estado. Conflito<\/p>\n<p style=\"text-align: justify;\">A Comiss\u00e3o que acompanhar\u00e1 a situa\u00e7\u00e3o na Venezuela ser\u00e1 presidida pelo Arcebispo de Man\u00e1gua, Nicar\u00e1gua, Cardeal Leopoldo Brenes. Fazem parte tamb\u00e9m da comiss\u00e3o o Bispo de Cumana, Venezuela, Dom Diego Rafael Padr\u00f3n, o Bispo auxiliar de Medell\u00edn, Col\u00f4mbia, Dom Elkin Fernando \u00c1lvarez, o Arcebispo de Assun\u00e7\u00e3o, Paraguai, Dom Edmundo Valenzuela, e Elvy Monzat, do Departamento Justi\u00e7a e Paz do CELAM.<\/p>\n<p style=\"text-align: justify;\">Fonte:<\/p>\n<p style=\"text-align: justify;\">R\u00e1dio Vaticano<\/p>\n","protected":false},"excerpt":{"rendered":"<p>O Bispo auxiliar de Morelia, M\u00e9xico, Dom Juan Espinoza, Secret\u00e1rio-Geral do Celam, Conselho Episcopal latino-americano deu a not\u00edcia<\/p>\n","protected":false},"author":83,"featured_media":6916,"comment_status":"closed","ping_status":"open","sticky":false,"template":"","format":"standard","meta":{"site-sidebar-layout":"default","site-content-layout":"default","ast-global-header-display":"","ast-banner-title-visibility":"","ast-main-header-display":"","ast-hfb-above-header-display":"","ast-hfb-below-header-display":"","ast-hfb-mobile-header-display":"","site-post-title":"","ast-breadcrumbs-content":"","ast-featured-img":"","footer-sml-layout":"","theme-transparent-header-meta":"","adv-header-id-meta":"","stick-header-meta":"","header-above-stick-meta":"","header-main-stick-meta":"","header-below-stick-meta":""},"categories":[804],"tags":[],"acf":[],"_links":{"self":[{"href":"https:\/\/www.cnbb.org.br\/cnbb-app\/wp\/v2\/posts\/6915"}],"collection":[{"href":"https:\/\/www.cnbb.org.br\/cnbb-app\/wp\/v2\/posts"}],"about":[{"href":"https:\/\/www.cnbb.org.br\/cnbb-app\/wp\/v2\/types\/post"}],"author":[{"embeddable":true,"href":"https:\/\/www.cnbb.org.br\/cnbb-app\/wp\/v2\/users\/83"}],"replies":[{"embeddable":true,"href":"https:\/\/www.cnbb.org.br\/cnbb-app\/wp\/v2\/comments?post=6915"}],"version-history":[{"count":0,"href":"https:\/\/www.cnbb.org.br\/cnbb-app\/wp\/v2\/posts\/6915\/revisions"}],"wp:featuredmedia":[{"embeddable":true,"href":"https:\/\/www.cnbb.org.br\/cnbb-app\/wp\/v2\/media\/6916"}],"wp:attachment":[{"href":"https:\/\/www.cnbb.org.br\/cnbb-app\/wp\/v2\/media?parent=6915"}],"wp:term":[{"taxonomy":"category","embeddable":true,"href":"https:\/\/www.cnbb.org.br\/cnbb-app\/wp\/v2\/categories?post=6915"},{"taxonomy":"post_tag","embeddable":true,"href":"https:\/\/www.cnbb.org.br\/cnbb-app\/wp\/v2\/tags?post=6915"}],"curies":[{"name":"wp","href":"https:\/\/api.w.org\/{rel}","templated":true}]}}