{"id":6925,"date":"2017-05-13T00:00:00","date_gmt":"2017-05-13T03:00:00","guid":{"rendered":"https:\/\/www.cnbb.org.br\/balanco-final-da-36a-assembleia-ordinaria-do-celam-realizada-em-el-salvador\/"},"modified":"2017-05-13T00:00:00","modified_gmt":"2017-05-13T03:00:00","slug":"balanco-final-da-36a-assembleia-ordinaria-do-celam-realizada-em-el-salvador","status":"publish","type":"post","link":"https:\/\/www.cnbb.org.br\/balanco-final-da-36a-assembleia-ordinaria-do-celam-realizada-em-el-salvador\/","title":{"rendered":"Balan\u00e7o final da 36\u00aa Assembleia Ordin\u00e1ria do Celam realizada em El Salvador"},"content":{"rendered":"<p style=\"text-align: justify;\">Da\u00a0\u00faltima Entrevista Coletiva da 36a. Assembelia do Celam participaram: Monsenhor Juan Espinoza, Secret\u00e1rio Geral do Celam; Padre Francisco Nino, Sub-Secret\u00e1rio do Celam; dom Jorge Sol\u00f3rzano, Secret\u00e1rio-Geral da Confer\u00eancia Episcopal da Nicar\u00e1gua; e dom Alfonso Gerardo Miranda, Secret\u00e1rio-Geral da Confer\u00eancia Episcopal do M\u00e9xico. Eles deram suas impress\u00f5es gerais vivida durante estes dias da Assembleia.<\/p>\n<p style=\"text-align: justify;\">Monsenhor Juan Espinoza disse: &#8220;Os dois primeiros dias n\u00f3s trabalhamos as quest\u00f5es promovidas pelo Celam, tivemos a exposi\u00e7\u00e3o dos relat\u00f3rios pastorais dos sete departamentos: educa\u00e7\u00e3o e cultura, voca\u00e7\u00e3o e minist\u00e9rios e todas as quest\u00f5es de trabalho social. Al\u00e9m disso, uma s\u00edntese do trabalho realizado em dois anos e estes relat\u00f3rios foram aprovados. Tamb\u00e9m presidente da Confer\u00eancia fez um relat\u00f3rio muito abrangente&#8221;. Ele acrescentou que &#8220;conviv\u00eancia foi uma muito significativa com o povo de Deus desde o primeiro dia na Par\u00f3quia da Inmaculada Concepci\u00f3n; depois, ontem na Catedral, foi um dia especial, os membros do Celam se encontraram com os bispos do Canad\u00e1 e dos Estados Unidos e comemoram o 20\u00ba anivers\u00e1rio do S\u00ednodo da Am\u00e9rica e refletiram\u00a0sobre a migra\u00e7\u00e3o para acompanhar nossos irm\u00e3os migrantes &#8220;. Monsenhor Espinoza enfatizou ainda que &#8220;esta manh\u00e3 [sexta-feira, 12 de maio], foi comemorado o 10\u00ba anivers\u00e1rio da Confer\u00eancia de Aparecida. A conclus\u00e3o \u00e9 de um relan\u00e7amento do que j\u00e1 est\u00e1 previsto em Aparecida&#8221;.<\/p>\n<p style=\"text-align: justify;\">Padre Francisco disse que &#8220;a experi\u00eancia da Igreja Cat\u00f3lica \u00e9 a de comunh\u00e3o. O Ceelam busca criar um espa\u00e7o de comunh\u00e3o para os bispos discernirem o que Deus est\u00e1 chamando-os nas diversas comunidades que vivem nestas terras Am\u00e9rica Latina e Caribe. Na verdade, estamos em uma reuni\u00e3o pastoral onde os sucessores dos ap\u00f3stolos se re\u00fanem para discernir o que Deus est\u00e1 pedindo a Igreja latino-americana&#8221;.<\/p>\n<p style=\"text-align: justify;\">Dom Jorge Sol\u00f3rzano: &#8220;75 anos atr\u00e1s, os bispos da Am\u00e9rica Central fizeram uma\u00a0reuni\u00e3o para discutir a nossa situa\u00e7\u00e3o econ\u00f4mica, pol\u00edtica, social e, especialmente, para compartilhar nossos desafios em\u00a0situa\u00e7\u00f5es sociais. E juntos temos enfrentado nossos problemas. \u00c9 uma for\u00e7a que estamos sempre juntos&#8221;. Ele tamb\u00e9m observou que &#8220;o nosso Beato [dom Oscar Romero] fazia parte do SEDAC e Celam; pedimos Monsenhor Romero sua intercess\u00e3o para continuar a trabalhar com nossos povos da Am\u00e9rica Central &#8220;.<\/p>\n<p style=\"text-align: justify;\">Dom Alfonso Gerardo Miranda lembrou a mensagem N\u00fancio Apost\u00f3lico na ter\u00e7a-feira, 9 de maio, na qual se fez men\u00e7\u00e3o a dom Romero:\u00a0&#8220;o que tocamos d\u00e1-nos a sensa\u00e7\u00e3o de sentir Oscar Romero respirar&#8221;. O N\u00fancio Apost\u00f3lico de El Salvador disse ainda que quer fazer uma mo\u00e7\u00e3o para que dom Romero seja proclamado Doutor da Igreja Universal. Ele concluiu sobre esta quest\u00e3o dizendo que &#8220;Romero mostrou-nos o caminho a seguir, para que o crist\u00e3o seja o que acredita, o que vive, o que professa.&#8221;<\/p>\n<p style=\"text-align: justify;\">No final da Entrevista, Monsenhor Miranda disse que o &#8220;importante \u00e9 que todos n\u00f3s nos reconhe\u00e7amos como irm\u00e3os e juntos possamos sair dessas situa\u00e7\u00f5es que nos afetam. Todos os problemas n\u00e3o podem ser resolvidos apenas com a for\u00e7a de um pa\u00eds, mas creio que precisamos da for\u00e7a de todos os pa\u00edses juntos para seguirmos adiante\u00a0.&#8221; E ele pediu para que &#8220;a Virgem nos mantenha unidos para construirmos o Reino de seu filho.&#8221;<\/p>\n<p style=\"text-align: justify;\">Para terminar , Monsenhor Juan Espinoza informou que a 37a. Assembleia Geral Ordin\u00e1ria ser\u00e1 de 13 a 17 de maio \u00a0de 2019, em Honduras.<\/p>\n<p style=\"text-align: justify;\">Fonte:<\/p>\n<p style=\"text-align: justify;\"><a href=\"http:\/\/www.comunicacioncelam.net\/index.php\/blog-link\/100-4-conferencia-de-prensa-xxxvi-asamblea-general-ordinaria-del-celam\" target=\"_blank\" rel=\"noopener\">Comunicacion Celam<\/a><\/p>\n<p style=\"text-align: justify;\"><em>\u00a0(Tradu\u00e7\u00e3o: google tradutor, com ajustes da Assessoria de Imprensa)<\/em><\/p>\n","protected":false},"excerpt":{"rendered":"<p>Secret\u00e1rio-geral do Celam, Monsenhor Juan Spinoza, coordena Entrevista Coletiva de encerramento da Assembleia e faz os destaques dos principais temas tratados pelos bispos latino-americanos em San Salvador. Cardeal Sergio da Rocha, dom Belis\u00e1rio e dom Anuar Battisti participaram representando a CNBB<\/p>\n","protected":false},"author":83,"featured_media":1936,"comment_status":"closed","ping_status":"open","sticky":false,"template":"","format":"standard","meta":{"site-sidebar-layout":"default","site-content-layout":"default","ast-global-header-display":"","ast-banner-title-visibility":"","ast-main-header-display":"","ast-hfb-above-header-display":"","ast-hfb-below-header-display":"","ast-hfb-mobile-header-display":"","site-post-title":"","ast-breadcrumbs-content":"","ast-featured-img":"","footer-sml-layout":"","theme-transparent-header-meta":"","adv-header-id-meta":"","stick-header-meta":"","header-above-stick-meta":"","header-main-stick-meta":"","header-below-stick-meta":""},"categories":[804],"tags":[],"acf":[],"_links":{"self":[{"href":"https:\/\/www.cnbb.org.br\/cnbb-app\/wp\/v2\/posts\/6925"}],"collection":[{"href":"https:\/\/www.cnbb.org.br\/cnbb-app\/wp\/v2\/posts"}],"about":[{"href":"https:\/\/www.cnbb.org.br\/cnbb-app\/wp\/v2\/types\/post"}],"author":[{"embeddable":true,"href":"https:\/\/www.cnbb.org.br\/cnbb-app\/wp\/v2\/users\/83"}],"replies":[{"embeddable":true,"href":"https:\/\/www.cnbb.org.br\/cnbb-app\/wp\/v2\/comments?post=6925"}],"version-history":[{"count":0,"href":"https:\/\/www.cnbb.org.br\/cnbb-app\/wp\/v2\/posts\/6925\/revisions"}],"wp:featuredmedia":[{"embeddable":true,"href":"https:\/\/www.cnbb.org.br\/cnbb-app\/wp\/v2\/media\/1936"}],"wp:attachment":[{"href":"https:\/\/www.cnbb.org.br\/cnbb-app\/wp\/v2\/media?parent=6925"}],"wp:term":[{"taxonomy":"category","embeddable":true,"href":"https:\/\/www.cnbb.org.br\/cnbb-app\/wp\/v2\/categories?post=6925"},{"taxonomy":"post_tag","embeddable":true,"href":"https:\/\/www.cnbb.org.br\/cnbb-app\/wp\/v2\/tags?post=6925"}],"curies":[{"name":"wp","href":"https:\/\/api.w.org\/{rel}","templated":true}]}}