{"id":6957,"date":"2017-05-19T00:00:00","date_gmt":"2017-05-19T03:00:00","guid":{"rendered":"https:\/\/www.cnbb.org.br\/bispos-recordam-constituicao-federal-e-dever-de-todo-servidor-publico-principalmente-os-que-detem-elevadas-funcoes-manter-conduta-integra-art-37\/"},"modified":"2017-05-19T00:00:00","modified_gmt":"2017-05-19T03:00:00","slug":"bispos-recordam-constituicao-federal-e-dever-de-todo-servidor-publico-principalmente-os-que-detem-elevadas-funcoes-manter-conduta-integra-art-37","status":"publish","type":"post","link":"https:\/\/www.cnbb.org.br\/bispos-recordam-constituicao-federal-e-dever-de-todo-servidor-publico-principalmente-os-que-detem-elevadas-funcoes-manter-conduta-integra-art-37\/","title":{"rendered":"Bispos recordam Constitui\u00e7\u00e3o Federal: &#8220;\u00e9 dever de todo servidor p\u00fablico, principalmente os que det\u00eam elevadas fun\u00e7\u00f5es, manter conduta \u00edntegra&#8221; (Art. 37)"},"content":{"rendered":"<p style=\"text-align: justify\">Os membros da Presid\u00eancia da Confer\u00eancia Nacional dos Bispos do Brasil (CNBB), emitiram na manh\u00e3 desta sexta-feira, 19 de maio, uma Nota Oficial com o t\u00edtulo &#8220;Pela \u00c9tica na Pol\u00edtica&#8221; na qual afirmam que a Confer\u00eancia est\u00e1 &#8220;unida aos bispos e \u00e0s comunidades de todo o pa\u00eds&#8221; e acompanha &#8220;com espanto e indigna\u00e7\u00e3o&#8221; as graves den\u00fancias de corrup\u00e7\u00e3o pol\u00edtica acolhidas pelo Supremo Tribunal Federal.<\/p>\n<p style=\"text-align: justify\">Na Nota, os bispos afirmam que &#8220;tais den\u00fancias exigem rigorosa apura\u00e7\u00e3o, obedecendo-se sempre as garantias constitucionais. Apurados os fatos, os autores dos atos il\u00edcitos devem ser responsabilizados. A vigil\u00e2ncia e a participa\u00e7\u00e3o pol\u00edtica das nossas comunidades, dos movimentos sociais e da sociedade, como um todo, muito podem contribuir para elucida\u00e7\u00e3o dos fatos e defesa da \u00e9tica, da justi\u00e7a e do bem comum&#8221;.<\/p>\n<p style=\"text-align: justify\">&#8220;Al\u00e9m disso, \u00e9 necess\u00e1rio que sa\u00eddas para a atual crise respeitem e fortale\u00e7am o Estado democr\u00e1tico de direito. Pedimos \u00e0s nossas comunidades que participem respons\u00e1vel e pacificamente da vida pol\u00edtica, contribuam para a realiza\u00e7\u00e3o da justi\u00e7a e da paz e rezem pelo Brasil&#8221;, concluem os membros da Presid\u00eancia.<\/p>\n<p style=\"text-align: justify\">Leia a Nota:<\/p>\n<p style=\"text-align: right\">Bras\u00edlia-DF, 19 de maio de 2017<br \/>\nP \u2013 N\u00ba 0291\/17<\/p>\n<p style=\"text-align: center\"><strong>Pela \u00c9tica na Pol\u00edtica<\/strong><br \/>\n<strong>Nota da CNBB sobre o Momento Nacional<\/strong><\/p>\n<p style=\"text-align: right\"><em>\u201cO fruto da justi\u00e7a \u00e9 semeado na paz\u201d (Tg 3,18)<\/em><\/p>\n<p style=\"text-align: justify\">A Confer\u00eancia Nacional dos Bispos do Brasil &#8211; CNBB, por meio de sua Presid\u00eancia, unida aos bispos e \u00e0s comunidades de todo o pa\u00eds, acompanha, com espanto e indigna\u00e7\u00e3o, as graves den\u00fancias de corrup\u00e7\u00e3o pol\u00edtica acolhidas pelo Supremo Tribunal Federal. Segundo a Constitui\u00e7\u00e3o, Art. 37, \u00e9 dever de todo servidor p\u00fablico, principalmente os que det\u00eam elevadas fun\u00e7\u00f5es, manter conduta \u00edntegra, sob pena de n\u00e3o poder exercer o cargo que ocupa.<\/p>\n<p style=\"text-align: justify\">Tais den\u00fancias exigem rigorosa apura\u00e7\u00e3o, obedecendo-se sempre as garantias constitucionais. Apurados os fatos, os autores dos atos il\u00edcitos devem ser responsabilizados. A vigil\u00e2ncia e a participa\u00e7\u00e3o pol\u00edtica das nossas comunidades, dos movimentos sociais e da sociedade, como um todo, muito podem contribuir para elucida\u00e7\u00e3o dos fatos e defesa da \u00e9tica, da justi\u00e7a e do bem comum.<\/p>\n<p style=\"text-align: justify\">A supera\u00e7\u00e3o da grave crise vivida no Brasil exige o resgate da \u00e9tica na pol\u00edtica que desempenha papel fundamental na sociedade democr\u00e1tica. Urge um novo modo de fazer pol\u00edtica, alicer\u00e7ado nos valores da honestidade e da justi\u00e7a social. Lembramos a afirma\u00e7\u00e3o da Assembleia Geral da CNBB: \u201cO desprezo da \u00e9tica leva a uma rela\u00e7\u00e3o prom\u00edscua entre os interesses p\u00fablicos e privados, raz\u00e3o primeira dos esc\u00e2ndalos da corrup\u00e7\u00e3o\u201d.<\/p>\n<p style=\"text-align: justify\">Recordamos tamb\u00e9m as palavras do Papa Francisco: \u201cNa vida p\u00fablica, na pol\u00edtica, se n\u00e3o houver a \u00e9tica, uma \u00e9tica de referimento, tudo \u00e9 poss\u00edvel e tudo se pode fazer\u201d (Roma, maio de 2013). Al\u00e9m disso, \u00e9 necess\u00e1rio que sa\u00eddas para a atual crise respeitem e fortale\u00e7am o Estado democr\u00e1tico de direito.<\/p>\n<p style=\"text-align: justify\">Pedimos \u00e0s nossas comunidades que participem respons\u00e1vel e pacificamente da vida pol\u00edtica, contribuam para a realiza\u00e7\u00e3o da justi\u00e7a e da paz e rezem pelo Brasil.<\/p>\n<p style=\"text-align: justify\">Nossa Senhora Aparecida, padroeira do Brasil, nos ajude a caminhar com esperan\u00e7a construindo uma nova sociedade.<\/p>\n<p style=\"text-align: center\"><strong>Cardeal Sergio da Rocha<\/strong><br \/>\nArcebispo de Bras\u00edlia<br \/>\nPresidente da CNBB<\/p>\n<p style=\"text-align: center\"><strong>Dom Murilo S. Ramos Krieger<\/strong><br \/>\nArcebispo de S\u00e3o Salvador da Bahia<br \/>\nVice-Presidente da CNBB<\/p>\n<p style=\"text-align: center\"><strong>Dom Leonardo Ulrich Steiner<\/strong><br \/>\nBispo Auxiliar de Bras\u00edlia<br \/>\nSecret\u00e1rio-Geral da CNBB<\/p>\n<p>&nbsp;<\/p>\n","protected":false},"excerpt":{"rendered":"<p>A Nota traz a afirma\u00e7\u00e3o de que a Confer\u00eancia est\u00e1 &#8220;unida aos bispos e \u00e0s comunidades de todo o pa\u00eds&#8221; e acompanha &#8220;com espanto e indigna\u00e7\u00e3o&#8221; as graves den\u00fancias de corrup\u00e7\u00e3o<\/p>\n","protected":false},"author":83,"featured_media":6958,"comment_status":"closed","ping_status":"open","sticky":false,"template":"","format":"standard","meta":{"site-sidebar-layout":"default","site-content-layout":"default","ast-global-header-display":"","ast-banner-title-visibility":"","ast-main-header-display":"","ast-hfb-above-header-display":"","ast-hfb-below-header-display":"","ast-hfb-mobile-header-display":"","site-post-title":"","ast-breadcrumbs-content":"","ast-featured-img":"","footer-sml-layout":"","theme-transparent-header-meta":"","adv-header-id-meta":"","stick-header-meta":"","header-above-stick-meta":"","header-main-stick-meta":"","header-below-stick-meta":""},"categories":[783],"tags":[],"acf":[],"_links":{"self":[{"href":"https:\/\/www.cnbb.org.br\/cnbb-app\/wp\/v2\/posts\/6957"}],"collection":[{"href":"https:\/\/www.cnbb.org.br\/cnbb-app\/wp\/v2\/posts"}],"about":[{"href":"https:\/\/www.cnbb.org.br\/cnbb-app\/wp\/v2\/types\/post"}],"author":[{"embeddable":true,"href":"https:\/\/www.cnbb.org.br\/cnbb-app\/wp\/v2\/users\/83"}],"replies":[{"embeddable":true,"href":"https:\/\/www.cnbb.org.br\/cnbb-app\/wp\/v2\/comments?post=6957"}],"version-history":[{"count":0,"href":"https:\/\/www.cnbb.org.br\/cnbb-app\/wp\/v2\/posts\/6957\/revisions"}],"wp:featuredmedia":[{"embeddable":true,"href":"https:\/\/www.cnbb.org.br\/cnbb-app\/wp\/v2\/media\/6958"}],"wp:attachment":[{"href":"https:\/\/www.cnbb.org.br\/cnbb-app\/wp\/v2\/media?parent=6957"}],"wp:term":[{"taxonomy":"category","embeddable":true,"href":"https:\/\/www.cnbb.org.br\/cnbb-app\/wp\/v2\/categories?post=6957"},{"taxonomy":"post_tag","embeddable":true,"href":"https:\/\/www.cnbb.org.br\/cnbb-app\/wp\/v2\/tags?post=6957"}],"curies":[{"name":"wp","href":"https:\/\/api.w.org\/{rel}","templated":true}]}}