{"id":699015,"date":"2021-08-18T07:01:12","date_gmt":"2021-08-18T10:01:12","guid":{"rendered":"https:\/\/www.cnbb.org.br\/?p=699015"},"modified":"2021-08-18T08:56:22","modified_gmt":"2021-08-18T11:56:22","slug":"identificacao-e-conservacao-preventiva-dos-bens-culturais-da-igreja-e-tema-do-webinar-desta-quarta-feira-17-as-20h","status":"publish","type":"post","link":"https:\/\/www.cnbb.org.br\/identificacao-e-conservacao-preventiva-dos-bens-culturais-da-igreja-e-tema-do-webinar-desta-quarta-feira-17-as-20h\/","title":{"rendered":"\u2018Identifica\u00e7\u00e3o e Conserva\u00e7\u00e3o Preventiva dos Bens Culturais da Igreja\u2019 \u00e9 tema do webinar desta quarta-feira (18), \u00e0s 20h"},"content":{"rendered":"<p style=\"text-align: justify;\">O Setor o Bens Culturais da Comiss\u00e3o Episcopal Pastoral para Cultura e Educa\u00e7\u00e3o da CNBB, promove nesta quarta-feira, 18 de agosto, \u00e0s 19h, o webinar <em>\u2018Identifica\u00e7\u00e3o e Conserva\u00e7\u00e3o Preventiva dos Bens Culturais da Igreja\u2019.<\/em><\/p>\n<p style=\"text-align: justify;\"><img decoding=\"async\" loading=\"lazy\" class=\" wp-image-698947 alignleft\" src=\"https:\/\/www.cnbb.org.br\/wp-content\/uploads\/2021\/08\/WhatsApp-Image-2021-08-17-at-10.35.12-1024x1024.jpeg\" alt=\"\" width=\"349\" height=\"349\" srcset=\"https:\/\/www.cnbb.org.br\/wp-content\/uploads\/2021\/08\/WhatsApp-Image-2021-08-17-at-10.35.12-1024x1024.jpeg 1024w, https:\/\/www.cnbb.org.br\/wp-content\/uploads\/2021\/08\/WhatsApp-Image-2021-08-17-at-10.35.12-300x300.jpeg 300w, https:\/\/www.cnbb.org.br\/wp-content\/uploads\/2021\/08\/WhatsApp-Image-2021-08-17-at-10.35.12-150x150.jpeg 150w, https:\/\/www.cnbb.org.br\/wp-content\/uploads\/2021\/08\/WhatsApp-Image-2021-08-17-at-10.35.12-768x767.jpeg 768w, https:\/\/www.cnbb.org.br\/wp-content\/uploads\/2021\/08\/WhatsApp-Image-2021-08-17-at-10.35.12-800x800.jpeg 800w, https:\/\/www.cnbb.org.br\/wp-content\/uploads\/2021\/08\/WhatsApp-Image-2021-08-17-at-10.35.12-500x500.jpeg 500w, https:\/\/www.cnbb.org.br\/wp-content\/uploads\/2021\/08\/WhatsApp-Image-2021-08-17-at-10.35.12.jpeg 1081w\" sizes=\"(max-width: 349px) 100vw, 349px\" \/>A live desta semana recebe o coordenador do Curso de Conserva\u00e7\u00e3o Preventiva de Bens Culturais da Igreja da PUC Minas, Dener Ant\u00f4nio Chaves, e o Muse\u00f3logo e colaborador do Setor Bens Culturais da CNBB, Rafael Azevedo. A media\u00e7\u00e3o ser\u00e1 do assessor do Setor Cultura e Bens Culturais, padre Luciano Silva.<\/p>\n<p style=\"text-align: justify;\">O webinar ser\u00e1 \u00e0s 19h, no canal do Youtube da Comiss\u00e3o para Cultura e Educa\u00e7\u00e3o da CNBB.<\/p>\n<p style=\"text-align: justify;\">Acesse o link:\u00a0<strong><a href=\"https:\/\/www.youtube.com\/channel\/UCj-Iuy37uTrpOun69BIACWg\/videos\" target=\"_blank\" rel=\"noopener\">Youtube.com\/culturaeeducacaocnbb<\/a><\/strong><\/p>\n","protected":false},"excerpt":{"rendered":"<p>Organizado pelo Setor Bens Culturais da Comiss\u00e3o para a Cultura e a Educa\u00e7\u00e3o da CNBB, a live desta semana recebe o coordenador Curso de Conserva\u00e7\u00e3o Preventiva de Bens Culturais da Igreja da PUC Minas, Dener Ant\u00f4nio Chaves, e o Muse\u00f3logo e colaborador do Setor Bens Culturais da CNBB, Rafael Azevedo<\/p>\n","protected":false},"author":83,"featured_media":699128,"comment_status":"open","ping_status":"open","sticky":false,"template":"","format":"standard","meta":{"site-sidebar-layout":"default","site-content-layout":"default","ast-global-header-display":"","ast-banner-title-visibility":"","ast-main-header-display":"","ast-hfb-above-header-display":"","ast-hfb-below-header-display":"","ast-hfb-mobile-header-display":"","site-post-title":"","ast-breadcrumbs-content":"","ast-featured-img":"","footer-sml-layout":"","theme-transparent-header-meta":"default","adv-header-id-meta":"","stick-header-meta":"","header-above-stick-meta":"","header-main-stick-meta":"","header-below-stick-meta":""},"categories":[799,50],"tags":[2116,1866],"acf":[],"_links":{"self":[{"href":"https:\/\/www.cnbb.org.br\/cnbb-app\/wp\/v2\/posts\/699015"}],"collection":[{"href":"https:\/\/www.cnbb.org.br\/cnbb-app\/wp\/v2\/posts"}],"about":[{"href":"https:\/\/www.cnbb.org.br\/cnbb-app\/wp\/v2\/types\/post"}],"author":[{"embeddable":true,"href":"https:\/\/www.cnbb.org.br\/cnbb-app\/wp\/v2\/users\/83"}],"replies":[{"embeddable":true,"href":"https:\/\/www.cnbb.org.br\/cnbb-app\/wp\/v2\/comments?post=699015"}],"version-history":[{"count":0,"href":"https:\/\/www.cnbb.org.br\/cnbb-app\/wp\/v2\/posts\/699015\/revisions"}],"wp:featuredmedia":[{"embeddable":true,"href":"https:\/\/www.cnbb.org.br\/cnbb-app\/wp\/v2\/media\/699128"}],"wp:attachment":[{"href":"https:\/\/www.cnbb.org.br\/cnbb-app\/wp\/v2\/media?parent=699015"}],"wp:term":[{"taxonomy":"category","embeddable":true,"href":"https:\/\/www.cnbb.org.br\/cnbb-app\/wp\/v2\/categories?post=699015"},{"taxonomy":"post_tag","embeddable":true,"href":"https:\/\/www.cnbb.org.br\/cnbb-app\/wp\/v2\/tags?post=699015"}],"curies":[{"name":"wp","href":"https:\/\/api.w.org\/{rel}","templated":true}]}}