{"id":700148,"date":"2021-08-17T14:24:50","date_gmt":"2021-08-17T17:24:50","guid":{"rendered":"https:\/\/www.cnbb.org.br\/?p=700148"},"modified":"2021-08-17T14:25:44","modified_gmt":"2021-08-17T17:25:44","slug":"o-bispo-na-igreja","status":"publish","type":"post","link":"https:\/\/www.cnbb.org.br\/o-bispo-na-igreja\/","title":{"rendered":"O bispo na Igreja"},"content":{"rendered":"<p style=\"text-align: right;\"><strong>Dom Fernando Ar\u00eaas Rifan<\/strong><br \/>\n<strong>Bispo da Administra\u00e7\u00e3o Apost\u00f3lica Pessoal S\u00e3o Jo\u00e3o Maria Vianney<\/strong><\/p>\n<p>&nbsp;<\/p>\n<p style=\"text-align: justify;\">Celebramos no domingo passado a solenidade da Assun\u00e7\u00e3o de Nossa Senhora, ou seja, a verdade de f\u00e9, baseada na Tradi\u00e7\u00e3o, que ensina que Jesus, querendo honrar a sua M\u00e3e, especialmente aquele corpo onde foi formada a sua humanidade, levou Maria Sant\u00edssima de corpo e alma para o C\u00e9u, antecipando assim, por especial\u00edssimo privil\u00e9gio, o destino reservado a todos os justos com a vit\u00f3ria sobre a morte e a ressurrei\u00e7\u00e3o da carne. Jesus, como bom filho, glorificando a sua M\u00e3e, antecipa o ponto culminante da condi\u00e7\u00e3o escatol\u00f3gica da Igreja.<\/p>\n<p style=\"text-align: justify;\">H\u00e1 19 anos, numa festa da Assun\u00e7\u00e3o de Nossa Senhora que, naquele ano de 2002 se festejou no domingo, dia 18 de agosto, eu recebia a ordena\u00e7\u00e3o episcopal, oficiada pelo saudoso Cardeal Dom Dar\u00edo Castrill\u00f3n Hoyos, prefeito da Sagrada Congrega\u00e7\u00e3o para o Clero. A ele e a todos os que cooperaram para que esse dia acontecesse minha imorredoura gratid\u00e3o. Fa\u00e7o men\u00e7\u00e3o especial dos saudosos Dom Ant\u00f4nio de Castro Mayer, Bispo que me ordenou sacerdote, Dom Carlos Alberto Navarro, que muito ajudou na solu\u00e7\u00e3o do impasse na Diocese de Campos, Dom Lic\u00ednio Rangel, meu antecessor e sustent\u00e1culo, e Dom Roberto Guimar\u00e3es, o ent\u00e3o Bispo Diocesano.<\/p>\n<p style=\"text-align: justify;\">A Sagra\u00e7\u00e3o de um Bispo \u00e9 algo da maior import\u00e2ncia na Igreja. Trata-se da perpetua\u00e7\u00e3o da sucess\u00e3o apost\u00f3lica, pois Jesus enviou os Ap\u00f3stolos e \u201cquis que os sucessores deles, os Bispos, fossem pastores na sua Igreja at\u00e9 ao fim dos tempos\u201d (<em>Lumen Gentium<\/em>, 18). S\u00e3o aqueles que \u201co Esp\u00edrito Santo colocou como Bispos para reger a Igreja de Deus\u201d (At 20,28). Em comunh\u00e3o com o Papa, \u201ccada Bispo \u00e9 o princ\u00edpio e o fundamento vis\u00edvel da unidade da sua Igreja particular, formada \u00e0 imagem da Igreja universal: nas quais e a partir das quais resulta a Igreja Cat\u00f3lica una e \u00fanica\u201d (ibidem, 23). Cada celebra\u00e7\u00e3o eucar\u00edstica \u00e9 feita em uni\u00e3o n\u00e3o s\u00f3 com o pr\u00f3prio Bispo, mas tamb\u00e9m com o Papa&#8230;\u201d (<em>Eccl. de Eucharistia<\/em>, S. J. Paulo II, 39). Conforme nos lembra agora o Papa Francisco, os Bispos s\u00e3o os guardas da Tradi\u00e7\u00e3o doutrin\u00e1ria e lit\u00fargica, da fidelidade ao Magist\u00e9rio e \u00e0 comunh\u00e3o com o Papa (\u201c<em>Traditionis custodes\u201d<\/em> &#8211; <em>Lumen Gentium<\/em>).<\/p>\n<p style=\"text-align: justify;\">E, no caso da nossa Administra\u00e7\u00e3o Apost\u00f3lica Pessoal, Igreja particular equiparada a uma Diocese (CDC C\u00e2non 368), torna-se necess\u00e1rio um Bispo pr\u00f3prio, nomeado pelo Papa, para custodiar essa unidade de doutrina e a fidelidade e comunh\u00e3o com o Sumo Pont\u00edfice e o Magist\u00e9rio da Igreja, evitando qualquer risco de cisma. Sem a sua autoridade isso se tornaria dif\u00edcil e mesmo imposs\u00edvel, dadas as caracter\u00edsticas da Administra\u00e7\u00e3o Apost\u00f3lica, com costumes e um rito pr\u00f3prio, o rito romano antigo. Foi o que a Santa S\u00e9 desejou e almejou, quando criou a Administra\u00e7\u00e3o Apost\u00f3lica, com um Bispo pr\u00f3prio com sucessores, como prometeu S\u00e3o Jo\u00e3o Paulo II, em uni\u00e3o com o qual se celebra a Santa Missa e se demonstra a comunh\u00e3o com o Papa e com a Igreja. E isso em perfeita comunh\u00e3o com o Bispo Diocesano local, hoje Dom Roberto Francisco Ferrer\u00eda Paz, nosso irm\u00e3o e amigo, a quem pertence a jurisdi\u00e7\u00e3o territorial. A ele e \u00e0 Igreja prestamos esse servi\u00e7o de guardar esse rebanho da Administra\u00e7\u00e3o Apost\u00f3lica na plena comunh\u00e3o eclesial.<\/p>\n<p style=\"text-align: justify;\">Gra\u00e7as a Deus, em nossa a\u00e7\u00e3o, fora do \u00e2mbito jurisdicional da nossa Administra\u00e7\u00e3o Apost\u00f3lica, a pedido dos fi\u00e9is, os Bispos, em cujas dioceses exercemos o minist\u00e9rio com as devidas faculdades dadas por eles pr\u00f3prios, s\u00e3o un\u00e2nimes em dizer que j\u00e1 seguimos as orienta\u00e7\u00f5es dadas agora pelo Papa Francisco, agindo sempre em perfeita comunh\u00e3o com eles e seguindo suas orienta\u00e7\u00f5es. Por isso, n\u00e3o houve problemas para n\u00f3s com o <em>Motu Proprio Traditionis Custodes<\/em>, pois j\u00e1 seguimos essas orienta\u00e7\u00f5es agora lembradas pelo Papa. Somos contra qualquer instrumentaliza\u00e7\u00e3o da Missa no rito romano antigo, como meio de atacar o Magist\u00e9rio da Igreja, os Sumos Pont\u00edfices e o Conc\u00edlio Vaticano II. Isso falei pessoalmente ao Papa Francisco, que ficou ciente e tranquilo quanto \u00e0 nossa posi\u00e7\u00e3o.<\/p>\n<p style=\"text-align: justify;\">A Administra\u00e7\u00e3o Apost\u00f3lica, por gra\u00e7a de Deus e concess\u00e3o da Santa S\u00e9, conserva o Rito Romano da Missa na sua forma antiga, n\u00e3o por motivos heterodoxos, mas por ser uma das riquezas lit\u00fargicas cat\u00f3licas, como bem explicou o Papa S\u00e3o Jo\u00e3o Paulo II, ao falar sobre esse assunto: \u201cTodos os pastores e os outros fi\u00e9is devem tamb\u00e9m ter uma nova consci\u00eancia n\u00e3o somente da <u>legitimidade,<\/u> mas tamb\u00e9m da <u>riqueza que representa para a Igreja <\/u>a diversidade dos carismas e das tradi\u00e7\u00f5es da espiritualidade e do apostolado. Esta diversidade constitui assim a beleza da unidade na variedade: tal \u00e9 a sinfonia que, sob a a\u00e7\u00e3o do Esp\u00edrito Santo, a Igreja faz subir ao C\u00e9u\u201d (<em>M. P. Ecclesia De<\/em>i<em>, 1<sup>o<\/sup> de julho de 1988)<\/em>. E pela riqueza, beleza, eleva\u00e7\u00e3o, nobreza e solenidade das suas cerim\u00f4nias, pelo seu sentido de mist\u00e9rio, pela sua maior precis\u00e3o e rigor nas rubricas, seguran\u00e7a contra os abusos, ela se torna um enriquecimento da liturgia cat\u00f3lica, una na ess\u00eancia e m\u00faltipla nos seus ritos. E cito o grande te\u00f3logo e liturgista Cardeal Joseph Ratzinger (depois Bento XVI): \u201cSe bem que haja numerosos motivos que possam ter levado um grande n\u00famero de fi\u00e9is a encontrar ref\u00fagio na liturgia tradicional, o mais importante dentre eles \u00e9 que eles a\u00ed encontram preservada a dignidade do sagrado\u201d (Confer\u00eancia aos Bispos, Santiago 13\/7\/1988).<\/p>\n<p style=\"text-align: justify;\">Que Deus conserve sempre a nossa Administra\u00e7\u00e3o Apost\u00f3lica na plena comunh\u00e3o da Igreja e que Deus d\u00ea a fidelidade, a mim e a meus sucessores, a essa miss\u00e3o, para a qual conto com o apoio e as ora\u00e7\u00f5es de todos. \u201c<em>Ecce venio<\/em>: eis que venho para fazer a vossa vontade\u201d (Hb 10,9).<\/p>\n<p style=\"text-align: justify;\">\n<p style=\"text-align: justify;\">\u00a0<u><\/u><\/p>\n<p>&nbsp;<\/p>\n<p>&nbsp;<\/p>\n<p>&nbsp;<\/p>\n<p>&nbsp;<\/p>\n","protected":false},"excerpt":{"rendered":"<p>Dom Fernando Ar\u00eaas Rifan Bispo da Administra\u00e7\u00e3o Apost\u00f3lica Pessoal S\u00e3o Jo\u00e3o Maria Vianney &nbsp; Celebramos no domingo passado a solenidade da Assun\u00e7\u00e3o de Nossa Senhora, ou seja, a verdade de f\u00e9, baseada na Tradi\u00e7\u00e3o, que ensina que Jesus, querendo honrar a sua M\u00e3e, especialmente aquele corpo onde foi formada a sua humanidade, levou Maria Sant\u00edssima &hellip;<\/p>\n<p class=\"read-more\"> <a class=\"\" href=\"https:\/\/www.cnbb.org.br\/o-bispo-na-igreja\/\"> <span class=\"screen-reader-text\">O bispo na Igreja<\/span> Leia mais &raquo;<\/a><\/p>\n","protected":false},"author":29,"featured_media":0,"comment_status":"open","ping_status":"open","sticky":false,"template":"","format":"standard","meta":{"site-sidebar-layout":"default","site-content-layout":"default","ast-global-header-display":"","ast-banner-title-visibility":"","ast-main-header-display":"","ast-hfb-above-header-display":"","ast-hfb-below-header-display":"","ast-hfb-mobile-header-display":"","site-post-title":"","ast-breadcrumbs-content":"","ast-featured-img":"","footer-sml-layout":"","theme-transparent-header-meta":"default","adv-header-id-meta":"","stick-header-meta":"","header-above-stick-meta":"","header-main-stick-meta":"","header-below-stick-meta":""},"categories":[758],"tags":[],"acf":[],"_links":{"self":[{"href":"https:\/\/www.cnbb.org.br\/cnbb-app\/wp\/v2\/posts\/700148"}],"collection":[{"href":"https:\/\/www.cnbb.org.br\/cnbb-app\/wp\/v2\/posts"}],"about":[{"href":"https:\/\/www.cnbb.org.br\/cnbb-app\/wp\/v2\/types\/post"}],"author":[{"embeddable":true,"href":"https:\/\/www.cnbb.org.br\/cnbb-app\/wp\/v2\/users\/29"}],"replies":[{"embeddable":true,"href":"https:\/\/www.cnbb.org.br\/cnbb-app\/wp\/v2\/comments?post=700148"}],"version-history":[{"count":0,"href":"https:\/\/www.cnbb.org.br\/cnbb-app\/wp\/v2\/posts\/700148\/revisions"}],"wp:attachment":[{"href":"https:\/\/www.cnbb.org.br\/cnbb-app\/wp\/v2\/media?parent=700148"}],"wp:term":[{"taxonomy":"category","embeddable":true,"href":"https:\/\/www.cnbb.org.br\/cnbb-app\/wp\/v2\/categories?post=700148"},{"taxonomy":"post_tag","embeddable":true,"href":"https:\/\/www.cnbb.org.br\/cnbb-app\/wp\/v2\/tags?post=700148"}],"curies":[{"name":"wp","href":"https:\/\/api.w.org\/{rel}","templated":true}]}}