{"id":703160,"date":"2021-08-18T11:13:05","date_gmt":"2021-08-18T14:13:05","guid":{"rendered":"https:\/\/www.cnbb.org.br\/?p=703160"},"modified":"2021-08-18T11:13:33","modified_gmt":"2021-08-18T14:13:33","slug":"o-ministerio-do-catequista","status":"publish","type":"post","link":"https:\/\/www.cnbb.org.br\/o-ministerio-do-catequista\/","title":{"rendered":"O minist\u00e9rio do catequista"},"content":{"rendered":"<p style=\"text-align: right;\"><strong>Dom Antonio de Assis<\/strong><br \/>\n<strong>Bispo auxiliar de Bel\u00e9m do Par\u00e1 (PA)<\/strong><\/p>\n<p>&nbsp;<\/p>\n<p style=\"text-align: justify;\">No m\u00eas de maio deste ano (2021) o Papa Francisco atrav\u00e9s da Carta Apost\u00f3lica \u201cAntiquum Ministerium\u201d instituiu o Minist\u00e9rio de Catequista. A referida Carta Apost\u00f3lica \u00e9 composta por onze par\u00e1grafos nos quais apresenta sua justificativa, import\u00e2ncia desse servi\u00e7o e define algumas orienta\u00e7\u00f5es pastorais para os bispos.<\/p>\n<p style=\"text-align: justify;\">Iniciando esta s\u00e9rie de artigos, atrav\u00e9s da qual pretendemos aprofundar a beleza do minist\u00e9rio de catequista e a import\u00e2ncia da Catequese, recordemos as principais ideias desse documento. Com essa Carta Apost\u00f3lica o Papa Francisco convida toda a Igreja a relan\u00e7ar em todos os contextos a import\u00e2ncia da Catequese e o cuidado com o perfil dos catequistas.<\/p>\n<p><strong>O minist\u00e9rio antigo na Igreja<\/strong><\/p>\n<p style=\"text-align: justify;\">Esse minist\u00e9rio faz-se presente na Igreja deste os prim\u00f3rdios das Comunidades Crist\u00e3s. Os diversos textos do NT nos convidam a refletir sobre a import\u00e2ncia desse servi\u00e7o. O evangelista <strong>Lucas<\/strong> ao escrever o seu Evangelho tinha como objetivo oferecer uma base s\u00f3lida para a instru\u00e7\u00e3o (cf. Lc 1,3-4). Aos G\u00e1latas comenta o ap\u00f3stolo <strong>Paulo<\/strong>: \u00abMas quem est\u00e1 a ser instru\u00eddo na Palavra esteja em comunh\u00e3o com aquele que o instrui, em todos os bens\u00bb (Gal 6,6). A solidez da catequese contribui, portanto, para a profundidade da comunh\u00e3o da Igreja. Onde impera a ignor\u00e2ncia teol\u00f3gica, l\u00e1 reina a confus\u00e3o.<\/p>\n<p><strong>A diversidade de dons<\/strong><\/p>\n<p style=\"text-align: justify;\">Na Igreja h\u00e1 diversidade de manifesta\u00e7\u00f5es do Esp\u00edrito Santo como afirma o ap\u00f3stolo Paulo aos Cor\u00edntios quando menciona os mestres: <em>\u00abE aqueles que Deus estabeleceu na Igreja s\u00e3o, em primeiro lugar, ap\u00f3stolos; em segundo, profetas; em terceiro, <strong>mestres;<\/strong> em seguida, h\u00e1 o dom dos milagres, depois o das curas, o das obras de assist\u00eancia, o de governo e o das diversas l\u00ednguas. Porventura s\u00e3o todos ap\u00f3stolos? S\u00e3o todos profetas? S\u00e3o todos mestres? Fazem todos milagres? Possuem todos o dom das curas? Todos falam l\u00ednguas? Todos as interpretam? Aspirai, por\u00e9m, aos melhores dons. Ali\u00e1s vou mostrar-vos um caminho que ultrapassa todos os outros\u00bb<\/em> (1Cor 12,28-31). Na Igreja h\u00e1 <em>diversidade de dons, mas o Esp\u00edrito e o Senhor s\u00e3o o mesmo e, cada dom, \u00e9 dado para a promo\u00e7\u00e3o do bem comum (cf. 1Cor 12,4-11).<\/em><\/p>\n<p style=\"text-align: justify;\">Ao longo da hist\u00f3ria a Igreja reconheceu este servi\u00e7o como express\u00e3o concreta do carisma pessoal, que tanto favoreceu o exerc\u00edcio da sua miss\u00e3o evangelizadora desde as primeiras comunidades. Ainda hoje a Igreja estimula esse mesmo minist\u00e9rio como sinal de fidelidade \u00e0 perman\u00eancia na Palavra de Deus. Ao longo de dois mil\u00eanios de hist\u00f3ria a Igreja reconheceu o delicado e generoso servi\u00e7o de tantos que se dedicaram \u00e0 instru\u00e7\u00e3o catequ\u00e9tica realizando uma miss\u00e3o insubstitu\u00edvel na transmiss\u00e3o e aprofundamento da f\u00e9, como bispos, sacerdotes, di\u00e1conos, religiosos, leigos e leigas. Dentre tantos, reconhecemos tamb\u00e9m muitos beatos, santos e m\u00e1rtires catequistas.<\/p>\n<p><strong>A catequese edifica a Igreja<\/strong><\/p>\n<p style=\"text-align: justify;\">A catequese em sido uma forma de ministerialidade (de experi\u00eancia de servi\u00e7o eclesial) concretizada por homens e mulheres que, obedientes \u00e0 a\u00e7\u00e3o do Esp\u00edrito Santo, dedicaram a sua vida \u00e0 edifica\u00e7\u00e3o da Igreja. Com m\u00faltiplas express\u00f5es esse \u00e9 um servi\u00e7o essencial para a vida da Igreja, pois a f\u00e9 precisa ser a aprofundada.<\/p>\n<p><strong>Renovada consci\u00eancia catequ\u00e9tica<\/strong><\/p>\n<p style=\"text-align: justify;\">A partir do Conc\u00edlio Ecum\u00eanico Vaticano II, a Igreja assumiu uma renovada consci\u00eancia sobre a import\u00e2ncia do compromisso do laicato na obra de evangeliza\u00e7\u00e3o. O Decreto \u201cAd Gentes\u201d afirma: \u00ab\u00c9 digno de elogio aquele ex\u00e9rcito com tantos m\u00e9ritos na obra das miss\u00f5es entre pag\u00e3os, <em>o ex\u00e9rcito dos catequistas, homens e mulheres, que, cheios do esp\u00edrito apost\u00f3lico, prestam com grandes trabalhos uma ajuda singular e absolutamente necess\u00e1ria \u00e0 expans\u00e3o da f\u00e9 e da Igreja.<\/em> Hoje em dia, em raz\u00e3o da escassez de clero para evangelizar t\u00e3o grandes multid\u00f5es e exercer o minist\u00e9rio pastoral, o of\u00edcio dos catequistas tem muit\u00edssima import\u00e2ncia\u00bb (AG,17). Diversos outros eventos contribu\u00edram para a renova\u00e7\u00e3o da Catequese: o interesse constante dos papas, os S\u00ednodo dos Bispos, as Confer\u00eancias Episcopais, o magist\u00e9rio dos bispos, a Compila\u00e7\u00e3o do Catecismo da Igreja Cat\u00f3lica, a Exorta\u00e7\u00e3o apost\u00f3lica Catechesi tradendae, o Diret\u00f3rio Geral da Catequese, etc.<\/p>\n<p><strong>A corresponsabilidade<\/strong><\/p>\n<p style=\"text-align: justify;\">O bispo \u00e9 o primeiro Catequista na sua diocese, mas isso n\u00e3o dispensa a corresponsabilidade e a colabora\u00e7\u00e3o de outros sujeitos eclesiais como, os pais, catequistas leigos e leigas que, em virtude do batismo, s\u00e3o chamados a colaborar no servi\u00e7o da catequese em cada ambiente. O minist\u00e9rio da Catequese abra\u00e7a as condi\u00e7\u00f5es culturais de cada contexto, mas conservando sua fidelidade ao evangelho. A Catequese, frente a tantos desafios culturais, v\u00ea-se diante de um grande desafio: \u201cdespertar o entusiasmo pessoal de cada batizado e reavivar a consci\u00eancia de ser chamado a desempenhar a sua miss\u00e3o na comunidade requer a escuta da voz do Esp\u00edrito que nunca deixa faltar a sua presen\u00e7a fecunda\u201d.<\/p>\n<p><strong>O apostolado dos leigos<\/strong><\/p>\n<p style=\"text-align: justify;\">O Papa Francisco atrav\u00e9s do minist\u00e9rio de Catequista nos recorda a import\u00e2ncia do apostolado dos leigos na Igreja. Eles \u00abs\u00e3o especialmente chamados a tornarem a Igreja presente e ativa naqueles locais e circunst\u00e2ncias em que, s\u00f3 por meio deles, ela pode ser o sal da terra\u00bb (LG, 33); \u00abos leigos podem ainda ser chamados, por diversos modos, a uma colabora\u00e7\u00e3o mais imediata no apostolado da hierarquia, \u00e0 semelhan\u00e7a daqueles homens e mulheres que ajudavam o ap\u00f3stolo Paulo no Evangelho, trabalhando muito no Senhor\u00bb (LG, 33); o Catequista \u00e9 chamado, antes de mais nada, a exprimir a sua compet\u00eancia no servi\u00e7o pastoral da transmiss\u00e3o da f\u00e9 que se desenvolve nas suas diferentes etapas; o Catequista \u00e9 simultaneamente testemunha da f\u00e9, mestre e mistagogo, acompanhante e pedagogo que instrui em nome da Igreja.<\/p>\n<p><strong>A diversidade de minist\u00e9rios<\/strong><\/p>\n<p style=\"text-align: justify;\">o minist\u00e9rio de catequista n\u00e3o est\u00e1 isolado. Ao lado desse minist\u00e9rio h\u00e1 outros que j\u00e1 foram oficialmente reconhecidos pela Igreja, como minist\u00e9rio de leitor e ac\u00f3lito, bem como os servi\u00e7os de osti\u00e1rio, exorcista, etc. Tais minist\u00e9rios s\u00e3o preciosos para a implanta\u00e7\u00e3o, a vida e o crescimento da Igreja e para a sua capacidade de irradiar a pr\u00f3pria mensagem \u00e0 sua volta e para aqueles que est\u00e3o distantes (cf. Paulo VI. EN, 73).<\/p>\n<p><strong>O perfil dos catequistas<\/strong><\/p>\n<p style=\"text-align: justify;\">O papa Francisco tamb\u00e9m nos apresenta alguns crit\u00e9rios sobre o perfil daqueles que podem ser convocados para serem catequistas. N\u00e3o \u00e9 um servi\u00e7o para qualquer um; por isso o minist\u00e9rio de Catequista requer o devido discernimento por parte do Bispo e se evidencia com o Rito de institui\u00e7\u00e3o; \u00e9 um servi\u00e7o est\u00e1vel prestado \u00e0 Igreja local de acordo com as exig\u00eancias pastorais dadas pelo bispo. \u201cConv\u00e9m que, ao minist\u00e9rio institu\u00eddo de Catequista, <em>sejam chamados homens e mulheres de f\u00e9 profunda e maturidade humana, que tenham uma participa\u00e7\u00e3o ativa na vida da comunidade crist\u00e3, sejam capazes de acolhimento, generosidade e vida de comunh\u00e3o fraterna, recebam a devida forma\u00e7\u00e3o b\u00edblica, teol\u00f3gica, pastoral e pedag\u00f3gica, para serem sol\u00edcitos comunicadores da verdade da f\u00e9, e tenham j\u00e1 maturado uma pr\u00e9via experi\u00eancia de catequese.<\/em> <em>Requer-se que sejam colaboradores fi\u00e9is dos presb\u00edteros e di\u00e1conos, dispon\u00edveis para exercer o minist\u00e9rio onde for necess\u00e1rio e animados por verdadeiro entusiasmo apost\u00f3lico\u201d.<\/em><\/p>\n<p style=\"text-align: justify;\"><strong>PARA REFLEX\u00c3O PESSOAL:<\/strong><\/p>\n<ol>\n<li style=\"text-align: justify;\">Quais sinais da import\u00e2ncia dada \u00e0 catequese encontramos nas comunidades primitivas?<\/li>\n<li style=\"text-align: justify;\">Quem s\u00e3o os respons\u00e1veis pela promo\u00e7\u00e3o do minist\u00e9rio da Catequese?<\/li>\n<li style=\"text-align: justify;\">Quais s\u00e3o os crit\u00e9rios para a escolha de catequistas?<\/li>\n<\/ol>\n","protected":false},"excerpt":{"rendered":"<p>Dom Antonio de Assis Bispo auxiliar de Bel\u00e9m do Par\u00e1 (PA) &nbsp; No m\u00eas de maio deste ano (2021) o Papa Francisco atrav\u00e9s da Carta Apost\u00f3lica \u201cAntiquum Ministerium\u201d instituiu o Minist\u00e9rio de Catequista. A referida Carta Apost\u00f3lica \u00e9 composta por onze par\u00e1grafos nos quais apresenta sua justificativa, import\u00e2ncia desse servi\u00e7o e define algumas orienta\u00e7\u00f5es pastorais &hellip;<\/p>\n<p class=\"read-more\"> <a class=\"\" href=\"https:\/\/www.cnbb.org.br\/o-ministerio-do-catequista\/\"> <span class=\"screen-reader-text\">O minist\u00e9rio do catequista<\/span> Leia mais &raquo;<\/a><\/p>\n","protected":false},"author":79,"featured_media":0,"comment_status":"open","ping_status":"open","sticky":false,"template":"","format":"standard","meta":{"site-sidebar-layout":"default","site-content-layout":"default","ast-global-header-display":"","ast-banner-title-visibility":"","ast-main-header-display":"","ast-hfb-above-header-display":"","ast-hfb-below-header-display":"","ast-hfb-mobile-header-display":"","site-post-title":"","ast-breadcrumbs-content":"","ast-featured-img":"","footer-sml-layout":"","theme-transparent-header-meta":"default","adv-header-id-meta":"","stick-header-meta":"","header-above-stick-meta":"","header-main-stick-meta":"","header-below-stick-meta":""},"categories":[758],"tags":[],"acf":[],"_links":{"self":[{"href":"https:\/\/www.cnbb.org.br\/cnbb-app\/wp\/v2\/posts\/703160"}],"collection":[{"href":"https:\/\/www.cnbb.org.br\/cnbb-app\/wp\/v2\/posts"}],"about":[{"href":"https:\/\/www.cnbb.org.br\/cnbb-app\/wp\/v2\/types\/post"}],"author":[{"embeddable":true,"href":"https:\/\/www.cnbb.org.br\/cnbb-app\/wp\/v2\/users\/79"}],"replies":[{"embeddable":true,"href":"https:\/\/www.cnbb.org.br\/cnbb-app\/wp\/v2\/comments?post=703160"}],"version-history":[{"count":0,"href":"https:\/\/www.cnbb.org.br\/cnbb-app\/wp\/v2\/posts\/703160\/revisions"}],"wp:attachment":[{"href":"https:\/\/www.cnbb.org.br\/cnbb-app\/wp\/v2\/media?parent=703160"}],"wp:term":[{"taxonomy":"category","embeddable":true,"href":"https:\/\/www.cnbb.org.br\/cnbb-app\/wp\/v2\/categories?post=703160"},{"taxonomy":"post_tag","embeddable":true,"href":"https:\/\/www.cnbb.org.br\/cnbb-app\/wp\/v2\/tags?post=703160"}],"curies":[{"name":"wp","href":"https:\/\/api.w.org\/{rel}","templated":true}]}}