{"id":703179,"date":"2021-08-18T11:20:40","date_gmt":"2021-08-18T14:20:40","guid":{"rendered":"https:\/\/www.cnbb.org.br\/?p=703179"},"modified":"2021-08-18T11:21:11","modified_gmt":"2021-08-18T14:21:11","slug":"catequista-um-ministerio","status":"publish","type":"post","link":"https:\/\/www.cnbb.org.br\/catequista-um-ministerio\/","title":{"rendered":"Catequista, um minist\u00e9rio"},"content":{"rendered":"<p style=\"text-align: right;\"><strong>Dom Adelar Baruffi<\/strong><br \/>\n<strong>Bispo de Cruz Alta (RS)<\/strong><\/p>\n<p style=\"text-align: justify;\"><strong>\u00a0<\/strong><\/p>\n<p style=\"text-align: justify;\">\u00a0\u00a0\u00a0\u00a0\u00a0\u00a0\u00a0\u00a0\u00a0\u00a0\u00a0 Nosso Papa Francisco nos ofereceu um \u201cminist\u00e9rio\u201d para os catequistas. Isto foi no dia dez de maio deste ano, com a Carta Apost\u00f3lica \u201c<em>Antiquum ministerium<\/em>\u201d (minist\u00e9rio antigo). N\u00f3s temos em nossa Diocese de Cruz Alta mais de um mil catequistas. Eles j\u00e1 est\u00e3o sendo orientados na Inicia\u00e7\u00e3o \u00e0 Vida Crist\u00e3, num processo de discernimento. Sua miss\u00e3o est\u00e1 ligada \u00e0 comunidade de f\u00e9, com uma prepara\u00e7\u00e3o intelectual, amor pelos outros e busca do seguimento de Jesus Cristo no real da vida. Elas t\u00eam um caminho que fazem sempre, h\u00e1 v\u00e1rios anos, em nossa Diocese. \u00c9 bom recordar toda a forma\u00e7\u00e3o que acontece, sobretudo o Curso de Lideran\u00e7as e a possibilidade de preparar-se sempre mais para a importante miss\u00e3o que exercem. Contudo, a alegria do caminho que fazem diz que s\u00e3o felizes!<\/p>\n<p style=\"text-align: justify;\">\u00a0\u00a0\u00a0\u00a0\u00a0\u00a0\u00a0\u00a0\u00a0\u00a0\u00a0 O que muda no fato de serem ministros catequistas? Nosso Papa, fazendo refer\u00eancia aos fundamentos b\u00edblicos cita v\u00e1rios textos, e afirma que \u201ctoda a hist\u00f3ria da evangeliza\u00e7\u00e3o destes dois mil\u00eanios manifesta, com grande evid\u00eancia, como foi eficaz a miss\u00e3o dos catequistas. Bispos, sacerdotes e di\u00e1conos, juntamente com muitos homens e mulheres de vida consagrada, dedicaram a sua vida \u00e0 instru\u00e7\u00e3o catequ\u00e9tica, para que a f\u00e9 fosse um v\u00e1lido sustent\u00e1culo para a exist\u00eancia pessoal de cada ser humano\u201d (Francisco, n. 3). O primeiro ponto \u00e9 o reconhecimento de algo importante para nosso momento: quem s\u00e3o os anunciadores do Evangelho. Os catequistas anunciam o Evangelho de maneira clara e \u00fanica. \u201cHoje em dia, em raz\u00e3o da escassez de clero para evangelizar t\u00e3o grandes multid\u00f5es e exercer o minist\u00e9rio pastoral, o of\u00edcio dos catequistas tem muit\u00edssima import\u00e2ncia\u201d (<em>Ad Gentes<\/em>, n. 17). Tamb\u00e9m, o segundo ponto importante \u00e9 que nas comunidades, somando-se a tantos padres, di\u00e1conos e leigos, os catequistas preparam para a comunidade de f\u00e9. Eles operam o que j\u00e1 se disse que a liturgia s\u00f3 tem sentido quando forem colocados os elementos centrais da vida de f\u00e9 na pessoa. Eles \u201cs\u00e3o express\u00e3o do valor central da obra catequ\u00e9tica, que coloca em primeiro plano a instru\u00e7\u00e3o e a forma\u00e7\u00e3o permanente dos crentes\u201d (Francisco, n. 4). Diz nosso Papa, que a responsabilidade pela evangeliza\u00e7\u00e3o no mundo atual, com seus desafios na pluralidade, convoca a todos \u00e0 miss\u00e3o. \u201cFidelidade ao passado e responsabilidade pelo presente s\u00e3o as condi\u00e7\u00f5es indispens\u00e1veis para que a Igreja possa desempenhar a sua miss\u00e3o no mundo\u201d (Francisco, n. 5).<\/p>\n<p style=\"text-align: justify;\">\u00a0\u00a0\u00a0\u00a0\u00a0\u00a0\u00a0\u00a0\u00a0\u00a0\u00a0 \u00a0A miss\u00e3o espec\u00edfica do catequista, mais do que nunca, \u00e9 de fundamental import\u00e2ncia. \u201cDesde o primeiro an\u00fancio que introduz no <em>querigma<\/em>, passando pela instru\u00e7\u00e3o que torna conscientes da vida nova em Cristo e prepara de modo particular para os sacramentos da inicia\u00e7\u00e3o crist\u00e3, at\u00e9 \u00e0 forma\u00e7\u00e3o permanente que consente que cada batizado esteja sempre pronto \u00aba dar a raz\u00e3o da sua esperan\u00e7a a todo aquele que lhe pe\u00e7a\u00bb (cf. 1 Pd 3, 15). O Catequista \u00e9 simultaneamente testemunha da f\u00e9, mestre e mistagogo, acompanhante e pedagogo que instrui em nome da Igreja. Uma identidade que s\u00f3 mediante a ora\u00e7\u00e3o, o estudo e a participa\u00e7\u00e3o direta na vida da comunidade \u00e9 que se pode desenvolver com coer\u00eancia e responsabilidade\u201d (Francisco, n. 6). Ent\u00e3o, para este minist\u00e9rio \u201csejam chamados homens e mulheres de f\u00e9 profunda e maturidade humana, que tenham uma participa\u00e7\u00e3o ativa na vida da comunidade crist\u00e3, sejam capazes de acolhimento, generosidade e vida de comunh\u00e3o fraterna, recebam a devida forma\u00e7\u00e3o b\u00edblica, teol\u00f3gica, pastoral e pedag\u00f3gica, para ser sol\u00edcitos comunicadores da verdade da f\u00e9, e tenham j\u00e1 maturado uma pr\u00e9via experi\u00eancia de catequese\u201d (Francisco, n. 8). Parab\u00e9ns a voc\u00eas, catequistas!<\/p>\n<p>&nbsp;<\/p>\n","protected":false},"excerpt":{"rendered":"<p>Dom Adelar Baruffi Bispo de Cruz Alta (RS) \u00a0 \u00a0\u00a0\u00a0\u00a0\u00a0\u00a0\u00a0\u00a0\u00a0\u00a0\u00a0 Nosso Papa Francisco nos ofereceu um \u201cminist\u00e9rio\u201d para os catequistas. Isto foi no dia dez de maio deste ano, com a Carta Apost\u00f3lica \u201cAntiquum ministerium\u201d (minist\u00e9rio antigo). N\u00f3s temos em nossa Diocese de Cruz Alta mais de um mil catequistas. Eles j\u00e1 est\u00e3o sendo orientados &hellip;<\/p>\n<p class=\"read-more\"> <a class=\"\" href=\"https:\/\/www.cnbb.org.br\/catequista-um-ministerio\/\"> <span class=\"screen-reader-text\">Catequista, um minist\u00e9rio<\/span> Leia mais &raquo;<\/a><\/p>\n","protected":false},"author":26,"featured_media":0,"comment_status":"open","ping_status":"open","sticky":false,"template":"","format":"standard","meta":{"site-sidebar-layout":"default","site-content-layout":"default","ast-global-header-display":"","ast-banner-title-visibility":"","ast-main-header-display":"","ast-hfb-above-header-display":"","ast-hfb-below-header-display":"","ast-hfb-mobile-header-display":"","site-post-title":"","ast-breadcrumbs-content":"","ast-featured-img":"","footer-sml-layout":"","theme-transparent-header-meta":"default","adv-header-id-meta":"","stick-header-meta":"","header-above-stick-meta":"","header-main-stick-meta":"","header-below-stick-meta":""},"categories":[758],"tags":[],"acf":[],"_links":{"self":[{"href":"https:\/\/www.cnbb.org.br\/cnbb-app\/wp\/v2\/posts\/703179"}],"collection":[{"href":"https:\/\/www.cnbb.org.br\/cnbb-app\/wp\/v2\/posts"}],"about":[{"href":"https:\/\/www.cnbb.org.br\/cnbb-app\/wp\/v2\/types\/post"}],"author":[{"embeddable":true,"href":"https:\/\/www.cnbb.org.br\/cnbb-app\/wp\/v2\/users\/26"}],"replies":[{"embeddable":true,"href":"https:\/\/www.cnbb.org.br\/cnbb-app\/wp\/v2\/comments?post=703179"}],"version-history":[{"count":0,"href":"https:\/\/www.cnbb.org.br\/cnbb-app\/wp\/v2\/posts\/703179\/revisions"}],"wp:attachment":[{"href":"https:\/\/www.cnbb.org.br\/cnbb-app\/wp\/v2\/media?parent=703179"}],"wp:term":[{"taxonomy":"category","embeddable":true,"href":"https:\/\/www.cnbb.org.br\/cnbb-app\/wp\/v2\/categories?post=703179"},{"taxonomy":"post_tag","embeddable":true,"href":"https:\/\/www.cnbb.org.br\/cnbb-app\/wp\/v2\/tags?post=703179"}],"curies":[{"name":"wp","href":"https:\/\/api.w.org\/{rel}","templated":true}]}}