{"id":703281,"date":"2021-08-18T12:59:46","date_gmt":"2021-08-18T15:59:46","guid":{"rendered":"https:\/\/www.cnbb.org.br\/?p=703281"},"modified":"2021-08-18T16:10:05","modified_gmt":"2021-08-18T19:10:05","slug":"consep-representantes-do-brasil-assembleia-eclesial-da-america-latina-e-do-caribe","status":"publish","type":"post","link":"https:\/\/www.cnbb.org.br\/consep-representantes-do-brasil-assembleia-eclesial-da-america-latina-e-do-caribe\/","title":{"rendered":"Consep define distribui\u00e7\u00e3o dos mais de 300 representantes do Brasil na Assembleia Eclesial da Am\u00e9rica Latina e do Caribe"},"content":{"rendered":"<p>O Conselho Episcopal Pastoral (Consep) da Confer\u00eancia Nacional dos Bispos do Brasil (CNBB) est\u00e1 reunido nesta quarta-feira, 18 de agosto, de forma virtual. Na sess\u00e3o desta manh\u00e3, foi definida a distribui\u00e7\u00e3o das 314 vagas para representantes do Brasil na Assembleia Eclesial da Am\u00e9rica Latina e do Caribe, marcada para novembro.<\/p>\n<p>O n\u00famero destinado aos participantes do Brasil foi definido pelo Conselho Episcopal Latino Americano (Celam), organizador da assembleia e que tamb\u00e9m estabeleceu uma quantidade de participantes para cinco categorias, a partir de suas vincula\u00e7\u00f5es eclesiais: bispos; padres e di\u00e1conos; religiosos e membros de institutos seculares; fi\u00e9is leigos; e pessoas em situa\u00e7\u00e3o de periferia.<\/p>\n<h3>Bispos<\/h3>\n<p>O arcebispo de Belo Horizonte (MG) e presidente da CNBB, dom Walmor Oliveira de Azevedo, n\u00e3o entra na lista dos 314 convidados, uma vez que est\u00e1 como \u201cmembro nato\u201d da assembleia, por conta da fun\u00e7\u00e3o na Confer\u00eancia Episcopal.<\/p>\n<p>As 63 vagas dos bispos ficaram assim distribu\u00eddas: tr\u00eas para os demais integrantes da Presid\u00eancia da CNBB; 12 para os membros do Consep; 38 para representantes dos Regionais, divididos proporcionalmente de acordo com o n\u00famero de dioceses (o Regional Sul 1, por exemplo, com mais igrejas particulares, ter\u00e1 seis representantes); tr\u00eas bispos em\u00e9ritos; dois bispos de recente nomea\u00e7\u00e3o; tr\u00eas bispos com mais de 20 anos de nomea\u00e7\u00e3o; e dom Geremias Steinmetz, arcebispo de Londrina (PR) e bispo membro da equipe de Anima\u00e7\u00e3o Nacional.<\/p>\n<p>&nbsp;<\/p>\n<h3>Padres e di\u00e1conos<\/h3>\n<p>A Comiss\u00e3o Nacional dos Presb\u00edteros e a Comiss\u00e3o Nacional dos Di\u00e1conos v\u00e3o indicar os seus representantes, dividindo proporcionalmente as 63 vagas disponibilizadas.<\/p>\n<p>&nbsp;<\/p>\n<h3>Religiosos e institutos seculares<\/h3>\n<p>A Confer\u00eancia dos Religiosos do Brasil e a Confer\u00eancia Nacional dos Institutos Seculares do Brasil (CNISB) tamb\u00e9m indicar\u00e3o 63 nomes, observando a diversidade de idades e carismas.<\/p>\n<p>&nbsp;<\/p>\n<h3>Leigos<\/h3>\n<p>A Comiss\u00e3o Episcopal Pastoral para o Laicato ter\u00e1 94 indica\u00e7\u00f5es. Para chegar aos nomes, buscar\u00e3o refer\u00eancias nos organismos ligados aos leigos, como CNLB, CEBs, e tamb\u00e9m nas Pastorais, como a Familiar e a Juvenil. O Celam orientou que a escolha deve observar a propor\u00e7\u00e3o de g\u00eanero, idade, movimentos, par\u00f3quias e pequenas comunidades e organiza\u00e7\u00f5es sociais.<\/p>\n<p>&nbsp;<\/p>\n<h3>Situa\u00e7\u00e3o de periferia<\/h3>\n<p>O \u00faltimo grupo consiste em pessoas em situa\u00e7\u00e3o de periferia. S\u00e3o 31 participantes que dever\u00e3o ser indicados pela C\u00e1ritas Brasileira.<\/p>\n<p>&nbsp;<\/p>\n<p>As indica\u00e7\u00f5es devem chegar \u00e0 CNBB at\u00e9 o dia 25 de setembro para encaminhamento \u00e0 organiza\u00e7\u00e3o da Assembleia Eclesial, marcada para o per\u00edodo de 21 a 28 de novembro, de forma virtual.<\/p>\n<p>&nbsp;<\/p>\n<h2>Consep<\/h2>\n<p>Na reuni\u00e3o do Consep desta quarta-feira, v\u00e1rios temas est\u00e3o na pauta. O primeiro assunto tratado na manh\u00e3 de hoje foi a An\u00e1lise de Conjuntura social, apresentada pelo bispo de Carolina (MA), dom Francisco Lima Soares. Com o t\u00edtulo &#8220;O passado, presente e futuro da casa comum &#8211; Biomas brasileiros e a constru\u00e7\u00e3o do Eldorado no S\u00e9culo XXI&#8221;, a an\u00e1lise focou na \u201cgest\u00e3o dos recursos naturais ou os efeitos ambientais decorrentes da atividade social, pol\u00edtica e econ\u00f4mica\u201d, um tema estrutural na realidade brasileira, junto com outras quest\u00f5es tamb\u00e9m urgentes. Ap\u00f3s a apresenta\u00e7\u00e3o, os bispo partilharam impress\u00f5es e sugeriram novas abordagens.<\/p>\n<p>Sobre o momento atual brasileiro, &#8220;<span style=\"font-size: 16px;\">de converg\u00eancia de m\u00faltiplas crises&#8221;, dom Francisco esclareceu em nome do grupo que prepara as an\u00e1lises, que a equipe est\u00e1 atenta aos acontecimentos atuais no contexto pol\u00edtico e econ\u00f4mico e &#8220;produzindo reflex\u00f5es conjuntamente sobre esses e novos fatos e que em breve ser\u00e3o discutidos&#8221;.<\/span><\/p>\n<p>&nbsp;<\/p>\n<h3>Encontro com parlamentares<\/h3>\n<p>O assessor pol\u00edtico da CNBB, padre Paulo Renato Campos, partilhou sobre os \u00faltimos preparativos para o I Encontro com Parlamentares Cat\u00f3licos, marcado para os dias 16 e 17 de setembro. A realiza\u00e7\u00e3o parte de uma motiva\u00e7\u00e3o do Papa Francisco e tamb\u00e9m inspirada num encontro semelhante promovido pelo Celam.<\/p>\n<p><span style=\"font-size: 16px;\">Foram convidados 93 parlamentares a partir de indica\u00e7\u00f5es de comiss\u00f5es da CNBB e organismos vinculados. O encontro ter\u00e1 intera\u00e7\u00f5es de bispos e os convidados refletem um e<\/span><span style=\"font-size: 16px;\">quil\u00edbrio na representa\u00e7\u00e3o partid\u00e1ria.<\/span><\/p>\n<h3>Ano Vocacional<\/h3>\n<p>O bispo de Tubar\u00e3o (SC) e presidente da Comiss\u00e3o Episcopal Pastoral para os Minist\u00e9rios Ordenados e a Vida Consagrada da CNBB, dom Jo\u00e3o Francisco Salm, falou sobre 3\u00ba Ano Vocacional do Brasil. Ele partilhou o tema e o lema definidos e aprovados no m\u00eas passado.<\/p>\n<blockquote><p><em><strong><span style=\"font-size: 16px;\">Ano Vocacional 2023<br \/>\n<\/span><\/strong><\/em><span style=\"font-size: 16px;\">Tema: \u201cVoca\u00e7\u00e3o: gra\u00e7a e miss\u00e3o\u201d<br \/>\n<\/span>Lema: Cora\u00e7\u00f5es ardentes, p\u00e9s a caminho\u201d (cf. Lc 24, 32-33)<\/p><\/blockquote>\n<p>Marcado para ocorrer de\u00a020 de novembro de 2022 a 26 de novembro de 2023, o ano vocacional deve ser oportunidade para uma &#8220;verdadeira catequese vocacional, objetiva e clara&#8221;, apontada como necess\u00e1ria para a Igreja no Brasil. Dom Salm ressalta que \u00e9 preciso informar, instruir, tirar d\u00favidas, explicar, encantar para as voca\u00e7\u00f5es.<\/p>\n<p>&#8220;O tema toma a pessoa na sua compreens\u00e3o, na sua intelig\u00eancia e mexe com sua vontade. O lema recorda o que aconteceu naquele encontro de Jesus com os disc\u00edpulos [de Ema\u00fas] que perceberam que estava com algu\u00e9m diferente e sa\u00edram movidos por aquele ardor&#8221;, salientou dom Francisco Salm.<\/p>\n<p>O bispo tamb\u00e9m informou que depois da confirma\u00e7\u00e3o do tema e do lema pela Presid\u00eancia da CNBB, as quatro comiss\u00f5es de trabalho est\u00e3o marcando suas reuni\u00f5es para dar in\u00edcio \u00e0s diversas atividades do ano vocacional.\u00a0\u201cSabemos que o tempo de prepara\u00e7\u00e3o \u00e9 sempre muito importante.\u00a0\u00c9 um tempo bonito que \u00e9 desde j\u00e1 motivo para agradecermos a Deus&#8221;, afirmou.<\/p>\n<p>Ainda neste m\u00eas de agosto, a Comiss\u00e3o Teol\u00f3gica do Ano Vocacional ir\u00e1 se encontrar para dar in\u00edcio \u00e0 prepara\u00e7\u00e3o dos materiais de apoio.<\/p>\n<p>&nbsp;<\/p>\n<div class=\"iframely-embed\">\n<div class=\"iframely-responsive\" style=\"padding-bottom: 56.2667%; padding-top: 120px;\"><a href=\"https:\/\/www.cnbb.org.br\/vocacao-graca-e-missao-e-a-escolha-da-comissao-central-para-o-tema-do-ano-vocacional-2023\/\" data-iframely-url=\"\/\/cdn.iframe.ly\/RBC3HF0?maxheight=750\"><\/a><\/div>\n<\/div>\n<p><script async src=\"\/\/cdn.iframe.ly\/embed.js\" charset=\"utf-8\"><\/script><\/p>\n<p>&nbsp;<\/p>\n<p>Ao final da sess\u00e3o, foi dado espa\u00e7o para as comiss\u00f5es fazerem suas comunica\u00e7\u00f5es.<\/p>\n","protected":false},"excerpt":{"rendered":"<p>O Conselho Episcopal Pastoral (Consep) da Confer\u00eancia Nacional dos Bispos do Brasil (CNBB) est\u00e1 reunido nesta quarta-feira, 18 de agosto, de forma virtual. Na sess\u00e3o desta manh\u00e3, foi definida a distribui\u00e7\u00e3o das 314 vagas para representantes do Brasil na Assembleia Eclesial da Am\u00e9rica Latina e do Caribe, marcada para novembro. Os bispos tamb\u00e9m trataram de outros temas, como an\u00e1lise de conjuntura e o Ano Vocacional<\/p>\n","protected":false},"author":83,"featured_media":703302,"comment_status":"open","ping_status":"open","sticky":false,"template":"","format":"standard","meta":{"site-sidebar-layout":"default","site-content-layout":"default","ast-global-header-display":"","ast-banner-title-visibility":"","ast-main-header-display":"","ast-hfb-above-header-display":"","ast-hfb-below-header-display":"","ast-hfb-mobile-header-display":"","site-post-title":"","ast-breadcrumbs-content":"","ast-featured-img":"","footer-sml-layout":"","theme-transparent-header-meta":"default","adv-header-id-meta":"","stick-header-meta":"","header-above-stick-meta":"","header-main-stick-meta":"","header-below-stick-meta":""},"categories":[824,50],"tags":[2509],"acf":[],"_links":{"self":[{"href":"https:\/\/www.cnbb.org.br\/cnbb-app\/wp\/v2\/posts\/703281"}],"collection":[{"href":"https:\/\/www.cnbb.org.br\/cnbb-app\/wp\/v2\/posts"}],"about":[{"href":"https:\/\/www.cnbb.org.br\/cnbb-app\/wp\/v2\/types\/post"}],"author":[{"embeddable":true,"href":"https:\/\/www.cnbb.org.br\/cnbb-app\/wp\/v2\/users\/83"}],"replies":[{"embeddable":true,"href":"https:\/\/www.cnbb.org.br\/cnbb-app\/wp\/v2\/comments?post=703281"}],"version-history":[{"count":0,"href":"https:\/\/www.cnbb.org.br\/cnbb-app\/wp\/v2\/posts\/703281\/revisions"}],"wp:featuredmedia":[{"embeddable":true,"href":"https:\/\/www.cnbb.org.br\/cnbb-app\/wp\/v2\/media\/703302"}],"wp:attachment":[{"href":"https:\/\/www.cnbb.org.br\/cnbb-app\/wp\/v2\/media?parent=703281"}],"wp:term":[{"taxonomy":"category","embeddable":true,"href":"https:\/\/www.cnbb.org.br\/cnbb-app\/wp\/v2\/categories?post=703281"},{"taxonomy":"post_tag","embeddable":true,"href":"https:\/\/www.cnbb.org.br\/cnbb-app\/wp\/v2\/tags?post=703281"}],"curies":[{"name":"wp","href":"https:\/\/api.w.org\/{rel}","templated":true}]}}