{"id":703381,"date":"2021-08-18T14:27:56","date_gmt":"2021-08-18T17:27:56","guid":{"rendered":"https:\/\/www.cnbb.org.br\/?p=703381"},"modified":"2021-08-18T14:30:36","modified_gmt":"2021-08-18T17:30:36","slug":"a-arte-e-o-dom-de-fazer-ressoar-a-palavra-na-vida-e-na-historia","status":"publish","type":"post","link":"https:\/\/www.cnbb.org.br\/a-arte-e-o-dom-de-fazer-ressoar-a-palavra-na-vida-e-na-historia\/","title":{"rendered":"A arte e o dom de fazer ressoar a Palavra na vida e na hist\u00f3ria"},"content":{"rendered":"<p style=\"text-align: right;\"><strong>Dom Roberto Francisco Ferreria Paz<br \/>\n<\/strong><strong>Bispo de Campos (RJ)<\/strong><\/p>\n<p style=\"text-align: justify;\">\n<p style=\"text-align: justify;\">No dia 21 de agosto, lembrando a mem\u00f3ria de S\u00e3o Pio X, o Papa do catecismo maior, e do Decreto <em>Quam Singularis,<\/em> que aproximou as crian\u00e7as da comunh\u00e3o eucar\u00edstica, celebramos o dia do catequista. Hoje, depois do jubileu de ouro do Diret\u00f3rio Geral da Catequese, de 1971, que recebeu e fez acontecer a caminhada do Conc\u00edlio Vaticano II neste servi\u00e7o fundamental para a educa\u00e7\u00e3o da f\u00e9, percebemos o quanto mudou a perspectiva, o estilo e a metodologia do ensino catequ\u00e9tico.<\/p>\n<p style=\"text-align: justify;\">De fato, nos dias atuais, ap\u00f3s esta renova\u00e7\u00e3o profunda no ser e viver a Igreja como Povo de Deus, a catequese n\u00e3o \u00e9 mais pensada apenas como uma instru\u00e7\u00e3o a partir do catecismo para os sacramentos. Mas, a partir da Palavra de Deus, que se torna a fonte principal da inicia\u00e7\u00e3o \u00e0 vida crist\u00e3, ela desenvolve um processo sistem\u00e1tico, comunit\u00e1rio e permanente da f\u00e9, que mais que um ensino de tipo escolar, torna-se um discipulado, um seguimento pessoal e eclesial de Jesus, o Salvador e Libertador.<\/p>\n<p style=\"text-align: justify;\">Isto, tamb\u00e9m exige da comunidade uma participa\u00e7\u00e3o respons\u00e1vel como catequizadora dos novos membros, e uma qualifica\u00e7\u00e3o da fun\u00e7\u00e3o e miss\u00e3o do catequista. \u00c9 nesse ensejo, que o Papa Francisco, atrav\u00e9s da Carta Apost\u00f3lica <em>Antiquum Ministerium,<\/em> institui o minist\u00e9rio do catequista, destacando a sua import\u00e2ncia primordial para a forma\u00e7\u00e3o da comunidade eclesial. Trata-se de um minist\u00e9rio intrinsecamente enraizado na caminhada da Igreja que mostrava, na sua fase inicial, densamente participativa e sinodal, minist\u00e9rios ligados \u00e0 transmiss\u00e3o, viv\u00eancia e testemunho da f\u00e9: ap\u00f3stolos, doutores e profetas.<\/p>\n<p style=\"text-align: justify;\">\u00a0Este rosto, de uma Igreja viva, a que queremos retornar, renovada e em processo de sa\u00edda, est\u00e1 a demandar um laicato adulto e protagonista chamado a colaborar e assumir minist\u00e9rios que edificam e fazem crescer o corpo eclesial. Por isso, agradecemos de cora\u00e7\u00e3o, com muita alegria, o engajamento e empenho de numerosos\/as catequistas, que est\u00e3o exercendo, com muita doa\u00e7\u00e3o e criatividade, este minist\u00e9rio crucial para uma Nova Evangeliza\u00e7\u00e3o, para uma Igreja que se incultura e transforma todas as estruturas, formas de pensar e conviver com uma f\u00e9 viva, expl\u00edcita e operosa.<\/p>\n<p style=\"text-align: justify;\">Que gra\u00e7a para uma comunidade, possuir catequistas que sejam, como diz o Papa Francisco, testemunhas coerentes, mestres e mistagogos, acompanhantes e pedagogos do itiner\u00e1rio da f\u00e9 crist\u00e3. Deus seja louvado!<\/p>\n<p>&nbsp;<\/p>\n<p><strong>\u00a0<\/strong><\/p>\n","protected":false},"excerpt":{"rendered":"<p>Dom Roberto Francisco Ferreria Paz Bispo de Campos (RJ) No dia 21 de agosto, lembrando a mem\u00f3ria de S\u00e3o Pio X, o Papa do catecismo maior, e do Decreto Quam Singularis, que aproximou as crian\u00e7as da comunh\u00e3o eucar\u00edstica, celebramos o dia do catequista. Hoje, depois do jubileu de ouro do Diret\u00f3rio Geral da Catequese, de &hellip;<\/p>\n<p class=\"read-more\"> <a class=\"\" href=\"https:\/\/www.cnbb.org.br\/a-arte-e-o-dom-de-fazer-ressoar-a-palavra-na-vida-e-na-historia\/\"> <span class=\"screen-reader-text\">A arte e o dom de fazer ressoar a Palavra na vida e na hist\u00f3ria<\/span> Leia mais &raquo;<\/a><\/p>\n","protected":false},"author":23,"featured_media":0,"comment_status":"open","ping_status":"open","sticky":false,"template":"","format":"standard","meta":{"site-sidebar-layout":"default","site-content-layout":"default","ast-global-header-display":"","ast-banner-title-visibility":"","ast-main-header-display":"","ast-hfb-above-header-display":"","ast-hfb-below-header-display":"","ast-hfb-mobile-header-display":"","site-post-title":"","ast-breadcrumbs-content":"","ast-featured-img":"","footer-sml-layout":"","theme-transparent-header-meta":"default","adv-header-id-meta":"","stick-header-meta":"","header-above-stick-meta":"","header-main-stick-meta":"","header-below-stick-meta":""},"categories":[758],"tags":[],"acf":[],"_links":{"self":[{"href":"https:\/\/www.cnbb.org.br\/cnbb-app\/wp\/v2\/posts\/703381"}],"collection":[{"href":"https:\/\/www.cnbb.org.br\/cnbb-app\/wp\/v2\/posts"}],"about":[{"href":"https:\/\/www.cnbb.org.br\/cnbb-app\/wp\/v2\/types\/post"}],"author":[{"embeddable":true,"href":"https:\/\/www.cnbb.org.br\/cnbb-app\/wp\/v2\/users\/23"}],"replies":[{"embeddable":true,"href":"https:\/\/www.cnbb.org.br\/cnbb-app\/wp\/v2\/comments?post=703381"}],"version-history":[{"count":0,"href":"https:\/\/www.cnbb.org.br\/cnbb-app\/wp\/v2\/posts\/703381\/revisions"}],"wp:attachment":[{"href":"https:\/\/www.cnbb.org.br\/cnbb-app\/wp\/v2\/media?parent=703381"}],"wp:term":[{"taxonomy":"category","embeddable":true,"href":"https:\/\/www.cnbb.org.br\/cnbb-app\/wp\/v2\/categories?post=703381"},{"taxonomy":"post_tag","embeddable":true,"href":"https:\/\/www.cnbb.org.br\/cnbb-app\/wp\/v2\/tags?post=703381"}],"curies":[{"name":"wp","href":"https:\/\/api.w.org\/{rel}","templated":true}]}}