{"id":7065,"date":"2017-06-02T00:00:00","date_gmt":"2017-06-02T03:00:00","guid":{"rendered":"https:\/\/www.cnbb.org.br\/renovacao-carismatica-catolica-celebra-jubileu-de-ouro-em-roma\/"},"modified":"2017-06-02T00:00:00","modified_gmt":"2017-06-02T03:00:00","slug":"renovacao-carismatica-catolica-celebra-jubileu-de-ouro-em-roma","status":"publish","type":"post","link":"https:\/\/www.cnbb.org.br\/renovacao-carismatica-catolica-celebra-jubileu-de-ouro-em-roma\/","title":{"rendered":"Renova\u00e7\u00e3o Carism\u00e1tica Cat\u00f3lica celebra Jubileu de Ouro em Roma"},"content":{"rendered":"<p style=\"text-align: justify;\">A Renova\u00e7\u00e3o Carism\u00e1tica Cat\u00f3lica celebra o Jubileu de Ouro em Roma, de 31 de maio a 4 de junho, com um programa rico de encontros, simp\u00f3sios, celebra\u00e7\u00f5es e adora\u00e7\u00e3o nas principais bas\u00edlicas romanas. O \u00e1pice das celebra\u00e7\u00f5es ser\u00e1 a Vig\u00edlia de Pentecostes e a ora\u00e7\u00e3o ecum\u00eanica com o papa Francisco no \u2018Circo Massimo\u2019, no s\u00e1bado, dia 03. Para a ocasi\u00e3o, s\u00e3o esperadas 30 mil pessoas provenientes de 130 pa\u00edses, 600 sacerdotes, 50 bispos e cardeais.<\/p>\n<p style=\"text-align: justify;\">A Renova\u00e7\u00e3o Carism\u00e1tica, nasceu em Pittsburgh, nos Estados Unidos, gra\u00e7as a um grupo de estudantes que sentiu a necessidade de reunir-se e rezar, invocando o Esp\u00edrito Santo sobre a Igreja e sobre o mundo. Desde ent\u00e3o o movimento n\u00e3o parou de crescer, ganhando novos adeptos em todas as partes do mundo.<\/p>\n<p style=\"text-align: justify;\">A presidente do Servi\u00e7o Internacional da Renova\u00e7\u00e3o Carism\u00e1tica, Michelle Morgan, conversou com a R\u00e1dio Vaticano sobre a expectativa para este Jubileu: \u201cPara este encontro esperamos uma nova efus\u00e3o do Esp\u00edrito Santo sobre a Igreja e sobre o mundo, e esperamos tamb\u00e9m por alguma surpresa. N\u00f3s estamos prontos e a servi\u00e7o da Igreja para ajudar tamb\u00e9m a obra de reforma e renova\u00e7\u00e3o iniciada pelo Papa e para difundir a cultura da Pentecostes, porque \u00e9 o Esp\u00edrito que faz grande todas as coisas\u201d.<\/p>\n<p style=\"text-align: justify;\">O Jubileu ser\u00e1 conclu\u00eddo no domingo com a Missa de Pentecostes e o Regina Coeli no Vaticano. O encontro no &#8216;Circo Massimo&#8217;, no s\u00e1bado, \u00e9 um dos momentos mais aguardados pela sua dimens\u00e3o e valor ecum\u00eanico. Entre os convidados, estar\u00e3o o pastor Giovanni Traettino, amigo de Bergoglio, l\u00edderes protestantes e alguns ortodoxos.<\/p>\n<p style=\"text-align: justify;\">\u201cDe qualquer maneira ser\u00e1 a grande ocasi\u00e3o para mostrar como o ecumenismo espiritual \u00e9 o maior e atual motivo de reconcilia\u00e7\u00e3o entre as diversas tradi\u00e7\u00f5es crist\u00e3s. O Papa Francisco quis organizar uma Vig\u00edlia ecum\u00eanica. Portanto, n\u00e3o um modo para celebrar a Renova\u00e7\u00e3o nos seus 50 anos, mas para celebrar o Esp\u00edrito Santo que \u00e9 causa de unidade, de alegria, de reconcilia\u00e7\u00e3o\u201d, afirmou o presidente da Renova\u00e7\u00e3o Carism\u00e1tica na It\u00e1lia, Salvatore Martinez.<\/p>\n<p style=\"text-align: justify;\"><strong>Com informa\u00e7\u00f5es da R\u00e1dio Vaticano<\/strong><\/p>\n","protected":false},"excerpt":{"rendered":"<p>O \u00e1pice das celebra\u00e7\u00f5es ser\u00e1 a Vig\u00edlia de Pentecostes e a ora\u00e7\u00e3o ecum\u00eanica com o papa<\/p>\n","protected":false},"author":83,"featured_media":7066,"comment_status":"closed","ping_status":"open","sticky":false,"template":"","format":"standard","meta":{"site-sidebar-layout":"default","site-content-layout":"default","ast-global-header-display":"","ast-banner-title-visibility":"","ast-main-header-display":"","ast-hfb-above-header-display":"","ast-hfb-below-header-display":"","ast-hfb-mobile-header-display":"","site-post-title":"","ast-breadcrumbs-content":"","ast-featured-img":"","footer-sml-layout":"","theme-transparent-header-meta":"","adv-header-id-meta":"","stick-header-meta":"","header-above-stick-meta":"","header-main-stick-meta":"","header-below-stick-meta":""},"categories":[785],"tags":[],"acf":[],"_links":{"self":[{"href":"https:\/\/www.cnbb.org.br\/cnbb-app\/wp\/v2\/posts\/7065"}],"collection":[{"href":"https:\/\/www.cnbb.org.br\/cnbb-app\/wp\/v2\/posts"}],"about":[{"href":"https:\/\/www.cnbb.org.br\/cnbb-app\/wp\/v2\/types\/post"}],"author":[{"embeddable":true,"href":"https:\/\/www.cnbb.org.br\/cnbb-app\/wp\/v2\/users\/83"}],"replies":[{"embeddable":true,"href":"https:\/\/www.cnbb.org.br\/cnbb-app\/wp\/v2\/comments?post=7065"}],"version-history":[{"count":0,"href":"https:\/\/www.cnbb.org.br\/cnbb-app\/wp\/v2\/posts\/7065\/revisions"}],"wp:featuredmedia":[{"embeddable":true,"href":"https:\/\/www.cnbb.org.br\/cnbb-app\/wp\/v2\/media\/7066"}],"wp:attachment":[{"href":"https:\/\/www.cnbb.org.br\/cnbb-app\/wp\/v2\/media?parent=7065"}],"wp:term":[{"taxonomy":"category","embeddable":true,"href":"https:\/\/www.cnbb.org.br\/cnbb-app\/wp\/v2\/categories?post=7065"},{"taxonomy":"post_tag","embeddable":true,"href":"https:\/\/www.cnbb.org.br\/cnbb-app\/wp\/v2\/tags?post=7065"}],"curies":[{"name":"wp","href":"https:\/\/api.w.org\/{rel}","templated":true}]}}