{"id":7124,"date":"2017-06-14T00:00:00","date_gmt":"2017-06-14T03:00:00","guid":{"rendered":"https:\/\/www.cnbb.org.br\/corpus-christi-oficinas-para-producao-de-tapetes-resgata-tradicao-e-cultura-religiosa\/"},"modified":"2020-03-11T16:34:22","modified_gmt":"2020-03-11T19:34:22","slug":"corpus-christi-oficinas-para-producao-de-tapetes-resgata-tradicao-e-cultura-religiosa","status":"publish","type":"post","link":"https:\/\/www.cnbb.org.br\/corpus-christi-oficinas-para-producao-de-tapetes-resgata-tradicao-e-cultura-religiosa\/","title":{"rendered":"Corpus Christi: oficinas para produ\u00e7\u00e3o de tapetes resgatam tradi\u00e7\u00e3o"},"content":{"rendered":"<p style=\"text-align: justify;\">Duas par\u00f3quias da arquidiocese de Belo Horizonte (MG) est\u00e3o unidas na prepara\u00e7\u00e3o do tradicionais tapetes para a prociss\u00e3o com o Sant\u00edssimo Sacramento que acontecer\u00e1 nesta quinta-feira, dia 15 de junho, na celebra\u00e7\u00e3o da Solenidade de Corpus Christi. Localizadas na regi\u00e3o central da capital mineira, as par\u00f3quias Nossa Senhora da Boa Viagem &#8211; que \u00e9 o santu\u00e1rio arquidiocesano de Adora\u00e7\u00e3o Perp\u00e9tua &#8211; e S\u00e3o Jos\u00e9 s\u00e3o ligadas pela avenida Afonso Pena, numa dist\u00e2ncia de um quil\u00f4metro, que ser\u00e1 todo enfeitado com os tapetes produzidos por mais de mil volunt\u00e1rios.<\/p>\n<figure id=\"attachment_3017\" aria-describedby=\"caption-attachment-3017\" style=\"width: 225px\" class=\"wp-caption alignleft\"><img decoding=\"async\" loading=\"lazy\" class=\"size-medium wp-image-3017\" src=\"http:\/\/cnbb.net.br\/wp-content\/uploads\/2017\/06\/Tapetes-BH-1-225x300.jpg\" alt=\"\" width=\"225\" height=\"300\" \/><figcaption id=\"caption-attachment-3017\" class=\"wp-caption-text\"><em>Foto: Arquidiocese de Belo Horizonte (MG)\/divulga\u00e7\u00e3o<\/em><\/figcaption><\/figure>\n<p style=\"text-align: justify;\">Oficinas foram oferecidas no m\u00eas de maio e no in\u00edcio de junho para mais de mil volunt\u00e1rios que se cadastraram para participar. A iniciativa do mutir\u00e3o para confeccionar os tapetes com motivos lit\u00fargicos e religiosos \u201cveio para fortalecer ainda mais a comunh\u00e3o entre as par\u00f3quias da \u00e1rea central de Belo Horizonte\u201d, diz o reitor do Santu\u00e1rio de Adora\u00e7\u00e3o Perp\u00e9tua, padre Marcelo Carlos da Silva. A mobiliza\u00e7\u00e3o tamb\u00e9m serve para o resgate da tradi\u00e7\u00e3o e da cultura religiosa mineira, segundo o padre sacramentino. \u201cAl\u00e9m de uma forma de evangelizar, a confec\u00e7\u00e3o dos tapetes, que re\u00fane mais de mil volunt\u00e1rios, \u00e9 tamb\u00e9m uma express\u00e3o de arte, cultura, cren\u00e7as, valores e f\u00e9 crist\u00e3. Nesse mutir\u00e3o nos tornamos mais unidos, mais fortes no an\u00fancio do Evangelho\u201d, refor\u00e7a.<\/p>\n<p style=\"text-align: justify;\">As oficinas com os volunt\u00e1rios aconteceram nas pra\u00e7as das duas igrejas. Todo o material utilizado foi recolhido durante o ano. \u201cDamos prioridade para os recicl\u00e1veis. Tamb\u00e9m contamos com o apoio de toda a comunidade. Mesmo as pessoas que n\u00e3o est\u00e3o inscritas nas oficinas, v\u00e3o ao local para assistir, e institui\u00e7\u00f5es\u201d, conta padre Marcelo.<\/p>\n<figure id=\"attachment_3016\" aria-describedby=\"caption-attachment-3016\" style=\"width: 264px\" class=\"wp-caption alignright\"><img decoding=\"async\" loading=\"lazy\" class=\" wp-image-3016\" src=\"http:\/\/cnbb.net.br\/wp-content\/uploads\/2017\/06\/pe-marcelo-tapetes-BH-300x260.png\" alt=\"\" width=\"264\" height=\"229\" \/><figcaption id=\"caption-attachment-3016\" class=\"wp-caption-text\"><em>Foto: Arquidiocese de Belo Horizonte (MG)<\/em><\/figcaption><\/figure>\n<p style=\"text-align: justify;\">Segundo o p\u00e1roco da par\u00f3quia Nossa Senhora da Boa Viagem, o mutir\u00e3o tem crescido a cada ano, envolvendo crian\u00e7as, jovens, adultos e idosos. \u201cCada um participa de alguma forma nessa experi\u00eancia coletiva. Os idosos ajudam na equipe do caf\u00e9 que servimos, que se chama caf\u00e9 com f\u00e9. Integram a Pastoral da Pessoa Idosa, que se une aos volunt\u00e1rios para preparar e servir alimentos para os trabalhadores do mutir\u00e3o. Ou seja, o trabalho \u00e9 realizado em esp\u00edrito de muita comunh\u00e3o e unidade, o que proporciona o fortalecimento da f\u00e9 das pessoas. \u00c9 o que nos motiva, cada vez mais a proporcionar essa experi\u00eancia bonita na comunidade\u201d, testemunha.<\/p>\n<p style=\"text-align: justify;\">Mesmo sem uma proposta de levar as oficinas a outros lugares, os respons\u00e1veis pelo projeto colocaram-se \u00e0 disposi\u00e7\u00e3o para partilhar a experi\u00eancia com que desejar realiza-la tamb\u00e9m.<\/p>\n<p style=\"text-align: justify;\"><span style=\"color: #993300;\"><strong>Tapetes de Corpus Christi<\/strong><\/span><br \/>\nA tradi\u00e7\u00e3o dos tapetes que ornamentam a solenidade de Corpus Christi no Brasil tem origem nos imigrantes a\u00e7orianos, provenientes do arquip\u00e9lago dos A\u00e7ores, em Portugal. O Barroco, manifesta\u00e7\u00e3o art\u00edstica do s\u00e9culo XVII, enriqueceu a festa com suas caracter\u00edsticas e, desde a \u00e9poca colonial, uma profus\u00e3o de cores, a m\u00fasica e express\u00f5es de grandeza marcam a festa.<\/p>\n<p style=\"text-align: justify;\">Em um artigo, o arcebispo de Juiz de Fora (MG), dom Gil Ant\u00f4nio Moreira, destacou esse elemento como \u201ca express\u00e3o do sublime amor que oferecemos \u00e0quele que passa em nossa vida, como Rei dos reis, Senhor dos senhores, nos conduzindo para a beleza da vida feliz no banquete eterno\u201d.<\/p>\n","protected":false},"excerpt":{"rendered":"<p>Iniciativa reunir\u00e1 mais de mil volunt\u00e1rios para produ\u00e7\u00e3o de um quil\u00f4metro de arte religiosa no centro de BH para Solenidade nesta quinta<\/p>\n","protected":false},"author":83,"featured_media":0,"comment_status":"closed","ping_status":"open","sticky":false,"template":"","format":"standard","meta":{"site-sidebar-layout":"default","site-content-layout":"default","ast-global-header-display":"","ast-banner-title-visibility":"","ast-main-header-display":"","ast-hfb-above-header-display":"","ast-hfb-below-header-display":"","ast-hfb-mobile-header-display":"","site-post-title":"","ast-breadcrumbs-content":"","ast-featured-img":"","footer-sml-layout":"","theme-transparent-header-meta":"","adv-header-id-meta":"","stick-header-meta":"","header-above-stick-meta":"","header-main-stick-meta":"","header-below-stick-meta":""},"categories":[799],"tags":[],"acf":[],"_links":{"self":[{"href":"https:\/\/www.cnbb.org.br\/cnbb-app\/wp\/v2\/posts\/7124"}],"collection":[{"href":"https:\/\/www.cnbb.org.br\/cnbb-app\/wp\/v2\/posts"}],"about":[{"href":"https:\/\/www.cnbb.org.br\/cnbb-app\/wp\/v2\/types\/post"}],"author":[{"embeddable":true,"href":"https:\/\/www.cnbb.org.br\/cnbb-app\/wp\/v2\/users\/83"}],"replies":[{"embeddable":true,"href":"https:\/\/www.cnbb.org.br\/cnbb-app\/wp\/v2\/comments?post=7124"}],"version-history":[{"count":0,"href":"https:\/\/www.cnbb.org.br\/cnbb-app\/wp\/v2\/posts\/7124\/revisions"}],"wp:attachment":[{"href":"https:\/\/www.cnbb.org.br\/cnbb-app\/wp\/v2\/media?parent=7124"}],"wp:term":[{"taxonomy":"category","embeddable":true,"href":"https:\/\/www.cnbb.org.br\/cnbb-app\/wp\/v2\/categories?post=7124"},{"taxonomy":"post_tag","embeddable":true,"href":"https:\/\/www.cnbb.org.br\/cnbb-app\/wp\/v2\/tags?post=7124"}],"curies":[{"name":"wp","href":"https:\/\/api.w.org\/{rel}","templated":true}]}}