{"id":7208,"date":"2017-06-29T00:00:00","date_gmt":"2017-06-29T03:00:00","guid":{"rendered":"https:\/\/www.cnbb.org.br\/papa-uma-ponte-de-esperanca-e-paz\/"},"modified":"2017-06-29T00:00:00","modified_gmt":"2017-06-29T03:00:00","slug":"papa-uma-ponte-de-esperanca-e-paz","status":"publish","type":"post","link":"https:\/\/www.cnbb.org.br\/papa-uma-ponte-de-esperanca-e-paz\/","title":{"rendered":"Papa: uma ponte de esperan\u00e7a e paz"},"content":{"rendered":"<p style=\"text-align: justify;\">Dom Roberto Francisco Ferreria Paz<br \/>\nBispo de Campos, RJ<\/p>\n<p style=\"text-align: justify;\">A celebra\u00e7\u00e3o martirial dos Ap\u00f3stolos S\u00e3o Pedro e S\u00e3o Paulo, foi considerada, para o catolicismo, como uma segunda P\u00e1scoa, pois o sangue destas duas ra\u00edzes e fundamentos da Igreja ajudou em muito a convers\u00e3o da Roma Imperial, na Roma Santa. Esta festa destaca os dois olhos do rosto maternal da Igreja, as duas colunas que articulam o Povo de Deus, e os dois pulm\u00f5es que levam a comunidade eclesial \u00e0 din\u00e2mica sempre renovada da comunh\u00e3o e da miss\u00e3o.<\/p>\n<p style=\"text-align: justify;\">Comemoramos, neste data, o Dia do Papa, agradecendo a Deus pelo minist\u00e9rio petrino, centro de unidade e de presid\u00eancia e primazia da caridade que deve sempre orientar e formar os crist\u00e3os. O of\u00edcio, ou fun\u00e7\u00e3o, de Pedro, faz refer\u00eancia ao substantivo: ser pedra, fundamento, rocha que sustenta e d\u00e1 abrigo como as grutas na Palestina.<\/p>\n<p style=\"text-align: justify;\">Mas, tamb\u00e9m tem a ver com ser ponte, ponte simples, sim, mas de firmeza e resili\u00eancia a toda prova, que nunca vai desabar e que aguenta qualquer peso. Ponte aberta ao infinito, que comunica povos e na\u00e7\u00f5es, que irmana e une as pessoas numa s\u00f3 fam\u00edlia sem fronteiras nem divis\u00f5es. Ainda, este minist\u00e9rio respira a aud\u00e1cia do pescador e do experiente timoneiro que sempre se direciona mar adentro. A nave de Pedro n\u00e3o afunda, sempre conduz ao logradouro, o porto seguro do Bom Pastor Jesus Cristo, o Salvador.<\/p>\n<p style=\"text-align: justify;\">Por isso, o semblante do Papa sempre irradiar\u00e1 esperan\u00e7a e paz, como peregrino de Cristo e caminheiro da solidariedade e da conc\u00f3rdia, o amigo e irm\u00e3o dos pobres do mundo inteiro.<\/p>\n<p style=\"text-align: justify;\">Neste dia, fazemos quest\u00e3o de renovar ao Papa Francisco nossa incondicional fidelidade e comunh\u00e3o, nossa d\u00f3cil obedi\u00eancia e venera\u00e7\u00e3o, e nossa alegria de caminhar juntos numa Igreja sinodal, em processo de sa\u00edda, de olharmos juntos na mesma dire\u00e7\u00e3o, e tamb\u00e9m nos envergarmos e dialogar como numa Igreja poliedro, partilhando a corresponsabilidade e a miss\u00e3o de anunciar a Cristo para todas as criaturas. Que o Senhor o proteja e o ilumine e lhe conceda um pontificado luminoso e feliz, sendo sempre o doce rosto de Cristo na Terra como afirmava Santa Catarina de Sena. Deus seja louvado!<\/p>\n<p>&nbsp;<\/p>\n","protected":false},"excerpt":{"rendered":"<p>Dom Roberto Francisco Ferreria Paz Bispo de Campos, RJ A celebra\u00e7\u00e3o martirial dos Ap\u00f3stolos S\u00e3o Pedro e S\u00e3o Paulo, foi considerada, para o catolicismo, como uma segunda P\u00e1scoa, pois o sangue destas duas ra\u00edzes e fundamentos da Igreja ajudou em muito a convers\u00e3o da Roma Imperial, na Roma Santa. Esta festa destaca os dois olhos &hellip;<\/p>\n<p class=\"read-more\"> <a class=\"\" href=\"https:\/\/www.cnbb.org.br\/papa-uma-ponte-de-esperanca-e-paz\/\"> <span class=\"screen-reader-text\">Papa: uma ponte de esperan\u00e7a e paz<\/span> Leia mais &raquo;<\/a><\/p>\n","protected":false},"author":23,"featured_media":0,"comment_status":"closed","ping_status":"open","sticky":false,"template":"","format":"standard","meta":{"site-sidebar-layout":"default","site-content-layout":"default","ast-global-header-display":"","ast-banner-title-visibility":"","ast-main-header-display":"","ast-hfb-above-header-display":"","ast-hfb-below-header-display":"","ast-hfb-mobile-header-display":"","site-post-title":"","ast-breadcrumbs-content":"","ast-featured-img":"","footer-sml-layout":"","theme-transparent-header-meta":"","adv-header-id-meta":"","stick-header-meta":"","header-above-stick-meta":"","header-main-stick-meta":"","header-below-stick-meta":""},"categories":[758],"tags":[],"acf":[],"_links":{"self":[{"href":"https:\/\/www.cnbb.org.br\/cnbb-app\/wp\/v2\/posts\/7208"}],"collection":[{"href":"https:\/\/www.cnbb.org.br\/cnbb-app\/wp\/v2\/posts"}],"about":[{"href":"https:\/\/www.cnbb.org.br\/cnbb-app\/wp\/v2\/types\/post"}],"author":[{"embeddable":true,"href":"https:\/\/www.cnbb.org.br\/cnbb-app\/wp\/v2\/users\/23"}],"replies":[{"embeddable":true,"href":"https:\/\/www.cnbb.org.br\/cnbb-app\/wp\/v2\/comments?post=7208"}],"version-history":[{"count":0,"href":"https:\/\/www.cnbb.org.br\/cnbb-app\/wp\/v2\/posts\/7208\/revisions"}],"wp:attachment":[{"href":"https:\/\/www.cnbb.org.br\/cnbb-app\/wp\/v2\/media?parent=7208"}],"wp:term":[{"taxonomy":"category","embeddable":true,"href":"https:\/\/www.cnbb.org.br\/cnbb-app\/wp\/v2\/categories?post=7208"},{"taxonomy":"post_tag","embeddable":true,"href":"https:\/\/www.cnbb.org.br\/cnbb-app\/wp\/v2\/tags?post=7208"}],"curies":[{"name":"wp","href":"https:\/\/api.w.org\/{rel}","templated":true}]}}