{"id":7217,"date":"2017-07-04T00:00:00","date_gmt":"2017-07-04T03:00:00","guid":{"rendered":"https:\/\/www.cnbb.org.br\/divulgado-hino-oficial-da-jmj-2019-no-panama\/"},"modified":"2017-07-04T00:00:00","modified_gmt":"2017-07-04T03:00:00","slug":"divulgado-hino-oficial-da-jmj-2019-no-panama","status":"publish","type":"post","link":"https:\/\/www.cnbb.org.br\/divulgado-hino-oficial-da-jmj-2019-no-panama\/","title":{"rendered":"Divulgado hino oficial da Jornada Mundial da Juventude de 2019 no Panam\u00e1"},"content":{"rendered":"<p style=\"text-align: justify;\">O hino oficial da Jornada Mundial da Juventude (JMJ) 2019 foi divulgado nesta segunda-feira, 3 de julho, na capital do pa\u00eds, na presen\u00e7a de milhares de jovens, leigos e religiosos.<\/p>\n<p style=\"text-align: justify;\">\u201cEis-me aqui, sou a serva do Senhor: fa\u00e7a-se em mim segundo a tua palavra\u201d: este vers\u00edculo do Evangelho de Lucas (1,38) \u00e9 o refr\u00e3o da m\u00fasica da 34\u00aa Jornada Mundial da Juventude. A letra exorta os jovens a viverem seguindo o exemplo de Maria e venceu em meio a 50 propostas, analisadas tamb\u00e9m pelo Dicast\u00e9rio vaticano para os Leigos, a Fam\u00edlia e a Vida.<\/p>\n<p style=\"text-align: justify;\">\u201cEste hino \u2013 explicou o Arcebispo de Cidade do Panam\u00e1, Dom Jos\u00e9 Domingo Ulloa Mendieta \u2013 expressa a miss\u00e3o \u00e0 qual somos chamados como disc\u00edpulos e mission\u00e1rios, a exemplo de Maria\u201d. \u201cEstamos entusiasmados de coloc\u00e1-lo \u00e0 disposi\u00e7\u00e3o dos jovens de todo o mundo, para que, cantando, se preparem com alegria e predisposi\u00e7\u00e3o para se deixar transformar por Deus\u201d.<\/p>\n<p style=\"text-align: justify;\">[ot-video]<iframe loading=\"lazy\" src=\"https:\/\/www.youtube.com\/embed\/lN6nErqWPuk\" width=\"560\" height=\"315\" frameborder=\"0\" allowfullscreen=\"allowfullscreen\"><\/iframe>[\/ot-video]<\/p>\n<p style=\"text-align: justify;\">O hino foi escrito e composto por Abdiel Jim\u00e9nez, catequista e salmista da Par\u00f3quia de Cristo Ressuscitado, em San Miguelito, autor de v\u00e1rios cantos lit\u00fargicos, membro de corais e formado na Faculdade de Ci\u00eancias Religiosas da Universidade cat\u00f3lica de Santa Maria La Antigua.<\/p>\n<p style=\"text-align: justify;\">A JMJ Panam\u00e1 2019 foi anunciada pelo Papa Francisco na conclus\u00e3o da edi\u00e7\u00e3o polonesa, em Crac\u00f3via, em 2016. O evento ser\u00e1 realizado de 22 a 27 de janeiro, sobre o tema \u201cEu sou a serva do Senhor: fa\u00e7a-se em mim segundo a tua palavra\u201d.<\/p>\n<h6 style=\"text-align: justify;\">Com informa\u00e7\u00f5es da R\u00e1dio Vaticano<\/h6>\n","protected":false},"excerpt":{"rendered":"<p>\u201cEis-me aqui, sou a serva do Senhor: fa\u00e7a-se em mim segundo a tua palavra\u201d: este vers\u00edculo do Evangelho de Lucas (1,38) \u00e9 o refr\u00e3o da m\u00fasica<\/p>\n","protected":false},"author":83,"featured_media":7218,"comment_status":"closed","ping_status":"open","sticky":false,"template":"","format":"standard","meta":{"site-sidebar-layout":"default","site-content-layout":"default","ast-global-header-display":"","ast-banner-title-visibility":"","ast-main-header-display":"","ast-hfb-above-header-display":"","ast-hfb-below-header-display":"","ast-hfb-mobile-header-display":"","site-post-title":"","ast-breadcrumbs-content":"","ast-featured-img":"","footer-sml-layout":"","theme-transparent-header-meta":"","adv-header-id-meta":"","stick-header-meta":"","header-above-stick-meta":"","header-main-stick-meta":"","header-below-stick-meta":""},"categories":[785,843],"tags":[],"acf":[],"_links":{"self":[{"href":"https:\/\/www.cnbb.org.br\/cnbb-app\/wp\/v2\/posts\/7217"}],"collection":[{"href":"https:\/\/www.cnbb.org.br\/cnbb-app\/wp\/v2\/posts"}],"about":[{"href":"https:\/\/www.cnbb.org.br\/cnbb-app\/wp\/v2\/types\/post"}],"author":[{"embeddable":true,"href":"https:\/\/www.cnbb.org.br\/cnbb-app\/wp\/v2\/users\/83"}],"replies":[{"embeddable":true,"href":"https:\/\/www.cnbb.org.br\/cnbb-app\/wp\/v2\/comments?post=7217"}],"version-history":[{"count":0,"href":"https:\/\/www.cnbb.org.br\/cnbb-app\/wp\/v2\/posts\/7217\/revisions"}],"wp:featuredmedia":[{"embeddable":true,"href":"https:\/\/www.cnbb.org.br\/cnbb-app\/wp\/v2\/media\/7218"}],"wp:attachment":[{"href":"https:\/\/www.cnbb.org.br\/cnbb-app\/wp\/v2\/media?parent=7217"}],"wp:term":[{"taxonomy":"category","embeddable":true,"href":"https:\/\/www.cnbb.org.br\/cnbb-app\/wp\/v2\/categories?post=7217"},{"taxonomy":"post_tag","embeddable":true,"href":"https:\/\/www.cnbb.org.br\/cnbb-app\/wp\/v2\/tags?post=7217"}],"curies":[{"name":"wp","href":"https:\/\/api.w.org\/{rel}","templated":true}]}}