{"id":7249,"date":"2017-07-06T00:00:00","date_gmt":"2017-07-06T03:00:00","guid":{"rendered":"https:\/\/www.cnbb.org.br\/julho-mes-da-saude-e-da-amizade\/"},"modified":"2017-07-06T00:00:00","modified_gmt":"2017-07-06T03:00:00","slug":"julho-mes-da-saude-e-da-amizade","status":"publish","type":"post","link":"https:\/\/www.cnbb.org.br\/julho-mes-da-saude-e-da-amizade\/","title":{"rendered":"Julho, m\u00eas da sa\u00fade e da amizade"},"content":{"rendered":"<p style=\"text-align: right;\"><strong>Dom Roberto Francisco Ferreria Paz<\/strong><br \/>\n<strong>Bispo de Campos (RJ)<\/strong><\/p>\n<p>&nbsp;<\/p>\n<p style=\"text-align: justify;\">Iniciamos o segundo semestre com a sensa\u00e7\u00e3o de que o tempo passa cada vez mais r\u00e1pido, retomando, com expectativas e esperan\u00e7a, esta segunda metade do ano para que busquemos alcan\u00e7ar as metas e prop\u00f3sitos que nos desafiaram na entrada no novo calend\u00e1rio.<\/p>\n<p>Julho \u00e9 um m\u00eas que nos lembra a sa\u00fade, talvez pelo frio do inverno que sempre desperta um motivo de cuidado e preocupa\u00e7\u00e3o para com as crian\u00e7as e idosos. Comemoramos a luta contra a tuberculose, com a vacina BCG; o dia do Hospital, hoje em situa\u00e7\u00e3o calamitosa, precisando de recursos b\u00e1sicos e de profissionais que sejam valorizados e remunerados; o dia da sa\u00fade ocular, que n\u00e3o nos faz esquecer do devido atendimento \u00e0 miopia, \u00e0s cataratas, mas tamb\u00e9m das dificuldades com o glaucoma e com a falta de doadores de c\u00f3rneas. Por isso, nos d\u00e1 muita alegria a festa de S\u00e3o Camilo, padroeiro da Pastoral da Sa\u00fade, dos m\u00e9dicos e enfermeiros que, com zelo e solicitude, encontram Cristo no rosto e sofrimento dos enfermos, n\u00e3o poupando esfor\u00e7os em servi-los e restaur\u00e1-los em suas necessidades e dores.<\/p>\n<p>Mas, julho \u00e9 tamb\u00e9m o m\u00eas que faz louvar e agradecer pelo grande e precioso tesouro dos amigos que temos. Eles nos d\u00e3o suporte, dando leveza e carinho \u00e0 nossa vida, aquecendo sempre o nosso cora\u00e7\u00e3o. Os amigos tornam a nossa caminhada mais amorosa, mais fraterna e solid\u00e1ria. Sempre \u00e9 bom honr\u00e1-los, recordando que s\u00e3o os irm\u00e3os que escolhemos e que sempre pertencer\u00e3o \u00e0 nossa fam\u00edlia espiritual. Com Santa Marta aprendemos a acolh\u00ea-los e dar-lhes hospedagem em nosso cora\u00e7\u00e3o, guardando confid\u00eancias, partilhando emo\u00e7\u00f5es e sempre encorajando-os em seus projetos e empreendimentos.<\/p>\n<p>Que Jesus, o amigo e companheiro de todas as horas e jornadas, nos conceda uma sa\u00fade integral e ser generoso e grato para com nossos amigos, imitando o Bom Pastor que nos ensina que n\u00e3o h\u00e1 maior amor que aquele que d\u00e1 a vida pelos seus amigos. Deus seja louvado!<\/p>\n<p>&nbsp;<\/p>\n","protected":false},"excerpt":{"rendered":"<p>Dom Roberto Francisco Ferreria Paz Bispo de Campos (RJ) &nbsp; Iniciamos o segundo semestre com a sensa\u00e7\u00e3o de que o tempo passa cada vez mais r\u00e1pido, retomando, com expectativas e esperan\u00e7a, esta segunda metade do ano para que busquemos alcan\u00e7ar as metas e prop\u00f3sitos que nos desafiaram na entrada no novo calend\u00e1rio. Julho \u00e9 um &hellip;<\/p>\n<p class=\"read-more\"> <a class=\"\" href=\"https:\/\/www.cnbb.org.br\/julho-mes-da-saude-e-da-amizade\/\"> <span class=\"screen-reader-text\">Julho, m\u00eas da sa\u00fade e da amizade<\/span> Leia mais &raquo;<\/a><\/p>\n","protected":false},"author":23,"featured_media":0,"comment_status":"closed","ping_status":"open","sticky":false,"template":"","format":"standard","meta":{"site-sidebar-layout":"default","site-content-layout":"default","ast-global-header-display":"","ast-banner-title-visibility":"","ast-main-header-display":"","ast-hfb-above-header-display":"","ast-hfb-below-header-display":"","ast-hfb-mobile-header-display":"","site-post-title":"","ast-breadcrumbs-content":"","ast-featured-img":"","footer-sml-layout":"","theme-transparent-header-meta":"","adv-header-id-meta":"","stick-header-meta":"","header-above-stick-meta":"","header-main-stick-meta":"","header-below-stick-meta":""},"categories":[758],"tags":[],"acf":[],"_links":{"self":[{"href":"https:\/\/www.cnbb.org.br\/cnbb-app\/wp\/v2\/posts\/7249"}],"collection":[{"href":"https:\/\/www.cnbb.org.br\/cnbb-app\/wp\/v2\/posts"}],"about":[{"href":"https:\/\/www.cnbb.org.br\/cnbb-app\/wp\/v2\/types\/post"}],"author":[{"embeddable":true,"href":"https:\/\/www.cnbb.org.br\/cnbb-app\/wp\/v2\/users\/23"}],"replies":[{"embeddable":true,"href":"https:\/\/www.cnbb.org.br\/cnbb-app\/wp\/v2\/comments?post=7249"}],"version-history":[{"count":0,"href":"https:\/\/www.cnbb.org.br\/cnbb-app\/wp\/v2\/posts\/7249\/revisions"}],"wp:attachment":[{"href":"https:\/\/www.cnbb.org.br\/cnbb-app\/wp\/v2\/media?parent=7249"}],"wp:term":[{"taxonomy":"category","embeddable":true,"href":"https:\/\/www.cnbb.org.br\/cnbb-app\/wp\/v2\/categories?post=7249"},{"taxonomy":"post_tag","embeddable":true,"href":"https:\/\/www.cnbb.org.br\/cnbb-app\/wp\/v2\/tags?post=7249"}],"curies":[{"name":"wp","href":"https:\/\/api.w.org\/{rel}","templated":true}]}}