{"id":7253,"date":"2017-07-07T00:00:00","date_gmt":"2017-07-07T03:00:00","guid":{"rendered":"https:\/\/www.cnbb.org.br\/viver-o-presente\/"},"modified":"2017-07-07T00:00:00","modified_gmt":"2017-07-07T03:00:00","slug":"viver-o-presente","status":"publish","type":"post","link":"https:\/\/www.cnbb.org.br\/viver-o-presente\/","title":{"rendered":"Viver o presente"},"content":{"rendered":"<p style=\"text-align: right;\"><strong>Dom Rodolfo Lu\u00eds Weber<\/strong><br \/>\n<strong>Arcebispo de Passo Fundo<\/strong><\/p>\n<p>&nbsp;<\/p>\n<p style=\"text-align: justify;\">O ano de 2017 est\u00e1 na metade. A sensa\u00e7\u00e3o da maioria das pessoas \u00e9 que o tempo est\u00e1 passando depressa. As express\u00f5es confirmam: j\u00e1 se foram seis meses, mais um ano de vida, ainda n\u00e3o consegui realizar ou n\u00e3o aconteceu o que tinha planejado. Enfim, cada pessoa tem sua viv\u00eancia do tempo. A reflex\u00e3o sobre o tempo questiona e ajuda a viver conscientemente. Onde ocupo o meu tempo? O que \u00e9 importante? Do modo como vivi at\u00e9 aqui mudou ou acrescentou algo na minha vida e na constru\u00e7\u00e3o do mundo?<\/p>\n<p>Nos santos Evangelhos Jesus ensina, em v\u00e1rios momentos, sobre vigiar, estar atento, viver esperando, n\u00e3o ser surpreendido, viver a hora. Todos estes textos s\u00e3o muito provocativos e mostram que a vida precisa ser vivida intensamente no tempo presente. Se n\u00e3o for assim n\u00e3o haver\u00e1 passado e nem futuro.<\/p>\n<p>O pensador, fil\u00f3sofo crist\u00e3o, matem\u00e1tico Blaise Pascal (1623 + 1662) refletindo sobre o tempo escreveu na obra Pensamentos. \u201cNunca estamos no tempo presente. Antecipamos o futuro no af\u00e3 de acelerar o curso de algo que demorar\u00e1 muito a chegar, ou relembramos o passado na tentativa de det\u00ea-lo, como algo que passa r\u00e1pido demais: somos t\u00e3o ing\u00eanuos que vagamos por tempos que n\u00e3o s\u00e3o os nossos e n\u00e3o pensamos no \u00fanico que realmente nos pertence, somos t\u00e3o v\u00e3os que sonhamos com tempos que n\u00e3o existem e nos evadimos sem refletir sobre o \u00fanico tempo que realmente temos. \u00c9 que o presente costuma nos ferir. N\u00f3s o tiramos de vista quando nos aflige e nos afligimos quando ele nos faz feliz, pois o sabemos fugaz e vemos como escorre por entre nossos dedos. Tentamos sustent\u00e1-lo com o futuro e dispor das coisas que n\u00e3o est\u00e3o ao nosso alcance, por um tempo que n\u00e3o temos qualquer certeza de que chegar\u00e1.<\/p>\n<p>Examinamos nossos pensamentos: n\u00f3s os encontraremos sempre entretidos com o passado ou com o futuro. Quase n\u00e3o pensamos sobre o presente e, quando isso acontece, \u00e9 apenas para iluminar o que vir\u00e1. O presente nunca \u00e9 nosso fim: o passado e o presente s\u00e3o os meios, e nosso fim, o futuro.<br \/>\nAssim n\u00e3o vivemos, apenas esperamos pela vida e, ao estar sempre procurando a felicidade, \u00e9 inevit\u00e1vel que nunca a encontremos\u201d.<\/p>\n<p>Blaise Pascal afirma que o presente fere e faz sofrer. Se o momento \u00e9 belo e agrad\u00e1vel, n\u00e3o queremos que passe, desejamos imortaliz\u00e1-lo. Se o presente \u00e9 de sofrimento queremos apressar a sua passagem ou escond\u00ea-lo. S\u00e3o duas a\u00e7\u00f5es que est\u00e3o fora do nosso alcance, por isso o presente fere.<\/p>\n<p style=\"text-align: justify;\">Esta cita\u00e7\u00e3o, um tanto longa, mas muito interessante de Blaise Pascal, encoraja a viver intensamente o agora que \u00e9 um exerc\u00edcio mental e um trabalho espiritual. Vivemos no presente e somos nele. Assim como o caminhante para desfrutar do passeio precisa valorizar cada passo e n\u00e3o apenas o ponto de chegada. Isto requer um olhar atento para cada momento, um esp\u00edrito receptivo para n\u00e3o escapar nenhum detalhe. Estar presente \u00e9 lutar contra as duas principais formas de aus\u00eancia: a do passado e a do futuro. O importante \u00e9 podermos dizer que estivemos presentes.<\/p>\n","protected":false},"excerpt":{"rendered":"<p>Dom Rodolfo Lu\u00eds Weber Arcebispo de Passo Fundo &nbsp; O ano de 2017 est\u00e1 na metade. A sensa\u00e7\u00e3o da maioria das pessoas \u00e9 que o tempo est\u00e1 passando depressa. As express\u00f5es confirmam: j\u00e1 se foram seis meses, mais um ano de vida, ainda n\u00e3o consegui realizar ou n\u00e3o aconteceu o que tinha planejado. Enfim, cada &hellip;<\/p>\n<p class=\"read-more\"> <a class=\"\" href=\"https:\/\/www.cnbb.org.br\/viver-o-presente\/\"> <span class=\"screen-reader-text\">Viver o presente<\/span> Leia mais &raquo;<\/a><\/p>\n","protected":false},"author":27,"featured_media":0,"comment_status":"closed","ping_status":"open","sticky":false,"template":"","format":"standard","meta":{"site-sidebar-layout":"default","site-content-layout":"default","ast-global-header-display":"","ast-banner-title-visibility":"","ast-main-header-display":"","ast-hfb-above-header-display":"","ast-hfb-below-header-display":"","ast-hfb-mobile-header-display":"","site-post-title":"","ast-breadcrumbs-content":"","ast-featured-img":"","footer-sml-layout":"","theme-transparent-header-meta":"","adv-header-id-meta":"","stick-header-meta":"","header-above-stick-meta":"","header-main-stick-meta":"","header-below-stick-meta":""},"categories":[758],"tags":[],"acf":[],"_links":{"self":[{"href":"https:\/\/www.cnbb.org.br\/cnbb-app\/wp\/v2\/posts\/7253"}],"collection":[{"href":"https:\/\/www.cnbb.org.br\/cnbb-app\/wp\/v2\/posts"}],"about":[{"href":"https:\/\/www.cnbb.org.br\/cnbb-app\/wp\/v2\/types\/post"}],"author":[{"embeddable":true,"href":"https:\/\/www.cnbb.org.br\/cnbb-app\/wp\/v2\/users\/27"}],"replies":[{"embeddable":true,"href":"https:\/\/www.cnbb.org.br\/cnbb-app\/wp\/v2\/comments?post=7253"}],"version-history":[{"count":0,"href":"https:\/\/www.cnbb.org.br\/cnbb-app\/wp\/v2\/posts\/7253\/revisions"}],"wp:attachment":[{"href":"https:\/\/www.cnbb.org.br\/cnbb-app\/wp\/v2\/media?parent=7253"}],"wp:term":[{"taxonomy":"category","embeddable":true,"href":"https:\/\/www.cnbb.org.br\/cnbb-app\/wp\/v2\/categories?post=7253"},{"taxonomy":"post_tag","embeddable":true,"href":"https:\/\/www.cnbb.org.br\/cnbb-app\/wp\/v2\/tags?post=7253"}],"curies":[{"name":"wp","href":"https:\/\/api.w.org\/{rel}","templated":true}]}}