{"id":7334,"date":"2017-07-24T00:00:00","date_gmt":"2017-07-24T03:00:00","guid":{"rendered":"https:\/\/www.cnbb.org.br\/um-tributo-a-vida\/"},"modified":"2017-07-24T00:00:00","modified_gmt":"2017-07-24T03:00:00","slug":"um-tributo-a-vida","status":"publish","type":"post","link":"https:\/\/www.cnbb.org.br\/um-tributo-a-vida\/","title":{"rendered":"Um tributo \u00e0 vida"},"content":{"rendered":"<p style=\"text-align: right;\"><strong>Dom Jos\u00e9 Gislon<\/strong><br \/>\n<strong>Bispo de Erexim<\/strong><\/p>\n<p>&nbsp;<\/p>\n<p style=\"text-align: justify;\">Estimados Diocesanos! Na segunda quinzena do m\u00eas de julho, comemoramos o dia do motorista, do agricultor\/a e dos av\u00f3s. S\u00e3o datas que podem passar despercebidas por muitas pessoas, mas que envolvem, no contexto da nossa sociedade do Alto Uruguai ga\u00facho, uma grande porcentagem da nossa popula\u00e7\u00e3o.<\/p>\n<p style=\"text-align: justify;\">Por isso, quero prestar meu tributo \u00e0 vida dos milhares de agricultores\/as da nossa regi\u00e3o que manifestam amor pelo cultivo da terra, pelo trabalho em fam\u00edlia, pela vida de f\u00e9 celebrada na fam\u00edlia e em comunidade. S\u00e3o milhares de homens, mulheres e jovens, que trabalham na agricultura, na qual a hist\u00f3ria da vida \u00e9 contada a partir da realidade do trabalho, da fam\u00edlia e da comunidade de f\u00e9, constru\u00edda na solidariedade e mantida na disponibilidade do amor servi\u00e7o pela causa do Reino.<\/p>\n<p style=\"text-align: justify;\">Conhecendo a realidade do povo de Deus das nossas comunidades, creio ser oportuno recordar uma frase da grande poetisa goiana Cora Coralina: <em>\u201cO que vale na vida n\u00e3o \u00e9 o ponto de partida e sim a caminhada. Caminhando e semeando, no fim ter\u00e1s o que colher\u201d.<\/em> O ponto de partida para muitos dos nossos pais e av\u00f3s, que vivem ou viveram no campo, foi de muito trabalho, sacrif\u00edcio e pouco conforto, onde a vida era colocada nas m\u00e3os de Deus a cada manh\u00e3.\u00a0 Hoje podem olhar o passado e o caminho percorrido, tendo no cora\u00e7\u00e3o aquela paz dos que foram duramente provados pelas realidades da vida, mas em todas elas foram vencedores.<\/p>\n<p style=\"text-align: justify;\">As m\u00e3os calejadas de nossos pais e av\u00f3s contribu\u00edram para que as novas gera\u00e7\u00f5es pudessem ter oportunidades que eles n\u00e3o tiveram, na educa\u00e7\u00e3o e no mundo profissional. Por isso, \u00e9 importante termos presente a nossa hist\u00f3ria pessoal e familiar, feita muitas vezes de grandes sonhos e pequenos passos, de muito trabalho, esperan\u00e7a e f\u00e9 atrav\u00e9s das gera\u00e7\u00f5es.<\/p>\n<p style=\"text-align: justify;\">Quero manifestar minha gratid\u00e3o aos agricultores\/as da nossa Diocese, aos av\u00f3s, guardi\u00e3es da mem\u00f3ria viva das grandes mudan\u00e7as que aconteceram na nossa regi\u00e3o. Aos motoristas que percorrem tantos caminhos, que tenham sempre presente o caminho do amor pela vida.<\/p>\n<p>&nbsp;<\/p>\n<p>&nbsp;<\/p>\n","protected":false},"excerpt":{"rendered":"<p>Dom Jos\u00e9 Gislon Bispo de Erexim &nbsp; Estimados Diocesanos! Na segunda quinzena do m\u00eas de julho, comemoramos o dia do motorista, do agricultor\/a e dos av\u00f3s. S\u00e3o datas que podem passar despercebidas por muitas pessoas, mas que envolvem, no contexto da nossa sociedade do Alto Uruguai ga\u00facho, uma grande porcentagem da nossa popula\u00e7\u00e3o. Por isso, &hellip;<\/p>\n<p class=\"read-more\"> <a class=\"\" href=\"https:\/\/www.cnbb.org.br\/um-tributo-a-vida\/\"> <span class=\"screen-reader-text\">Um tributo \u00e0 vida<\/span> Leia mais &raquo;<\/a><\/p>\n","protected":false},"author":20,"featured_media":0,"comment_status":"closed","ping_status":"open","sticky":false,"template":"","format":"standard","meta":{"site-sidebar-layout":"default","site-content-layout":"default","ast-global-header-display":"","ast-banner-title-visibility":"","ast-main-header-display":"","ast-hfb-above-header-display":"","ast-hfb-below-header-display":"","ast-hfb-mobile-header-display":"","site-post-title":"","ast-breadcrumbs-content":"","ast-featured-img":"","footer-sml-layout":"","theme-transparent-header-meta":"","adv-header-id-meta":"","stick-header-meta":"","header-above-stick-meta":"","header-main-stick-meta":"","header-below-stick-meta":""},"categories":[758],"tags":[],"acf":[],"_links":{"self":[{"href":"https:\/\/www.cnbb.org.br\/cnbb-app\/wp\/v2\/posts\/7334"}],"collection":[{"href":"https:\/\/www.cnbb.org.br\/cnbb-app\/wp\/v2\/posts"}],"about":[{"href":"https:\/\/www.cnbb.org.br\/cnbb-app\/wp\/v2\/types\/post"}],"author":[{"embeddable":true,"href":"https:\/\/www.cnbb.org.br\/cnbb-app\/wp\/v2\/users\/20"}],"replies":[{"embeddable":true,"href":"https:\/\/www.cnbb.org.br\/cnbb-app\/wp\/v2\/comments?post=7334"}],"version-history":[{"count":0,"href":"https:\/\/www.cnbb.org.br\/cnbb-app\/wp\/v2\/posts\/7334\/revisions"}],"wp:attachment":[{"href":"https:\/\/www.cnbb.org.br\/cnbb-app\/wp\/v2\/media?parent=7334"}],"wp:term":[{"taxonomy":"category","embeddable":true,"href":"https:\/\/www.cnbb.org.br\/cnbb-app\/wp\/v2\/categories?post=7334"},{"taxonomy":"post_tag","embeddable":true,"href":"https:\/\/www.cnbb.org.br\/cnbb-app\/wp\/v2\/tags?post=7334"}],"curies":[{"name":"wp","href":"https:\/\/api.w.org\/{rel}","templated":true}]}}