{"id":7336,"date":"2017-07-24T00:00:00","date_gmt":"2017-07-24T03:00:00","guid":{"rendered":"https:\/\/www.cnbb.org.br\/tempo-de-sabedoria\/"},"modified":"2017-07-24T00:00:00","modified_gmt":"2017-07-24T03:00:00","slug":"tempo-de-sabedoria","status":"publish","type":"post","link":"https:\/\/www.cnbb.org.br\/tempo-de-sabedoria\/","title":{"rendered":"Tempo de sabedoria"},"content":{"rendered":"<p style=\"text-align: right;\"><strong>Cardeal Orani Jo\u00e3o Tempesta<br \/>\n<\/strong><strong>Arcebispo do Rio de Janeiro (RJ)<\/strong><\/p>\n<p>&nbsp;<\/p>\n<p style=\"text-align: justify;\">No pr\u00f3ximo dia 26, mem\u00f3ria de S\u00e3o Joaquim e Santana comemoraremos tamb\u00e9m o dia dos av\u00f3s. Nesse dia, h\u00e1 quatro anos, durante a JMJ, o Papa Francisco rezou um belo \u00e2ngelus na sacada do Pal\u00e1cio S\u00e3o Joaquim recordando esse dia. Por\u00e9m, neste ano, o Papa utilizou essa compara\u00e7\u00e3o lembrando que n\u00f3s, na Igreja, n\u00e3o somos \u201cvelhos idosos\u201d, que o Papa chamou \u201cgerontes\u201d, mas sim av\u00f3s.<\/p>\n<p style=\"text-align: justify;\">Numa bela compara\u00e7\u00e3o o Papa Francisco, ao comemorar os seus 25 anos de elei\u00e7\u00e3o episcopal, no dia 27 de junho pr\u00f3ximo passado, na Capela Paulina, em Roma, na sua homilia da missa de a\u00e7\u00e3o de gra\u00e7as, disse que se sentia alegre e feliz de ser av\u00f4: \u201cE se n\u00e3o sentirmos isto, devemos pedir a gra\u00e7a de o sentir. Av\u00f4s para os quais os nossos netinhos olham. Av\u00f4s que lhes devem dar um sentido da vida com a nossa experi\u00eancia. Av\u00f4s n\u00e3o fechados na melancolia da nossa hist\u00f3ria, mas abertos para dar isto. E para n\u00f3s, o \u201cLevanta-te, olha e espera\u201d, chama-se \u201csonhar\u201d. <a href=\"http:\/\/br.radiovaticana.va\/news\/2017\/06\/27\/papa_festeja_25_anos_de_ordena%C3%A7%C3%A3o_episcopal\/1321586\" target=\"_blank\" rel=\"noopener\">http:\/\/br.radiovaticana.va\/news\/2017\/06\/27\/papa_festeja_25_anos_de_ordena%C3%A7%C3%A3o_episcopal\/1321586<\/a><\/p>\n<p style=\"text-align: justify;\">\u201cSomos chamados a sonhar e a transmitir o nosso sonho \u00e0 juventude de hoje: ela precisa disto. Porque os jovens encontrar\u00e3o nos nossos sonhos a for\u00e7a para profetizar e para cumprir a sua tarefa\u201d.<\/p>\n<p style=\"text-align: justify;\">O Papa Francisco, lembrando Sime\u00e3o e Ana (Lc 2,21-38) exaltou a capacidade de sonhar de Sime\u00e3o e de Ana e interpelou aos cardeais que concelebravam essa eucaristia, \u00a0que tenham a mesma capacidade de sonhar que tinham Sime\u00e3o e Ana: \u201cPara termos a vitalidade de dar aos jovens, porque \u00e9 o que eles esperam de n\u00f3s; para n\u00e3o nos fecharmos, para darmos o nosso melhor: eles contam com a nossa experi\u00eancia, com os nossos sonhos positivos para levar em frente a profecia e o trabalho\u201d<\/p>\n<p style=\"text-align: justify;\">O Papa Francisco nos pediu a gra\u00e7a de sermos av\u00f4s: \u201cPe\u00e7o ao Senhor que d\u00ea a todos n\u00f3s esta gra\u00e7a, tamb\u00e9m para quem ainda n\u00e3o \u00e9 av\u00f4\u201d. \u201c<strong>A gra\u00e7a de ser av\u00f4s, a gra\u00e7a de sonhar e dar esse sonho aos nossos jovens<\/strong>, eles precisam disso.\u201d (<a href=\"http:\/\/br.radiovaticana.va\/news\/2017\/06\/27\/papa_festeja_25_anos_de_ordena%C3%A7%C3%A3o_episcopal\/1321586\" target=\"_blank\" rel=\"noopener\">http:\/\/br.radiovaticana.va\/news\/2017\/06\/27\/papa_festeja_25_anos_de_ordena%C3%A7%C3%A3o_episcopal\/1321586<\/a> ).<\/p>\n<p style=\"text-align: justify;\">A Igreja tem redescoberto a import\u00e2ncia da paternidade espiritual. Todo sacerdote \u00e9 chamado a viver esse grande dom. \u00c9 dentro desse contexto que o Santo Padre recorda essa compara\u00e7\u00e3o para os sacerdotes mais velhos.<\/p>\n<p style=\"text-align: justify;\">Muitos av\u00f4s hoje, infelizmente, vivem na solid\u00e3o ou no abandono de seus filhos, e quando procurados, via de regra, \u00e9 at\u00e9 para que possam ajudar financeiramente aos seus familiares, neste tempo em que quem tem aposentadoria costuma sustentar a fam\u00edlia com tantos desempregados. Mas n\u00e3o podemos perder de vista a riqueza do testemunho e da sabedoria de nossos av\u00f3s. Eles s\u00e3o um tesouro precioso na transmiss\u00e3o da f\u00e9 e do testemunho do seguimento crist\u00e3o, como nos ensina a Sagrada Escritura: \u201cDesde a minha juventude, V\u00f3s me instru\u00edstes, Senhor, at\u00e9 ao presente anuncio as Vossas maravilhas. Agora na velhice e na decrepitude, n\u00e3o me abandoneis, \u00f3 Deus; para que narre \u00e0s gera\u00e7\u00f5es a for\u00e7a do Vosso bra\u00e7o, o Vosso poder a todos os que h\u00e3o de vir\u201d (Cf. <em>Sal<\/em> 71 [70], 17-18).<\/p>\n<p style=\"text-align: justify;\">S\u00e3o Paulo escreve na carta a Tito: \u201cOs anci\u00e3os devem ser s\u00f3brios, graves, prudentes, firmes na f\u00e9, na caridade e na paci\u00eancia. Do mesmo modo, as anci\u00e3s devem mostrar no seu exterior uma compostura santa (&#8230;); devem dar bons conselhos, a fim de ensinarem as jovens a amar os seus maridos e filhos\u201d (Cf. Tito 2, 2-5).<\/p>\n<p style=\"text-align: justify;\">Os nossos queridos av\u00f3s ajudam a contemplar os acontecimentos terrenos com ampla sabedoria, porque as vicissitudes os tornaram mais experimentados e amadurecidos. Os av\u00f3s s\u00e3o guardi\u00f5es da mem\u00f3ria comunit\u00e1ria e familiar. Nesse contexto os av\u00f3s s\u00e3o int\u00e9rpretes privilegiados daquele conjunto de ideais e valores humanos que mant\u00eam e guiam a conviv\u00eancia social. Os av\u00f3s, gra\u00e7as \u00e0 sua experi\u00eancia amadurecida, s\u00e3o capazes de propor aos jovens conselhos e ensinamentos preciosos, e disso n\u00e3o podemos nos descuidar.<\/p>\n<p style=\"text-align: justify;\">Aqui no Rio de Janeiro, na JMJ Rio 2013, disse o Papa Francisco: \u201cOlhando para o ambiente familiar, queria destacar uma coisa: hoje, na festa de S\u00e3o Joaquim e Sant\u2019Ana, no Brasil como em outros pa\u00edses, se celebra a festa dos av\u00f3s. Como os av\u00f3s s\u00e3o importantes na vida da fam\u00edlia, para comunicar o patrim\u00f4nio de humanidade e de f\u00e9 que \u00e9 essencial para qualquer sociedade! E como \u00e9 importante o encontro e o di\u00e1logo entre as gera\u00e7\u00f5es, principalmente dentro da fam\u00edlia. O <em>Documento de Aparecida<\/em> nos recorda: \u201cCrian\u00e7as e anci\u00e3os constroem o futuro dos povos; as crian\u00e7as porque levar\u00e3o por adiante a hist\u00f3ria, os anci\u00e3os porque transmitem a experi\u00eancia e a sabedoria de suas vidas\u201d (<em>Documento de Aparecida<\/em>, 447). Esta rela\u00e7\u00e3o, este di\u00e1logo entre as gera\u00e7\u00f5es \u00e9 um tesouro que deve ser conservado e alimentado! Nesta Jornada Mundial da Juventude, os jovens querem saudar os av\u00f3s. Eles sa\u00fadam os seus av\u00f3s com muito carinho<strong>. <\/strong>Aos av\u00f3s. Saudamos os av\u00f3s. Eles, os jovens, sa\u00fadam os seus av\u00f3s com muito carinho e lhes agradecem pelo testemunho de sabedoria que nos oferecem continuamente\u201d (Cf. <a href=\"https:\/\/w2.vatican.va\/content\/francesco\/pt\/angelus\/2013\/documents\/papa-francesco_angelus_20130726_gmg-rio.html\" target=\"_blank\" rel=\"noopener\">https:\/\/w2.vatican.va\/content\/francesco\/pt\/angelus\/2013\/documents\/papa-francesco_angelus_20130726_gmg-rio.html<\/a>)<\/p>\n<p style=\"text-align: justify;\">Assumamos essa miss\u00e3o na grande fam\u00edlia que \u00e9 a Igreja. \u201cN\u00e3o desprezes os ensinamentos dos anci\u00e3os, porque eles o aprenderam dos seus pais\u201d (Eclo 8, 9); \u201cFrequenta a companhia dos anci\u00e3os, se encontrares algum s\u00e1bio faz-te amigo dele\u201d (Eclo 6, 34); porque \u201cqu\u00e3o bela \u00e9 a sabedoria\u201d dos anci\u00e3os (Eclo 25, 5).<\/p>\n<p style=\"text-align: justify;\">Quero oferecer a Deus uma ora\u00e7\u00e3o especial\u00edssima pelos nossos av\u00f3s no seu dia. Pe\u00e7amos a gra\u00e7a de ouvir os nossos av\u00f3s. Pe\u00e7amos a d\u00e1diva de evangelizar \u00e0 partir do testemunho dos pais de nossos pais e, no mist\u00e9rio da vida, que possamos ter a gra\u00e7a de transmitir aos nossos sucessores o tesouro da f\u00e9 cat\u00f3lica que recebemos de nossos pais e de nossos av\u00f3s, na certeza de que a nossa f\u00e9 no Ressuscitado, nos d\u00e1 a alegria da sabedoria que s\u00f3 os av\u00f3s podem nos dar na miss\u00e3o de seguir o Redentor!<\/p>\n<p>&nbsp;<\/p>\n<p>&nbsp;<\/p>\n","protected":false},"excerpt":{"rendered":"<p>Cardeal Orani Jo\u00e3o Tempesta Arcebispo do Rio de Janeiro (RJ) &nbsp; No pr\u00f3ximo dia 26, mem\u00f3ria de S\u00e3o Joaquim e Santana comemoraremos tamb\u00e9m o dia dos av\u00f3s. Nesse dia, h\u00e1 quatro anos, durante a JMJ, o Papa Francisco rezou um belo \u00e2ngelus na sacada do Pal\u00e1cio S\u00e3o Joaquim recordando esse dia. Por\u00e9m, neste ano, o &hellip;<\/p>\n<p class=\"read-more\"> <a class=\"\" href=\"https:\/\/www.cnbb.org.br\/tempo-de-sabedoria\/\"> <span class=\"screen-reader-text\">Tempo de sabedoria<\/span> Leia mais &raquo;<\/a><\/p>\n","protected":false},"author":31,"featured_media":0,"comment_status":"closed","ping_status":"open","sticky":false,"template":"","format":"standard","meta":{"site-sidebar-layout":"default","site-content-layout":"default","ast-global-header-display":"","ast-banner-title-visibility":"","ast-main-header-display":"","ast-hfb-above-header-display":"","ast-hfb-below-header-display":"","ast-hfb-mobile-header-display":"","site-post-title":"","ast-breadcrumbs-content":"","ast-featured-img":"","footer-sml-layout":"","theme-transparent-header-meta":"","adv-header-id-meta":"","stick-header-meta":"","header-above-stick-meta":"","header-main-stick-meta":"","header-below-stick-meta":""},"categories":[758],"tags":[],"acf":[],"_links":{"self":[{"href":"https:\/\/www.cnbb.org.br\/cnbb-app\/wp\/v2\/posts\/7336"}],"collection":[{"href":"https:\/\/www.cnbb.org.br\/cnbb-app\/wp\/v2\/posts"}],"about":[{"href":"https:\/\/www.cnbb.org.br\/cnbb-app\/wp\/v2\/types\/post"}],"author":[{"embeddable":true,"href":"https:\/\/www.cnbb.org.br\/cnbb-app\/wp\/v2\/users\/31"}],"replies":[{"embeddable":true,"href":"https:\/\/www.cnbb.org.br\/cnbb-app\/wp\/v2\/comments?post=7336"}],"version-history":[{"count":0,"href":"https:\/\/www.cnbb.org.br\/cnbb-app\/wp\/v2\/posts\/7336\/revisions"}],"wp:attachment":[{"href":"https:\/\/www.cnbb.org.br\/cnbb-app\/wp\/v2\/media?parent=7336"}],"wp:term":[{"taxonomy":"category","embeddable":true,"href":"https:\/\/www.cnbb.org.br\/cnbb-app\/wp\/v2\/categories?post=7336"},{"taxonomy":"post_tag","embeddable":true,"href":"https:\/\/www.cnbb.org.br\/cnbb-app\/wp\/v2\/tags?post=7336"}],"curies":[{"name":"wp","href":"https:\/\/api.w.org\/{rel}","templated":true}]}}