{"id":7341,"date":"2017-07-24T00:00:00","date_gmt":"2017-07-24T03:00:00","guid":{"rendered":"https:\/\/www.cnbb.org.br\/cnbb-expressa-agradecimento-a-bispos-emeritos-recentes\/"},"modified":"2017-07-24T00:00:00","modified_gmt":"2017-07-24T03:00:00","slug":"cnbb-expressa-agradecimento-a-bispos-emeritos-recentes","status":"publish","type":"post","link":"https:\/\/www.cnbb.org.br\/cnbb-expressa-agradecimento-a-bispos-emeritos-recentes\/","title":{"rendered":"CNBB expressa agradecimento a bispos em\u00e9ritos recentes"},"content":{"rendered":"<p style=\"text-align: justify;\">A Confer\u00eancia Nacional dos Bispos do Brasil (CNBB), por meio de seu secret\u00e1rio-executivo, dom Leonardo Steiner, bispo auxiliar de Brasilia, enviou, nesta segunda-feira, dia 24 de julho, agradecimento aos \u00faltimos tr\u00eas bispos que tiveram seu pedido de ren\u00fancia aceito pelo papa.<\/p>\n<p style=\"text-align: justify;\">No agradecimento, a CNBB refor\u00e7a que o bispo em\u00e9rito tem um papel importante na Igreja. &#8220;Deixa de administrar a Igreja local, mas continua na miss\u00e3o de fazer a Igreja ser sal e luz no meio do povo&#8221;, diz o documento.<\/p>\n<p style=\"text-align: justify;\">Confira,abaixo, os bispos em\u00e9ritos que receberam o gesto de gratid\u00e3o:<\/p>\n<p style=\"text-align: center;\"><strong>Agradecimento a dom Manoel dos Reis de Farias<\/strong><\/p>\n<p style=\"text-align: right;\">Bras\u00edlia-DF, 24 de julho de 2017<\/p>\n<p style=\"text-align: justify;\">Prezado Irm\u00e3o, dom Manoel dos Reis de Farias,<\/p>\n<p>A Confer\u00eancia Nacional dos Bispos do Brasil (CNBB) agradece o servi\u00e7o que o senhor prestou como pastor nas dioceses de Patos (PB) e de Petrolina (PE).<\/p>\n<p>O seu zelo pastoral est\u00e1 expresso em seu lema: \u201cA paix\u00e3o de Cristo nos Impulsiona\u201d.<\/p>\n<p>O bispo em\u00e9rito tem um importante papel na Igreja no Brasil, deixa de administrar a Igreja local, mas continua na miss\u00e3o de fazer a Igreja ser sal e luz no meio do povo.<\/p>\n<p>Manifestamos gratid\u00e3o pelo seu trabalho e dedica\u00e7\u00e3o \u00e0 Igreja.<\/p>\n<p>Em Cristo,<\/p>\n<p style=\"text-align: center;\"><strong>Dom Leonardo Ulrich Steiner<br \/>\n<\/strong>Bispo Auxiliar de Bras\u00edlia-DF<br \/>\nSecret\u00e1rio-Geral da CNBB<\/p>\n<p>&nbsp;<\/p>\n<p style=\"text-align: center;\"><strong>Agradecimento a dom<\/strong> <strong>Afonso Fioreze<\/strong><\/p>\n<p style=\"text-align: right;\">Bras\u00edlia-DF, 24 de julho de 2017<\/p>\n<p>Prezado Irm\u00e3o, dom Afonso Fioreze,<\/p>\n<p>A Confer\u00eancia Nacional dos Bispos do Brasil (CNBB) agradece o servi\u00e7o que o senhor prestou como administrador e pastor na diocese de Luzi\u00e2nia (GO.<\/p>\n<p>O seu zelo pastoral est\u00e1 expresso em seu lema: \u201cA paix\u00e3o de Cristo nos impulsiona\u201d.<\/p>\n<p>O bispo em\u00e9rito tem um importante papel na Igreja no Brasil, deixa de administrar a Igreja local, mas continua na miss\u00e3o de fazer a Igreja ser sal e luz no meio do povo.<\/p>\n<p>Manifestamos gratid\u00e3o pelo seu trabalho e dedica\u00e7\u00e3o \u00e0 Igreja.<\/p>\n<p>Em Cristo,<\/p>\n<p style=\"text-align: center;\"><strong>Dom Leonardo Ulrich Steiner<br \/>\n<\/strong>Bispo Auxiliar de Bras\u00edlia-DF<br \/>\nSecret\u00e1rio-Geral da CNBB<\/p>\n<p>&nbsp;<\/p>\n<p style=\"text-align: center;\"><strong>Agradecimento a dom Jos\u00e9 Soares Filho<\/strong><\/p>\n<p style=\"text-align: right;\">Bras\u00edlia-DF, 24 de julho de 2017<\/p>\n<p>Prezado Irm\u00e3o, dom Jos\u00e9 Soares Filho,<\/p>\n<p>A Confer\u00eancia Nacional dos Bispos do Brasil (CNBB) agradece o servi\u00e7o que o senhor prestou como pastor na diocese de Carolina (MA).<\/p>\n<p>O seu zelo pastoral est\u00e1 expresso em seu lema: \u201cAmar e servir\u201d.<\/p>\n<p>O bispo em\u00e9rito tem um importante papel na Igreja no Brasil. Deixa de administrar a Igreja local, mas continua na miss\u00e3o de fazer a Igreja ser sal e luz no meio do povo.<\/p>\n<p>Manifestamos gratid\u00e3o pelo seu trabalho e dedica\u00e7\u00e3o \u00e0 Igreja.<\/p>\n<p>Em Cristo,<\/p>\n<p style=\"text-align: center;\"><strong>Dom Leonardo Ulrich Steiner<br \/>\n<\/strong>Bispo Auxiliar de Bras\u00edlia-DF<br \/>\nSecret\u00e1rio-Geral da CNBB<\/p>\n<p>&nbsp;<\/p>\n<p>&nbsp;<\/p>\n","protected":false},"excerpt":{"rendered":"<p>No agradecimento, a CNBB refor\u00e7a que o bispo em\u00e9rito tem um importante papel na Igreja no Brasil<\/p>\n","protected":false},"author":83,"featured_media":7342,"comment_status":"closed","ping_status":"open","sticky":false,"template":"","format":"standard","meta":{"site-sidebar-layout":"default","site-content-layout":"default","ast-global-header-display":"","ast-banner-title-visibility":"","ast-main-header-display":"","ast-hfb-above-header-display":"","ast-hfb-below-header-display":"","ast-hfb-mobile-header-display":"","site-post-title":"","ast-breadcrumbs-content":"","ast-featured-img":"","footer-sml-layout":"","theme-transparent-header-meta":"","adv-header-id-meta":"","stick-header-meta":"","header-above-stick-meta":"","header-main-stick-meta":"","header-below-stick-meta":""},"categories":[798],"tags":[],"acf":[],"_links":{"self":[{"href":"https:\/\/www.cnbb.org.br\/cnbb-app\/wp\/v2\/posts\/7341"}],"collection":[{"href":"https:\/\/www.cnbb.org.br\/cnbb-app\/wp\/v2\/posts"}],"about":[{"href":"https:\/\/www.cnbb.org.br\/cnbb-app\/wp\/v2\/types\/post"}],"author":[{"embeddable":true,"href":"https:\/\/www.cnbb.org.br\/cnbb-app\/wp\/v2\/users\/83"}],"replies":[{"embeddable":true,"href":"https:\/\/www.cnbb.org.br\/cnbb-app\/wp\/v2\/comments?post=7341"}],"version-history":[{"count":0,"href":"https:\/\/www.cnbb.org.br\/cnbb-app\/wp\/v2\/posts\/7341\/revisions"}],"wp:featuredmedia":[{"embeddable":true,"href":"https:\/\/www.cnbb.org.br\/cnbb-app\/wp\/v2\/media\/7342"}],"wp:attachment":[{"href":"https:\/\/www.cnbb.org.br\/cnbb-app\/wp\/v2\/media?parent=7341"}],"wp:term":[{"taxonomy":"category","embeddable":true,"href":"https:\/\/www.cnbb.org.br\/cnbb-app\/wp\/v2\/categories?post=7341"},{"taxonomy":"post_tag","embeddable":true,"href":"https:\/\/www.cnbb.org.br\/cnbb-app\/wp\/v2\/tags?post=7341"}],"curies":[{"name":"wp","href":"https:\/\/api.w.org\/{rel}","templated":true}]}}