{"id":7359,"date":"2017-07-31T00:00:00","date_gmt":"2017-07-31T03:00:00","guid":{"rendered":"https:\/\/www.cnbb.org.br\/bispos-da-area-social-aprofundam-os-desafios-atuais-a-luz-de-medellin\/"},"modified":"2020-03-11T17:10:00","modified_gmt":"2020-03-11T20:10:00","slug":"bispos-da-area-social-aprofundam-os-desafios-atuais-a-luz-de-medellin","status":"publish","type":"post","link":"https:\/\/www.cnbb.org.br\/bispos-da-area-social-aprofundam-os-desafios-atuais-a-luz-de-medellin\/","title":{"rendered":"Bispos da \u00e1rea social aprofundam os desafios atuais \u00e0 luz de Medell\u00edn"},"content":{"rendered":"<p style=\"text-align: justify;\">Os bispos que integram a Comiss\u00e3o Episcopal Pastoral para a A\u00e7\u00e3o Social Transformadora da Confer\u00eancia Nacional dos Bispos do Brasil (CNBB), animadores e referenciais das Pastorais Sociais, dos organismos e do Setor de Mobilidade Humana se encontram em Bras\u00edlia-DF, dia 31 de julho e 1\u00ba de agosto, nas Pontif\u00edcias Obras Mission\u00e1rias (POM).<\/p>\n<p style=\"text-align: justify;\">O encontro tem como objetivo proporcionar momentos de partilha entre os bispos sobre sua miss\u00e3o, enquanto animadores das Pastorais Sociais e Organismos vinculados \u00e0 CNBB e rever, \u00e0 luz do documento de Medell\u00edn, os desafios pastorais atuais.<\/p>\n<p style=\"text-align: justify;\">O padre, te\u00f3logo e historiador, Oscar Beozzo, conduzir\u00e1 a reflex\u00e3o sobre \u201ca Confer\u00eancia de Medell\u00edn e os desafios atuais\u201d. Doutor em hist\u00f3ria social pela Universidade de S\u00e3o Paulo (USP) e mestre em sociologia da religi\u00e3o pela <em>Universit\u00e9 Catholique de Louvain<\/em> (B\u00e9gica), entre tantos outros t\u00edtulos, Beozzo tem quatro livros publicados e trabalha no Centro Ecum\u00eanico de Servi\u00e7os \u00e0 Evangeliza\u00e7\u00e3o e Educa\u00e7\u00e3o Popular, em S\u00e3o Paulo.<\/p>\n<p style=\"text-align: justify;\">No encontro a ser coordenado pelo bispo de Ipameri (GO), dom Guilherme Werlang, religioso que preside a Comiss\u00e3o Episcopal Pastoral para a A\u00e7\u00e3o Social Transformadora, al\u00e9m do estudo, ser\u00e1 pensada uma Agenda 2018, e a 6\u00aa Semana Social Brasileira. Participam tamb\u00e9m assessores e secret\u00e1rios da comiss\u00e3o, bem como convidados.<\/p>\n<p><span style=\"color: #800000;\"><strong>Confer\u00eancia de Medell\u00edn<\/strong><\/span><\/p>\n<p style=\"text-align: justify;\">A Segunda Confer\u00eancia Geral do Episcopado Latino-americano realizou-se em Medell\u00edn, na Col\u00f4mbia no per\u00edodo de 24 de agosto a 6 de setembro de 1968. A Confer\u00eancia foi convocada pelo Papa Paulo VI para aplicar os ensinamentos do Conc\u00edlio Vaticano II \u00e0s necessidades da Igreja presente na Am\u00e9rica Latina. A tem\u00e1tica proposta foi \u201cA Igreja na presente transforma\u00e7\u00e3o da Am\u00e9rica Latina \u00e0 luz do Conc\u00edlio Vaticano II\u201d. A abertura da Confer\u00eancia foi feita pelo pr\u00f3prio Papa que marcou a primeira visita de um pont\u00edfice \u00e0 Am\u00e9rica Latina.<\/p>\n<p style=\"text-align: justify;\">Tr\u00eas foram os grandes temas de Medell\u00edn: Promo\u00e7\u00e3o humana; Evangeliza\u00e7\u00e3o e crescimento na f\u00e9; Igreja vis\u00edvel e suas estruturas. Foram produzidos 16 documentos, no horizonte dos tr\u00eas grandes temas citados: I) Justi\u00e7a, Paz, Fam\u00edlia, Demografia, Educa\u00e7\u00e3o, Juventude. II) Pastoral popular, Pastoral de elites, Catequese, Liturgia. III) Movimentos de Leigos, Sacerdotes, Religiosos, Forma\u00e7\u00e3o do Clero, Pobreza da Igreja, Pastoral de Conjunto, Meios de Comunica\u00e7\u00e3o.<\/p>\n<p style=\"text-align: justify;\">Ganharam grande repercuss\u00e3o os documentos sobre a Justi\u00e7a, a Paz e a Pobreza da Igreja. Diante da relev\u00e2ncia e impacto desses documentos, elementos caracter\u00edsticos de Medell\u00edn foram as reflex\u00f5es sobre pobreza e liberta\u00e7\u00e3o.<\/p>\n<p>&nbsp;<\/p>\n","protected":false},"excerpt":{"rendered":"<p>O encontro tem como objetivo proporcionar momentos de partilha entre os bispos sobre miss\u00e3o<\/p>\n","protected":false},"author":83,"featured_media":7360,"comment_status":"closed","ping_status":"open","sticky":false,"template":"","format":"standard","meta":{"site-sidebar-layout":"default","site-content-layout":"default","ast-global-header-display":"","ast-banner-title-visibility":"","ast-main-header-display":"","ast-hfb-above-header-display":"","ast-hfb-below-header-display":"","ast-hfb-mobile-header-display":"","site-post-title":"","ast-breadcrumbs-content":"","ast-featured-img":"","footer-sml-layout":"","theme-transparent-header-meta":"","adv-header-id-meta":"","stick-header-meta":"","header-above-stick-meta":"","header-main-stick-meta":"","header-below-stick-meta":""},"categories":[863],"tags":[],"acf":[],"_links":{"self":[{"href":"https:\/\/www.cnbb.org.br\/cnbb-app\/wp\/v2\/posts\/7359"}],"collection":[{"href":"https:\/\/www.cnbb.org.br\/cnbb-app\/wp\/v2\/posts"}],"about":[{"href":"https:\/\/www.cnbb.org.br\/cnbb-app\/wp\/v2\/types\/post"}],"author":[{"embeddable":true,"href":"https:\/\/www.cnbb.org.br\/cnbb-app\/wp\/v2\/users\/83"}],"replies":[{"embeddable":true,"href":"https:\/\/www.cnbb.org.br\/cnbb-app\/wp\/v2\/comments?post=7359"}],"version-history":[{"count":0,"href":"https:\/\/www.cnbb.org.br\/cnbb-app\/wp\/v2\/posts\/7359\/revisions"}],"wp:featuredmedia":[{"embeddable":true,"href":"https:\/\/www.cnbb.org.br\/cnbb-app\/wp\/v2\/media\/7360"}],"wp:attachment":[{"href":"https:\/\/www.cnbb.org.br\/cnbb-app\/wp\/v2\/media?parent=7359"}],"wp:term":[{"taxonomy":"category","embeddable":true,"href":"https:\/\/www.cnbb.org.br\/cnbb-app\/wp\/v2\/categories?post=7359"},{"taxonomy":"post_tag","embeddable":true,"href":"https:\/\/www.cnbb.org.br\/cnbb-app\/wp\/v2\/tags?post=7359"}],"curies":[{"name":"wp","href":"https:\/\/api.w.org\/{rel}","templated":true}]}}