{"id":7406,"date":"2017-08-03T00:00:00","date_gmt":"2017-08-03T03:00:00","guid":{"rendered":"https:\/\/www.cnbb.org.br\/vocacoes-padres-pais-religiosos-e-leigos\/"},"modified":"2017-08-03T00:00:00","modified_gmt":"2017-08-03T03:00:00","slug":"vocacoes-padres-pais-religiosos-e-leigos","status":"publish","type":"post","link":"https:\/\/www.cnbb.org.br\/vocacoes-padres-pais-religiosos-e-leigos\/","title":{"rendered":"Voca\u00e7\u00f5es: Padres, Pais, Religiosos e Leigos"},"content":{"rendered":"<p style=\"text-align: right;\"><strong>Dom Caetano Ferrari<br \/>\nDiocese de Bauru<\/p>\n<p><\/strong><\/p>\n<p style=\"text-align: justify;\">Como sabemos, na Igreja, agosto \u00e9 m\u00eas das voca\u00e7\u00f5es. A Liturgia foca nos quatro domingos de agosto as voca\u00e7\u00f5es dos ministros ordenados \u2013 Padre, Di\u00e1cono e Bispo \u2013 dos pais, dos consagrados e consagradas, dos fi\u00e9is leigos e leigas. No centro de agosto est\u00e1 a Semana da Fam\u00edlia, de 13 a 18, que prioriza as voca\u00e7\u00f5es matrimoniais para a vida em fam\u00edlia, pois dela procedem todas as demais voca\u00e7\u00f5es.<\/p>\n<p style=\"text-align: justify;\">Hoje \u00e9 o dia do Padre, melhor dizendo, dos ministros ordenados: Di\u00e1conos, Padres e Bispos. N\u00e3o se esque\u00e7a de rezar por todos eles.<\/p>\n<p style=\"text-align: justify;\">Os Padres s\u00e3o, na B\u00edblia, chamados de Presb\u00edteros ou Sacerdotes. \u00c9 o que se pode verificar, por exemplo, em Hebreus: \u201cOs presb\u00edteros (ou os sacerdotes) s\u00e3o escolhidos dentre os homens e constitu\u00eddos em favor dos mesmos nas coisas que visam a Deus para oferecer oferendas e sacrif\u00edcios pelos pecados do povo quanto pelos seus pr\u00f3prios. Ningu\u00e9m, pois, se atribua esta honra, sen\u00e3o o que foi chamado por Deus, como Aar\u00e3o\u201d (Hb 5, 1-4).<\/p>\n<p style=\"text-align: justify;\">Conforme a Igreja ensina, o Novo Testamento n\u00e3o rompe com o Antigo Testamento, mas o completa e o leva \u00e0 perfei\u00e7\u00e3o. Assim sendo, o Presb\u00edtero crist\u00e3o continua e renova o sacerd\u00f3cio do Antigo Testamento, tendo, portanto, o poder de oferecer sacrif\u00edcio e perdoar os pecados. Ele \u00e9 o Ministro do Culto, n\u00e3o do velho, mas do novo, na P\u00e1scoa de Cristo. O presb\u00edtero recebeu ainda de Cristo uma nova miss\u00e3o, isto \u00e9, a obriga\u00e7\u00e3o principal de anunciar o seu Santo Evangelho a toda gente. Ele \u00e9, ent\u00e3o, o Ministro da Palavra de Deus. O Conc\u00edlio Vaticano II, na Presbyterorum Ordinis, acentua fortemente o duplo papel complementar do padre como Sacerdote e Mission\u00e1rio. O Conc\u00edlio repete dizendo que o padre \u00e9 ordenado ao servi\u00e7o de Cristo como Mestre, Sacerdote e Rei. E esclarece, no entanto, que esta voca\u00e7\u00e3o n\u00e3o prejudica em nada a voca\u00e7\u00e3o comum de todos os fi\u00e9is \u00e0 condi\u00e7\u00e3o de serem Mestres, Sacerdotes e Reis. Pois, como afirma S\u00e3o Paulo \u201cnem todos os fi\u00e9is t\u00eam a mesma fun\u00e7\u00e3o\u201d (Rm 12,4), e os padres exercem essa voca\u00e7\u00e3o, diferentemente, como consagrados pelo Sacramento da Ordem.<\/p>\n<p style=\"text-align: justify;\">Na Igreja Cat\u00f3lica o Padre, em fun\u00e7\u00e3o da ordena\u00e7\u00e3o sacerdotal pela imposi\u00e7\u00e3o das m\u00e3os do Bispo e pela un\u00e7\u00e3o do \u00f3leo santo, pode dar o Esp\u00edrito Santo, absolver os pecados, tornar presente o sacrif\u00edcio de Cristo e o pr\u00f3prio Cristo na Eucaristia, dons estes recebidos de Deus mesmo. Resumindo, todo padre \u00e9 \u201cordenado com o prop\u00f3sito de oferecer dons e sacrif\u00edcios, tendo como primeira tarefa anunciar o Evangelho de Cristo\u201d.<\/p>\n<p style=\"text-align: justify;\">A Liturgia de hoje celebra a festa da Transfigura\u00e7\u00e3o do Senhor. O Evangelho da Missa &#8211; Mt 17,1-9 \u2013 apresenta o Cristo glorioso no monte Tabor, que, no entanto, descendo do monte, seguir\u00e1 o seu caminho de sofrimento rumo \u00e0 cruz. Jesus tomou consigo Pedro, Tiago e Jo\u00e3o, os disc\u00edpulos que lhe eram mais pr\u00f3ximos, e os levou ao alto do monte. E transfigurou-se diante deles, com o rosto brilhando como o sol e as roupas brancas como a luz. A seu lado, conversando com Ele, apareceram Mois\u00e9s e Elias. Uma nuvem luminosa cobriu a todos e dela ouviu-se uma voz que dizia: \u201cEste \u00e9 o meu Filho amado, no qual Eu pus todo meu agrado. Escutai-O!\u201d Os disc\u00edpulos, que antes estavam t\u00e3o animados ante aquela manifesta\u00e7\u00e3o de gl\u00f3ria que queriam fazer tr\u00eas tendas para Jesus, Mois\u00e9s e Elias, ca\u00edram \u201ccheios de espanto\u201d com o rosto por terra. Jesus tocou neles e eles, erguendo os olhos, n\u00e3o viram mais ningu\u00e9m, a n\u00e3o ser somente Jesus. Jesus lhes pediu para que n\u00e3o contassem a ningu\u00e9m o que viram at\u00e9 a sua ressurrei\u00e7\u00e3o dos mortos. O caminho que leva at\u00e9 ao monte da gl\u00f3ria da ressurrei\u00e7\u00e3o \u00e9 uma subida de sofrimento e cruz. Jesus anima os disc\u00edpulos a segui-Lo, como disse aos tr\u00eas que haviam ca\u00eddo em terra: \u201cLevantai-vos e n\u00e3o tenhais medo\u201d. Uma das mensagens deste Evangelho para n\u00f3s pode ser esta: Como disc\u00edpulos e mission\u00e1rios de Jesus desde o Batismo, n\u00e3o devemos ter medo nem de escutar s\u00f3 a Jesus, pois Ele \u00e9 o Filho amado do Pai, nem de seguir s\u00f3 a Ele, pois Ele \u00e9 o caminho, a verdade e a vida. S\u00f3 Jesus pode nos livrar de todo medo e nos dar a vida plena, eterna e feliz.<\/p>\n<p style=\"text-align: justify;\">N\u00e3o se esque\u00e7a, hoje, de cumprimentar o padre de sua comunidade e de rezar por ele, para que goze da sa\u00fade f\u00edsica e espiritual e esteja sempre repleto do Esp\u00edrito Santo, seja fiel \u00e0 sua voca\u00e7\u00e3o de servir a Deus e a seu santo povo.<\/p>\n<p style=\"text-align: justify;\">Reze tamb\u00e9m para que o Senhor desperte cada vez mais dentre os nossos jovens voca\u00e7\u00f5es, porque a messe \u00e9 grande e os oper\u00e1rios s\u00e3o poucos.<\/p>\n<p>&nbsp;<\/p>\n<p>&nbsp;<\/p>\n<p>&nbsp;<\/p>\n<p>&nbsp;<\/p>\n","protected":false},"excerpt":{"rendered":"<p>Dom Caetano Ferrari Diocese de Bauru Como sabemos, na Igreja, agosto \u00e9 m\u00eas das voca\u00e7\u00f5es. A Liturgia foca nos quatro domingos de agosto as voca\u00e7\u00f5es dos ministros ordenados \u2013 Padre, Di\u00e1cono e Bispo \u2013 dos pais, dos consagrados e consagradas, dos fi\u00e9is leigos e leigas. No centro de agosto est\u00e1 a Semana da Fam\u00edlia, de &hellip;<\/p>\n<p class=\"read-more\"> <a class=\"\" href=\"https:\/\/www.cnbb.org.br\/vocacoes-padres-pais-religiosos-e-leigos\/\"> <span class=\"screen-reader-text\">Voca\u00e7\u00f5es: Padres, Pais, Religiosos e Leigos<\/span> Leia mais &raquo;<\/a><\/p>\n","protected":false},"author":30,"featured_media":0,"comment_status":"closed","ping_status":"open","sticky":false,"template":"","format":"standard","meta":{"site-sidebar-layout":"default","site-content-layout":"default","ast-global-header-display":"","ast-banner-title-visibility":"","ast-main-header-display":"","ast-hfb-above-header-display":"","ast-hfb-below-header-display":"","ast-hfb-mobile-header-display":"","site-post-title":"","ast-breadcrumbs-content":"","ast-featured-img":"","footer-sml-layout":"","theme-transparent-header-meta":"","adv-header-id-meta":"","stick-header-meta":"","header-above-stick-meta":"","header-main-stick-meta":"","header-below-stick-meta":""},"categories":[758],"tags":[],"acf":[],"_links":{"self":[{"href":"https:\/\/www.cnbb.org.br\/cnbb-app\/wp\/v2\/posts\/7406"}],"collection":[{"href":"https:\/\/www.cnbb.org.br\/cnbb-app\/wp\/v2\/posts"}],"about":[{"href":"https:\/\/www.cnbb.org.br\/cnbb-app\/wp\/v2\/types\/post"}],"author":[{"embeddable":true,"href":"https:\/\/www.cnbb.org.br\/cnbb-app\/wp\/v2\/users\/30"}],"replies":[{"embeddable":true,"href":"https:\/\/www.cnbb.org.br\/cnbb-app\/wp\/v2\/comments?post=7406"}],"version-history":[{"count":0,"href":"https:\/\/www.cnbb.org.br\/cnbb-app\/wp\/v2\/posts\/7406\/revisions"}],"wp:attachment":[{"href":"https:\/\/www.cnbb.org.br\/cnbb-app\/wp\/v2\/media?parent=7406"}],"wp:term":[{"taxonomy":"category","embeddable":true,"href":"https:\/\/www.cnbb.org.br\/cnbb-app\/wp\/v2\/categories?post=7406"},{"taxonomy":"post_tag","embeddable":true,"href":"https:\/\/www.cnbb.org.br\/cnbb-app\/wp\/v2\/tags?post=7406"}],"curies":[{"name":"wp","href":"https:\/\/api.w.org\/{rel}","templated":true}]}}