{"id":7453,"date":"2017-08-10T00:00:00","date_gmt":"2017-08-10T03:00:00","guid":{"rendered":"https:\/\/www.cnbb.org.br\/grupo-de-assessores-da-cnbb-se-reune-para-estudar-o-documento-preparatorio-do-sinodo-dos-jovens\/"},"modified":"2017-08-10T00:00:00","modified_gmt":"2017-08-10T03:00:00","slug":"grupo-de-assessores-da-cnbb-se-reune-para-estudar-o-documento-preparatorio-do-sinodo-dos-jovens","status":"publish","type":"post","link":"https:\/\/www.cnbb.org.br\/grupo-de-assessores-da-cnbb-se-reune-para-estudar-o-documento-preparatorio-do-sinodo-dos-jovens\/","title":{"rendered":"Grupo de Assessores estuda documento preparat\u00f3rio do S\u00ednodo dos Bispos sobre os jovens"},"content":{"rendered":"<figure id=\"attachment_5021\" aria-describedby=\"caption-attachment-5021\" style=\"width: 300px\" class=\"wp-caption alignleft\"><a href=\"http:\/\/cnbb.net.br\/grupo-de-assessores-da-cnbb-se-reune-para-estudar-o-documento-preparatorio-do-sinodo-dos-jovens\/ga-agosto2017-2\/\" rel=\"attachment wp-att-5021 noopener\" target=\"_blank\"><img decoding=\"async\" loading=\"lazy\" class=\"size-medium wp-image-5021\" src=\"http:\/\/cnbb.net.br\/wp-content\/uploads\/2017\/08\/GA-agosto2017-2-300x198.jpg\" alt=\"\" width=\"300\" height=\"198\" \/><\/a><figcaption id=\"caption-attachment-5021\" class=\"wp-caption-text\"><em>Foto: CNBB\/Maur\u00edcio Sant&#8217;Ana<\/em><\/figcaption><\/figure>\n<p style=\"text-align: justify;\">Assessores das 12 comiss\u00f5es episcopais pastorais e da comiss\u00e3o especial para a Amaz\u00f4nia est\u00e3o reunidos, em Bras\u00edlia, com o objetivo de aprofundar o estudo do Documento Preparat\u00f3rio enviado pela Secretaria Geral do S\u00ednodo dos Bispos, do Vaticano, em vista da realiza\u00e7\u00e3o da Assembleia Ordin\u00e1ria de 2018. Esta assembleia tem como tema: &#8220;Jovens, a f\u00e9 e o discernimento vocacional&#8221;. Os assessores, a partir do trabalho desta semana, devem colaborar com a resposta ao question\u00e1rio a respeito da situa\u00e7\u00e3o dos jovens brasileiros dentro da Igreja e da sociedade.<\/p>\n<p style=\"text-align: justify;\">O S\u00ednodo dos Bispos \u00e9 uma institui\u00e7\u00e3o permanente estabelecido pelo Papa Paulo VI em 15 de setembro de 1965 em resposta ao desejo dos Padres do Conc\u00edlio Vaticano II de manter vivo o esp\u00edrito positivo gerado pela experi\u00eancia conciliar. Segundo informa\u00e7\u00f5es fornecidas pela Santa S\u00e9, &#8220;<em>o significado original da palavra, &#8216;caminhar juntos&#8217; expressa muito bem a ess\u00eancia do S\u00ednodo que \u00e9, de fato, &#8216;uma express\u00e3o particularmente frut\u00edfera e instrumento da colegialidade episcopal'&#8221;<\/em>. Uma assembleia sinodal dos bispos, portanto, \u00e9 ocasi\u00e3o na qual representantes do episcopado do mundo inteiro, junto com o Papa, trocam informa\u00e7\u00f5es e experi\u00eancias para a busca comum de solu\u00e7\u00f5es pastorais universalmente v\u00e1lidas. Resumidamente, esclarece a Santa S\u00e9: &#8220;<em>O S\u00ednodo dos Bispos pode ser definido como um conjunto de representantes do episcopado cat\u00f3lico que tem a tarefa de ajudar o Papa no governo da Igreja universal<\/em>&#8220;.<\/p>\n<p style=\"text-align: justify;\">As Assembleias Ordin\u00e1rias do S\u00ednodo se realizam em per\u00edodos irregulares, as vezes entre dois ou tr\u00eas anos de intervalo, e a pr\u00f3xima est\u00e1 marcada para ser realizada em outubro do ano que vem. As confer\u00eancias episcopais enviam delegados eleitos para participarem desse encontro.<\/p>\n<p style=\"text-align: justify;\">O Documento Preparat\u00f3rio sobre o qual os assessores da CNBB refletem nesta quinta-feira, 10 de agosto, traz a seguinte estrutura: tr\u00eas cap\u00edtulos (os jovens no mundo de hoje; f\u00e9, discernimento, voca\u00e7\u00e3o; e a\u00e7\u00e3o pastoral) e um question\u00e1rio especial que servir\u00e1 para coletar os dados, interpretar a situa\u00e7\u00e3o e compartilhar as pr\u00e1ticas.<\/p>\n<p>&nbsp;<\/p>\n","protected":false},"excerpt":{"rendered":"<p>A partir do trabalho desta semana, grupo ir\u00e1 colaborar com a resposta da Confer\u00eancia ao question\u00e1rio a respeito da situa\u00e7\u00e3o dos jovens brasileiros dentro da Igreja e da sociedade em vista da realiza\u00e7\u00e3o da Assembleia Ordin\u00e1ria do S\u00ednodo dos Bispos de 2018<\/p>\n","protected":false},"author":83,"featured_media":0,"comment_status":"closed","ping_status":"open","sticky":false,"template":"","format":"standard","meta":{"site-sidebar-layout":"default","site-content-layout":"default","ast-global-header-display":"","ast-banner-title-visibility":"","ast-main-header-display":"","ast-hfb-above-header-display":"","ast-hfb-below-header-display":"","ast-hfb-mobile-header-display":"","site-post-title":"","ast-breadcrumbs-content":"","ast-featured-img":"","footer-sml-layout":"","theme-transparent-header-meta":"","adv-header-id-meta":"","stick-header-meta":"","header-above-stick-meta":"","header-main-stick-meta":"","header-below-stick-meta":""},"categories":[744,820],"tags":[],"acf":[],"_links":{"self":[{"href":"https:\/\/www.cnbb.org.br\/cnbb-app\/wp\/v2\/posts\/7453"}],"collection":[{"href":"https:\/\/www.cnbb.org.br\/cnbb-app\/wp\/v2\/posts"}],"about":[{"href":"https:\/\/www.cnbb.org.br\/cnbb-app\/wp\/v2\/types\/post"}],"author":[{"embeddable":true,"href":"https:\/\/www.cnbb.org.br\/cnbb-app\/wp\/v2\/users\/83"}],"replies":[{"embeddable":true,"href":"https:\/\/www.cnbb.org.br\/cnbb-app\/wp\/v2\/comments?post=7453"}],"version-history":[{"count":0,"href":"https:\/\/www.cnbb.org.br\/cnbb-app\/wp\/v2\/posts\/7453\/revisions"}],"wp:attachment":[{"href":"https:\/\/www.cnbb.org.br\/cnbb-app\/wp\/v2\/media?parent=7453"}],"wp:term":[{"taxonomy":"category","embeddable":true,"href":"https:\/\/www.cnbb.org.br\/cnbb-app\/wp\/v2\/categories?post=7453"},{"taxonomy":"post_tag","embeddable":true,"href":"https:\/\/www.cnbb.org.br\/cnbb-app\/wp\/v2\/tags?post=7453"}],"curies":[{"name":"wp","href":"https:\/\/api.w.org\/{rel}","templated":true}]}}