{"id":7461,"date":"2017-08-11T00:00:00","date_gmt":"2017-08-11T03:00:00","guid":{"rendered":"https:\/\/www.cnbb.org.br\/a-vocacao-na-familia\/"},"modified":"2017-08-11T00:00:00","modified_gmt":"2017-08-11T03:00:00","slug":"a-vocacao-na-familia","status":"publish","type":"post","link":"https:\/\/www.cnbb.org.br\/a-vocacao-na-familia\/","title":{"rendered":"A Voca\u00e7\u00e3o na Fam\u00edlia"},"content":{"rendered":"<p style=\"text-align: right;\">Dom Jos\u00e9 Gislon<br \/>\nBispo de Erexim<\/p>\n<p style=\"text-align: justify;\"><strong>\u00a0<\/strong><\/p>\n<p style=\"text-align: justify;\">Estimados Diocesanos! \u00c9 com alegria e esp\u00edrito de gratid\u00e3o que celebramos neste domingo, no M\u00eas Vocacional, o dia dos pais e iniciamos a semana da fam\u00edlia. Podemos dizer que o dom da voca\u00e7\u00e3o \u00e0 vida matrimonial, contempla a dimens\u00e3o do ser pai, do ser m\u00e3e e a constru\u00e7\u00e3o de uma fam\u00edlia em nome do amor. Na exorta\u00e7\u00e3o apost\u00f3lica p\u00f3s-sinodal <em>Amoris Laetitia, A Alegria do Amor,<\/em> Papa Francisco, reflete sobre o amor no matrim\u00f4nio e na fam\u00edlia. N\u00e3o sobre a palavra \u201camor\u201d, que \u00e9 seguidamente mencionada de forma desfigurada, faltando o sentido da presen\u00e7a de Deus, da partilha e do cuidado da vida da pessoa amada.<\/p>\n<p style=\"text-align: justify;\">O amor n\u00e3o exige que o outro seja perfeito para aceit\u00e1-lo, mas \u201cpossui sempre o sentido de profunda compaix\u00e3o, que leva a aceitar o outro como parte da minha vida e deste mundo, mesmo quando age de modo diferente daquilo que eu desejaria. Na vida familiar, n\u00e3o pode reinar a l\u00f3gica do dom\u00ednio de uns sobre os outros, nem a competi\u00e7\u00e3o para ver quem \u00e9 mais poderoso, porque esta l\u00f3gica acaba com o amor e destr\u00f3i a serenidade na vida familiar.<\/p>\n<p style=\"text-align: justify;\">Depois do amor que nos une a Deus, o amor conjugal \u00e9 a \u201camizade maior\u201d, nos lembra Santo Tom\u00e1s de Aquino. \u00c9 uma uni\u00e3o que tem todas as caracter\u00edsticas duma boa amizade: busca o bem do outro, reciprocidade, intimidade, ternura e estabilidade. Mas tamb\u00e9m \u00e9 capaz de superar os desafios, n\u00e3o tem medo de lutar, renascer, reinventar-se e recome\u00e7ar sempre de novo para estar ao lado da pessoa amada. Poucas alegrias humanas s\u00e3o t\u00e3o profundas e festivas como quando duas pessoas que se amam conquistaram, conjuntamente, algo que lhes custou um grande esfor\u00e7o compartilhado. Percorrer um caminho juntos, mesmo se dif\u00edcil, pode ser uma oportunidade para se apreciar melhor o que se tem e quem est\u00e1 ao nosso lado. Com os olhos do amor e do cora\u00e7\u00e3o, podemos ver valores e qualidades, que nunca t\u00ednhamos percebido na pessoa que est\u00e1 ao nosso lado caminhando conosco, nos momentos alegres e dif\u00edceis da nossa vida.<\/p>\n<p style=\"text-align: justify;\">Neste dia dos pais, manifesto minha gratid\u00e3o ao meu pai, mas tamb\u00e9m a Deus, por todos os pais, que com amor e doa\u00e7\u00e3o consomem a vida para cuidar com dignidade da fam\u00edlia que constru\u00edram. Que o Senhor vos aben\u00e7oe e voz proteja.<\/p>\n<p>&nbsp;<\/p>\n","protected":false},"excerpt":{"rendered":"<p>Dom Jos\u00e9 Gislon Bispo de Erexim \u00a0 Estimados Diocesanos! \u00c9 com alegria e esp\u00edrito de gratid\u00e3o que celebramos neste domingo, no M\u00eas Vocacional, o dia dos pais e iniciamos a semana da fam\u00edlia. Podemos dizer que o dom da voca\u00e7\u00e3o \u00e0 vida matrimonial, contempla a dimens\u00e3o do ser pai, do ser m\u00e3e e a constru\u00e7\u00e3o &hellip;<\/p>\n<p class=\"read-more\"> <a class=\"\" href=\"https:\/\/www.cnbb.org.br\/a-vocacao-na-familia\/\"> <span class=\"screen-reader-text\">A Voca\u00e7\u00e3o na Fam\u00edlia<\/span> Leia mais &raquo;<\/a><\/p>\n","protected":false},"author":20,"featured_media":0,"comment_status":"closed","ping_status":"open","sticky":false,"template":"","format":"standard","meta":{"site-sidebar-layout":"default","site-content-layout":"default","ast-global-header-display":"","ast-banner-title-visibility":"","ast-main-header-display":"","ast-hfb-above-header-display":"","ast-hfb-below-header-display":"","ast-hfb-mobile-header-display":"","site-post-title":"","ast-breadcrumbs-content":"","ast-featured-img":"","footer-sml-layout":"","theme-transparent-header-meta":"","adv-header-id-meta":"","stick-header-meta":"","header-above-stick-meta":"","header-main-stick-meta":"","header-below-stick-meta":""},"categories":[758],"tags":[],"acf":[],"_links":{"self":[{"href":"https:\/\/www.cnbb.org.br\/cnbb-app\/wp\/v2\/posts\/7461"}],"collection":[{"href":"https:\/\/www.cnbb.org.br\/cnbb-app\/wp\/v2\/posts"}],"about":[{"href":"https:\/\/www.cnbb.org.br\/cnbb-app\/wp\/v2\/types\/post"}],"author":[{"embeddable":true,"href":"https:\/\/www.cnbb.org.br\/cnbb-app\/wp\/v2\/users\/20"}],"replies":[{"embeddable":true,"href":"https:\/\/www.cnbb.org.br\/cnbb-app\/wp\/v2\/comments?post=7461"}],"version-history":[{"count":0,"href":"https:\/\/www.cnbb.org.br\/cnbb-app\/wp\/v2\/posts\/7461\/revisions"}],"wp:attachment":[{"href":"https:\/\/www.cnbb.org.br\/cnbb-app\/wp\/v2\/media?parent=7461"}],"wp:term":[{"taxonomy":"category","embeddable":true,"href":"https:\/\/www.cnbb.org.br\/cnbb-app\/wp\/v2\/categories?post=7461"},{"taxonomy":"post_tag","embeddable":true,"href":"https:\/\/www.cnbb.org.br\/cnbb-app\/wp\/v2\/tags?post=7461"}],"curies":[{"name":"wp","href":"https:\/\/api.w.org\/{rel}","templated":true}]}}