{"id":7466,"date":"2017-08-11T00:00:00","date_gmt":"2017-08-11T03:00:00","guid":{"rendered":"https:\/\/www.cnbb.org.br\/missao-haiti-parte-4\/"},"modified":"2017-08-11T00:00:00","modified_gmt":"2017-08-11T03:00:00","slug":"missao-haiti-parte-4","status":"publish","type":"post","link":"https:\/\/www.cnbb.org.br\/missao-haiti-parte-4\/","title":{"rendered":"Miss\u00e3o Haiti (Parte 4)"},"content":{"rendered":"<p style=\"text-align: right;\"><strong>Dom Gil Ant\u00f4nio Moreira<\/strong><br \/>\n<strong>Arcebispo de Juiz de Fora<\/strong><\/p>\n<p style=\"text-align: justify;\"><strong>\u00a0<\/strong><\/p>\n<p style=\"text-align: justify;\">Apesar de tudo, vi muitas coisas boas no Haiti. Vi um povo amoroso com os que lhes d\u00e3o aten\u00e7\u00e3o, muita gente trabalhadora que cr\u00ea na for\u00e7a do bem e no poder de Deus. Vi muita express\u00e3o de f\u00e9 genu\u00edna, gestos de grande amor ao pr\u00f3ximo, de alegria no servir. Vi um edificante respeito pelas coisas sagradas, como o cuidado de vestir a melhor roupa, apresentar-se limpo, bem penteado ao ir para as celebra\u00e7\u00f5es, sejam na Igreja, sejam ao relento. Tal respeito se v\u00ea no sil\u00eancio dentro dos templos, na posi\u00e7\u00e3o de venera\u00e7\u00e3o ao entrarem as equipes de celebra\u00e7\u00e3o no recinto, na prepara\u00e7\u00e3o dos cantos \u2013 \u00e0s vezes a duas, tr\u00eas ou quatro vozes &#8211; nos instrumentos de percuss\u00e3o sem exageros e nem excessos, na delicadeza ao estender as m\u00e3os para receber a Sagrada Comunh\u00e3o, e, por fim, nas dan\u00e7as inocentes ap\u00f3s certas celebra\u00e7\u00f5es festivas.<\/p>\n<p style=\"text-align: justify;\">Apesar de lixo e esgoto a c\u00e9u aberto em muitas ruas, n\u00e3o vi muita gente que aparentasse descuido com a higiene do corpo. Apesar do calor de 37\u00ba, n\u00e3o vi nenhuma mulher com roupa muito curta, nem de shorts, nem de bermuda, nem com vestido decotado, nem com o ventre descoberto, nem descal\u00e7a. N\u00e3o vi nenhum homem de camiseta cavada, nem de bermuda que n\u00e3o fosse bem abaixo dos joelhos, ningu\u00e9m fumando nas ruas. Um colega me disse que, depois de muito observar, encontrou uma ou outra pessoa que se apresentava com cigarros em p\u00fablico.<\/p>\n<p style=\"text-align: justify;\">Vi muitas obras de caridade e de promo\u00e7\u00e3o humana dirigidas por religiosos vindos de v\u00e1rias partes do mundo, vivendo na alegria de servir, se misturando ao povo simples, vivendo com a mesma simplicidade daquela boa gente. Vi radicalidade neste particular, como os jovens da Miss\u00e3o Bel\u00e9m, brasileiros ali presentes desde o terremoto de 2010, que moram em casas semelhantes \u00e0s dos pobres mais pobres, ou seja, em barracos feitos de material recicl\u00e1vel, cobertos de lona de pl\u00e1stico, dormindo no ch\u00e3o, usando banheiros prec\u00e1rios. Move-os a radicalidade do evangelho, a imagem de Cristo que, um dia, disse: \u201cAs raposas t\u00eam suas tocas e as aves do c\u00e9u t\u00eam seus ninhos, mas o Filho do homem n\u00e3o tem onde repousar a cabe\u00e7a\u201d (Mt 8,20). Vivem o despojamento total para serem solid\u00e1rios em tudo ao irm\u00e3o que sofre.<\/p>\n<p style=\"text-align: justify;\">Vi os Frades da \u201cAssocia\u00e7\u00e3o e Fraternidade de S\u00e3o Francisco na Provid\u00eancia de Deus\u201d &#8211; obra brasileira nascida em S\u00e3o Jos\u00e9 do Rio Preto -SP em 1987 &#8211; se desdobrarem em servi\u00e7os, da manh\u00e3 \u00e0 noite, para atender, gratuitamente, pessoas desnutridas, gestantes, gente com problemas dent\u00e1rios, aid\u00e9ticos, doentes de todo o tipo; e faziam isto com tanta naturalidade, satisfa\u00e7\u00e3o e esp\u00edrito religioso que n\u00e3o pareciam estar trabalhando, mas apenas cuidando de pessoas de sua fam\u00edlia. Vi-os rezando com muita profundidade, celebrando a Eucaristia dentro de um container transformado em capela, desfiando as contas do Ros\u00e1rio com grande devo\u00e7\u00e3o, sozinhos ou com jovens ou com o povo em geral, andando pelo p\u00e1tio da Fraternidade. Vi que vivem em habita\u00e7\u00f5es muito simples, como a maioria do povo haitiano vive, acolhem centenas de crian\u00e7as todos os dias para a nutri\u00e7\u00e3o de manh\u00e3 e \u00e0 tarde, visitam casas, ensinam como tratar a \u00e1gua para beber, uma vez que toda a \u00e1gua no Haiti \u00e9 contaminada. Aqueles tr\u00eas franciscanos, sempre revestidos de seu h\u00e1bito marrom, jovens, com forma\u00e7\u00e3o universit\u00e1ria, eram para mim a realiza\u00e7\u00e3o bem-acabada da palavra de Cristo: \u201cTudo o que fizerdes ao menor dos meus irm\u00e3os \u00e9 a mim que estareis fazendo\u201d (Mt 25, 40).<\/p>\n<p style=\"text-align: justify;\">Apesar da desola\u00e7\u00e3o de ver a antiga catedral em ru\u00ednas resultantes do terremoto de 2010, vi muita gente de nossa religi\u00e3o e de outras, orando, confiantemente, todos os dias e em todas as horas, ao redor do grande crucifixo que ficou intacto no meio de centenas de pr\u00e9dios que foram destru\u00eddos por aquele sismo, e vi outras pessoas, em cont\u00ednua ora\u00e7\u00e3o, diante da gruta de Nossa Senhora de Lourdes que tamb\u00e9m n\u00e3o sofreu danos, bem em frente ao local onde Dra. Zilda Arns faleceu.<\/p>\n<p style=\"text-align: justify;\">Vi sinais de organiza\u00e7\u00f5es n\u00e3o governamentais que estiveram por l\u00e1 para socorrer a popula\u00e7\u00e3o ap\u00f3s o terremoto de 2010 e depois do furac\u00e3o de 4 de outubro de 2016 e que j\u00e1 foram embora, e outras ONGs que continuam l\u00e1 dando assist\u00eancia e amparo aos dizimados.<\/p>\n<p style=\"text-align: justify;\">Vi uma natureza muito bonita, sobretudo nas montanhas, fazendo jus ao nome do Pa\u00eds, pois o voc\u00e1bulo \u201cHaiti\u201d significa, em l\u00edngua ind\u00edgena, \u201caltas-montanhas\u201d.<\/p>\n<p style=\"text-align: justify;\">Vi afinal, um grande apelo de Deus em meu cora\u00e7\u00e3o e nos olhos de todos os que comigo foram em miss\u00e3o, para que fa\u00e7amos o que pudermos, a fim de minimizar o estado de pobreza e m\u00e1s condi\u00e7\u00f5es de vida dos que l\u00e1 vivem, pois s\u00e3o nossos irm\u00e3os.<\/p>\n<p>&nbsp;<\/p>\n<p>&nbsp;<\/p>\n","protected":false},"excerpt":{"rendered":"<p>Dom Gil Ant\u00f4nio Moreira Arcebispo de Juiz de Fora \u00a0 Apesar de tudo, vi muitas coisas boas no Haiti. Vi um povo amoroso com os que lhes d\u00e3o aten\u00e7\u00e3o, muita gente trabalhadora que cr\u00ea na for\u00e7a do bem e no poder de Deus. Vi muita express\u00e3o de f\u00e9 genu\u00edna, gestos de grande amor ao pr\u00f3ximo, &hellip;<\/p>\n<p class=\"read-more\"> <a class=\"\" href=\"https:\/\/www.cnbb.org.br\/missao-haiti-parte-4\/\"> <span class=\"screen-reader-text\">Miss\u00e3o Haiti (Parte 4)<\/span> Leia mais &raquo;<\/a><\/p>\n","protected":false},"author":12,"featured_media":0,"comment_status":"closed","ping_status":"open","sticky":false,"template":"","format":"standard","meta":{"site-sidebar-layout":"default","site-content-layout":"default","ast-global-header-display":"","ast-banner-title-visibility":"","ast-main-header-display":"","ast-hfb-above-header-display":"","ast-hfb-below-header-display":"","ast-hfb-mobile-header-display":"","site-post-title":"","ast-breadcrumbs-content":"","ast-featured-img":"","footer-sml-layout":"","theme-transparent-header-meta":"","adv-header-id-meta":"","stick-header-meta":"","header-above-stick-meta":"","header-main-stick-meta":"","header-below-stick-meta":""},"categories":[758],"tags":[],"acf":[],"_links":{"self":[{"href":"https:\/\/www.cnbb.org.br\/cnbb-app\/wp\/v2\/posts\/7466"}],"collection":[{"href":"https:\/\/www.cnbb.org.br\/cnbb-app\/wp\/v2\/posts"}],"about":[{"href":"https:\/\/www.cnbb.org.br\/cnbb-app\/wp\/v2\/types\/post"}],"author":[{"embeddable":true,"href":"https:\/\/www.cnbb.org.br\/cnbb-app\/wp\/v2\/users\/12"}],"replies":[{"embeddable":true,"href":"https:\/\/www.cnbb.org.br\/cnbb-app\/wp\/v2\/comments?post=7466"}],"version-history":[{"count":0,"href":"https:\/\/www.cnbb.org.br\/cnbb-app\/wp\/v2\/posts\/7466\/revisions"}],"wp:attachment":[{"href":"https:\/\/www.cnbb.org.br\/cnbb-app\/wp\/v2\/media?parent=7466"}],"wp:term":[{"taxonomy":"category","embeddable":true,"href":"https:\/\/www.cnbb.org.br\/cnbb-app\/wp\/v2\/categories?post=7466"},{"taxonomy":"post_tag","embeddable":true,"href":"https:\/\/www.cnbb.org.br\/cnbb-app\/wp\/v2\/tags?post=7466"}],"curies":[{"name":"wp","href":"https:\/\/api.w.org\/{rel}","templated":true}]}}